{"id":184857,"date":"2025-06-18T03:08:28","date_gmt":"2025-06-18T03:08:28","guid":{"rendered":"https:\/\/www.europesays.com\/fr\/184857\/"},"modified":"2025-06-18T03:08:28","modified_gmt":"2025-06-18T03:08:28","slug":"31-evenements-pour-chanter-danser-et-kiffer-a-strasbourg","status":"publish","type":"post","link":"https:\/\/www.europesays.com\/fr\/184857\/","title":{"rendered":"31 \u00e9v\u00e9nements pour chanter, danser et kiffer \u00e0 Strasbourg"},"content":{"rendered":"<p><b>Solstice d\u2019\u00e9t\u00e9, plus courte nuit du calendrier\u2026 Et depuis 1982 en France, la F\u00eate de la musique. Le 21 juin tombe cette ann\u00e9e un samedi, et pour nos lendemains, c\u2019est tr\u00e8s <\/b><b>tr\u00e8s<\/b><b> bien. \u00c0 Strasbourg, la nuit s\u2019annonce aussi chaude que musicale, avec des propositions curieuses \u00e0 tous les coins de rue et terrasses de caf\u00e9. Si on ne pourra pas toutes les citer, voil\u00e0 un rapide tour d\u2019horizon pour t\u2019y retrouver.<\/b><\/p>\n<p>Commen\u00e7ons par les pr\u00e9sentations\u00a0: <b>la F\u00eate de la musique \u00e0 Strasbourg, c\u2019est quoi\u00a0?<\/b><\/p>\n<p>D\u00e9j\u00e0\u00a0:<a href=\"https:\/\/pokaa.fr\/2025\/06\/16\/concerts-trams-et-after-strasbourg-devoile-son-programme-pour-la-fete-de-la-musique-2025\/\" target=\"_blank\" rel=\"noopener\"> <b>une programmation officielle <\/b><\/a>de la Ville r\u00e9partie en <b>\u00ab\u00a0sc\u00e8nes d\u00e9couvertes\u00a0\u00bb<\/b> et<b> \u00ab\u00a0sc\u00e8nes partenaires\u00a0\u00bb<\/b>. Ensuite\u00a0: <b>des initiatives individuelles<\/b>. Des concerts et DJ sets improvis\u00e9s entre deux portes ou sur la terrasse de ton bar pr\u00e9f\u00e9r\u00e9.<\/p>\n<p>Un joyeux bordel aux odeurs de merguez, barbes \u00e0 papa et bonbecs vendus \u00e0 la vol\u00e9e, dans un sacr\u00e9 brouhaha m\u00ealant coups de c\u0153ur inattendus et reprises pas toujours ma\u00eetris\u00e9es. Un peu perdu(e) ? On te r\u00e9sume tout \u00e7a juste l\u00e0.<\/p>\n<p>                <img width=\"750\" height=\"500\" src=\"https:\/\/www.europesays.com\/fr\/wp-content\/uploads\/2025\/06\/fete-musique-2024-wilfried-rion-68-750x500.jpg\" class=\"attachment-gallery size-gallery\" alt=\"Danse pluie \u00a9Wilfried RION\" data-full-url=\"https:\/\/pokaa.fr\/wp-content\/uploads\/2024\/06\/22\/fete-musique-2024-wilfried-rion-68.jpg\" decoding=\"async\" loading=\"lazy\"  \/>            <\/p>\n<p>                <img width=\"750\" height=\"500\" src=\"https:\/\/www.europesays.com\/fr\/wp-content\/uploads\/2025\/06\/fete-musique-2024-wilfried-rion-5-750x500.jpg\" class=\"attachment-gallery size-gallery\" alt=\"Barba papa \u00a9Wilfried RION\" data-full-url=\"https:\/\/pokaa.fr\/wp-content\/uploads\/2024\/06\/22\/fete-musique-2024-wilfried-rion-5.jpg\" decoding=\"async\" loading=\"lazy\"  \/>            <\/p>\n<p>                    F\u00eate de la musique 2024. \u00a9 Wilfried Rion \/ Pokaa<\/p>\n<p>    <img width=\"800\" height=\"533\" src=\"https:\/\/www.europesays.com\/fr\/wp-content\/uploads\/2025\/06\/fete-musique-2024-wilfried-rion-70-800x533.jpg\" class=\"attachment-image-size-L size-image-size-L\" alt=\"Musique Orchestre \u00a9Wilfried RION\" decoding=\"async\" loading=\"lazy\"  \/>         F\u00eate de la musique 2024. \u00a9 Wilfried Rion \/ Pokaa <\/p>\n<p>D\u2019ailleurs, si le 21 juin, tu es vraiment perdu(e), note-toi d\u00e9j\u00e0 ces<b> deux \u00ab\u00a0safe zone\u00a0\u00bb<\/b>\u00a0: la <b>place d\u2019Austerlitz<\/b> et la <b>p<\/b><strong><b>lace<\/b><\/strong><strong> Saint-\u00c9tienne<\/strong><strong>. <\/strong>Un dispositif de pr\u00e9vention et de lutte contre les violences sexistes et sexuelles, en partenariat avec <b>des associations locales<\/b> (DBSP Stop au Sexisme, Ru\u2019elles 67, le Planning familial 67, Ithaque et Entraid Addict). Des points de chute, <b>\u00e0 la fois lieux d\u2019information, zones de r\u00e9pit et d\u2019orientation.<\/b><\/p>\n<p>Maintenant : place \u00e0 la programmation !<\/p>\n<p>Centre-ville et Petite France<\/p>\n<p><b>Parmi les sc\u00e8nes d\u00e9couvertes de la Ville\u00a0: la place Kl\u00e9ber<\/b>, \u00e9videmment. D\u00e8s 19h, on y entendra Peter Later (power pop), LOBA (pop folk), Vedette (indie pop), Volta (chorale dynamique), Groove Island (soul funk), H\u0101tome (rock rap) et le duo Macrowave (electro rock).<\/p>\n<p>La <b>place Gutenberg <\/b>accueillera, elle, Renz (folk), Agrimia (musique cr\u00e9toise), Blune (funk, groove, indie), Outed (pop fran\u00e7aise), Wicked Waste (rock), CL4VE (rap accord\u00e9on) et La Touche fran\u00e7aise (disco folk). Du c\u00f4t\u00e9 de la<b> place Saint-Thomas<\/b>, on tente le grand \u00e9cart avec du metal progressif, des chorales, du jazz et du gospel.<\/p>\n<p>                <img width=\"750\" height=\"500\" src=\"https:\/\/www.europesays.com\/fr\/wp-content\/uploads\/2025\/06\/fete-musique-2024-wilfried-rion-22-750x500.jpg\" class=\"attachment-gallery size-gallery\" alt=\"Foule musique \u00a9Wilfried RION\" data-full-url=\"https:\/\/pokaa.fr\/wp-content\/uploads\/2024\/06\/22\/fete-musique-2024-wilfried-rion-22.jpg\" decoding=\"async\" loading=\"lazy\"  \/>            <\/p>\n<p>                <img width=\"750\" height=\"500\" src=\"https:\/\/www.europesays.com\/fr\/wp-content\/uploads\/2025\/06\/fete-musique-2024-wilfried-rion-34-750x500.jpg\" class=\"attachment-gallery size-gallery\" alt=\"Foule \u00a9Wilfried RION\" data-full-url=\"https:\/\/pokaa.fr\/wp-content\/uploads\/2024\/06\/22\/fete-musique-2024-wilfried-rion-34.jpg\" decoding=\"async\" loading=\"lazy\"  \/>            <\/p>\n<p>                    \u00a9 Wilfried Rion \/ Pokaa<\/p>\n<p>    <img width=\"800\" height=\"533\" src=\"https:\/\/www.europesays.com\/fr\/wp-content\/uploads\/2025\/06\/fete-musique-2024-wilfried-rion-25-800x533.jpg\" class=\"attachment-image-size-L size-image-size-L\" alt=\"Foule \u00a9Wilfried RION\" decoding=\"async\" loading=\"lazy\"  \/>         F\u00eate de la musique 2024. \u00a9 Wilfried Rion \/ Pokaa <\/p>\n<p>Quant <b>aux sc\u00e8nes partenaires<\/b>,<a href=\"https:\/\/fb.me\/e\/IQUmRXIuq\" target=\"_blank\" rel=\"noopener\"> <b>Carbone 14<\/b> <\/a>reprendra ses quartiers pour la troisi\u00e8me fois sur la place <b>Saint-\u00c9tienne<\/b> d\u00e8s 19h, pour une vibe house \/ techhouse.<\/p>\n<p><b>La cath\u00e9drale invite, elle, Holy Glorious Cross ;<\/b>\u00a0la <strong>p<b>lace du March\u00e9 Gayot<\/b><\/strong><strong>,<\/strong><b> Archolepsy<\/b>, Idiome et The Marmor, et la <b>p<\/b><strong><b>lace de l\u2019\u00c9tal, le collectif <\/b><\/strong><b>Subtronic<\/b>.<\/p>\n<p>Si on se rapproche de la Petite France : on retrouvera la <b>radio<\/b> <b>RBS, r<\/b><strong>ue Sainte-Barbe<\/strong><strong>,<\/strong> et les collectifs <strong><b>Ignorance <\/b><\/strong><strong>et <\/strong><strong><b>31 hertz<\/b><\/strong> <strong><b>sur la <\/b><\/strong><b>p<\/b><strong><b>lace<\/b><\/strong><strong> Grimmeissen<\/strong>. Quant \u00e0 <a href=\"https:\/\/fb.me\/e\/34Zv5PiO5\" target=\"_blank\" rel=\"noopener\"><b>Merci beaucoup<\/b><\/a>, il reprend possession comme l\u2019an pass\u00e9 du <strong>square Louise-Weiss<\/strong><strong>, et ce, <\/strong>d\u00e8s 16h avec Aneka, BIM, Datis, Kleo et Perruche.<\/p>\n<p>    <img width=\"800\" height=\"533\" src=\"https:\/\/www.europesays.com\/fr\/wp-content\/uploads\/2025\/06\/fete-musique-2024-wilfried-rion-67-800x533.jpg\" class=\"attachment-image-size-L size-image-size-L\" alt=\"Danse Pluie \u00a9Wilfried RION\" decoding=\"async\" loading=\"lazy\"  \/>         \u00a9 Wilfried Rion \/ Pokaa <\/p>\n<p>Apr\u00e8s les officielles, citons quelques officieuses. <b>Place Saint-Pierre-le-Jeune, on retrouvera <a href=\"https:\/\/fb.me\/e\/8J8nCW3Hp\" target=\"_blank\" rel=\"noopener\">Park\u2019n\u2019Sound <\/a><\/b>pour des sets house, electro, afro, disco, etc.<\/p>\n<p>Et en descendant la Grand\u2019Rue\u00a0: <a href=\"https:\/\/fb.me\/e\/akq3gD0Ug\" target=\"_blank\" rel=\"noopener\"><b>La Finca qui rejoint l\u2019Artichaut<\/b><\/a> d\u00e8s 19h, pour faire fondre les c\u0153urs, au rythme d\u2019APU, Badray, Iyass, Mydryaz et Seliph (pour un vibe house, trance, afro house et arab electro).<\/p>\n<p>                <img width=\"750\" height=\"500\" src=\"https:\/\/www.europesays.com\/fr\/wp-content\/uploads\/2025\/06\/fete-musique-2024-wilfried-rion-62-750x500.jpg\" class=\"attachment-gallery size-gallery\" alt=\"Danse musique \u00a9Wilfried RION\" data-full-url=\"https:\/\/pokaa.fr\/wp-content\/uploads\/2024\/06\/22\/fete-musique-2024-wilfried-rion-62.jpg\" decoding=\"async\" loading=\"lazy\"  \/>            <\/p>\n<p>                <img width=\"750\" height=\"500\" src=\"https:\/\/www.europesays.com\/fr\/wp-content\/uploads\/2025\/06\/fete-musique-2024-wilfried-rion-17-750x500.jpg\" class=\"attachment-gallery size-gallery\" alt=\"Festif \u00a9Wilfried RION\" data-full-url=\"https:\/\/pokaa.fr\/wp-content\/uploads\/2024\/06\/22\/fete-musique-2024-wilfried-rion-17.jpg\" decoding=\"async\" loading=\"lazy\"  \/>            <\/p>\n<p>                    \u00a9 Wilfried Rion \/ Pokaa<\/p>\n<p>Chez les voisins de la rue des Aveugles, ce sera \u00ab\u00a0trois teams, un bar ext\u00e9rieur commun, z\u00e9ro fronti\u00e8re, 100% vibes\u00a0\u00bb entre<a href=\"https:\/\/www.instagram.com\/p\/DKzCczDs2WG\/?utm_source=ig_web_copy_link&amp;igsh=dmZlYnRxMWpmaTF2\" target=\"_blank\" rel=\"noopener\"><b> l\u2019Aedaen, Le Carton et l\u2019Hacienda Bernadette<\/b><\/a>. Aux platines, un r\u00e9gulier du Carton\u00a0: <b>PRBN<\/b>, qui viendra accompagn\u00e9 pour l\u2019occasion.<\/p>\n<p>Krutenau<\/p>\n<p>On quitte le centre, et on d\u00e9cale <b>vers la Krutenau<\/b>. Quartier anim\u00e9 \u00e0 l\u2019ann\u00e9e, cette derni\u00e8re sera \u00e9videmment de la party, samedi.<\/p>\n<p>On y d\u00e9marrera le parcours \u00e0 la Manufacture des Tabacs. Car fait rare : <b><a href=\"https:\/\/fb.me\/e\/81Omyg8lp\" target=\"_blank\" rel=\"noopener\">Contre-temps y posera un son le 21 juin<\/a>, alors qu\u2019il est en plein dans son festival<\/b>. De 18h \u00e0 minuit, en collab\u2019 avec <b>The People Hostel<\/b>, il aligne \u2013 entre autres \u2013 James Djinn, Just Yasmine et Analg3sia aux platines. Et convie Mallaika Horizonte, un trio br\u00e9silien.<\/p>\n<p>                <img width=\"901\" height=\"500\" src=\"https:\/\/www.europesays.com\/fr\/wp-content\/uploads\/2025\/06\/pokaa10ans-31-901x500.png\" class=\"attachment-gallery size-gallery\" alt=\"10 ans Pokaa \u00e9v\u00e9nement anniversaire\" data-full-url=\"https:\/\/pokaa.fr\/wp-content\/uploads\/2024\/09\/30\/pokaa10ans-31.png\" decoding=\"async\" loading=\"lazy\"  \/>            <\/p>\n<p>                <img width=\"899\" height=\"500\" src=\"https:\/\/www.europesays.com\/fr\/wp-content\/uploads\/2025\/06\/yend-manon-jensen-pokaa-25-09-24-15-899x500.png\" class=\"attachment-gallery size-gallery\" alt=\"10 ans Pokaa \u00e9v\u00e9nement anniversaire Yend\" data-full-url=\"https:\/\/pokaa.fr\/wp-content\/uploads\/2024\/09\/30\/yend-manon-jensen-pokaa-25-09-24-15.png\" decoding=\"async\" loading=\"lazy\"  \/>            <\/p>\n<p>                    La Manufacture des Tabacs (aux 10 ans de Pokaa). \u00a9 Manon Jensen \/ Pokaa<\/p>\n<p>Non loin de l\u00e0, une autre sc\u00e8ne partenaire : la <b>place de Zurich<\/b>, o\u00f9 <b>Street Bouche pr\u00e9voit de mettre du <a href=\"https:\/\/fb.me\/e\/4hDrjQhUy\" target=\"_blank\" rel=\"noopener\">\u00ab\u00a0Tchin Tchin Boom Boom\u00a0\u00bb<\/a><\/b> <b>dans ta soir\u00e9e <\/b>. Une deuxi\u00e8me \u00e9dition d\u2019un \u00e9v\u00e9nement qui m\u00eale bonne bouffe et bonne ambiance. Au menu\u00a0: des tacos (et autres sp\u00e9cialit\u00e9s mexicaines), et des vins de neuf domaines alsaciens pour arroser \u00e7a. Et pour le son\u00a0: Frankie Numi (hip-hop), Wolves (afro-house) et Go Terence (baile funk, jersey club et trap).<\/p>\n<p>Pour les officieuses du quartier :<b> <\/b>on pense <b><a href=\"https:\/\/fb.me\/e\/5KyOVpbEf\" target=\"_blank\" rel=\"noopener\">aux Bains Municipaux<\/a>, o\u00f9 WIR<\/b> nous rincera \u00e0 partir de 18h30 avec deux sc\u00e8nes (techno et house).<\/p>\n<p>Ou pour terminer ta nuit, un dernier arr\u00eat au\u2026 <b>Terminal<\/b>. Le bar proposera <a href=\"https:\/\/fb.me\/e\/h8xdIrTGc\" target=\"_blank\" rel=\"noopener\"><b>\u00ab Skyline of Music \u00bb<\/b><\/a>. Un \u00e9v\u00e9nement en deux temps avec <b>11h de DJ sets<\/b> (de 18h \u00e0 5h) et sept guests (dont Alex Randal, Thug-L, Holoc\u00e8ne et MaxX MalloY).<\/p>\n<p>    <img width=\"400\" height=\"600\" src=\"https:\/\/www.europesays.com\/fr\/wp-content\/uploads\/2025\/06\/fdm-2023-wilfried-rion-pokaa-25-400x600.jpg\" class=\"attachment-image-size-M size-image-size-M\" alt=\"f\u00eate de la musique\" decoding=\"async\" loading=\"lazy\"  \/>         \u00a9 Wilfried Rion \/ Pokaa <\/p>\n<p>Presqu&rsquo;\u00eele Malraux<\/p>\n<p>Sur la presqu\u2019\u00eele Malraux, la f\u00eate commencera <b>d\u00e8s le vendredi \u00e0 la P\u00e9niche M\u00e9canique<\/b> qui tire l\u2019\u00e9v\u00e9nement en<a href=\"https:\/\/fb.me\/e\/52AoB9LEM\" target=\"_blank\" rel=\"noopener\"><b> deux soir\u00e9es en collab\u2019 avec le collectif Spectr<\/b><\/a>.<\/p>\n<p><b>Le vendredi, soir\u00e9e club<\/b> avec la DJ anglo-italienne Saint Ludo (UK), un live rap de Thanatehr, un b2b de Blanka et Lakaii et un closing hardgroove avec APU (La Finca). <b>Le samedi, open-air gratuit de 15h \u00e0 23h<\/b> avec des DJ sets (Na\u00e5la, Wolves\u2026) et des concerts avec Elj\u00e9 et Ben Laxton\u00a0;<b> suivi d\u2019un after <\/b>dans la P\u00e9niche avec le crew Spectr.<\/p>\n<p>    <img width=\"800\" height=\"533\" src=\"https:\/\/www.europesays.com\/fr\/wp-content\/uploads\/2025\/06\/240527-pka-pelpass-2024-27-800x533.jpg\" class=\"attachment-image-size-L size-image-size-L\" alt=\"Pelpass 2024 festival musique f\u00eate printemps artistes\" decoding=\"async\" loading=\"lazy\"  \/>         \u00a9 Adrien Labit \/ Pokaa <\/p>\n<p>\u00c0 peine plus loin, c\u2019est <a href=\"https:\/\/fb.me\/e\/3a5ntH9Vu\" target=\"_blank\" rel=\"noopener\"><b>Z\u00b7Est Radio et Longevity<\/b> <\/a>qui investissent<b> la passerelle Camille-Claudel<\/b> (devant le Shadok) d\u00e8s 18h. Une des sc\u00e8nes partenaires de la Ville, avec au programme : Zootroupe (une \u00e9mission radio en direct, sur la musique au cin\u00e9ma) et plusieurs DJ sets (avec Vigo, Hamza et Makar, Bjr Alex et Nass\u2026).<\/p>\n<p>Aux abords de la presqu\u2019\u00eele, cette fois :<a href=\"https:\/\/fb.me\/e\/5s2UFa0Hj\" target=\"_blank\" rel=\"noopener\"><b> le Blue Note Caf\u00e9<\/b> <\/a>qui pr\u00e9parera de 15h \u00e0 4h en ext\u00e9rieur <b>\u00ab\u00a0knacks, grillades et [\u2026] selecta groove\u00a0\u00bb<\/b> puis une soir\u00e9e clubbing en int\u00e9rieur.<\/p>\n<p>Et plus loin\u00a0?<\/p>\n<p>En dehors du centre-ville,<b> deux autres sc\u00e8nes officielles\u00a0: p<\/b><strong><b>lace Andr\u00e9-Maurois<\/b><\/strong><strong> \u00e0 Hautepierre avec<\/strong> <b>Les Sons d\u2019la rue<\/b>, et <b>\u00e0 la Meinau, r<\/b><strong><b>ue Schulmeister avec <\/b><\/strong><b>Calima<\/b>.<\/p>\n<p>Quant \u00e0 <b>l\u2019Or\u00e9e 85<\/b>, elle nous invite \u00e0 une dr\u00f4le de danse\u00a0:<a href=\"https:\/\/fb.me\/e\/3arR0S9Yu\" target=\"_blank\" rel=\"noopener\"> <b>\u00ab\u00a0La Ronde\u00a0\u00bb, pour les cinq ans du label Carpaccio Cathedrale<\/b><\/a>. \u00ab Pas la f\u00eate de la musique, la f\u00eate de celleux qui la dansent. \u00bb\u00a0Une affiche qui annonce <b>12h de danse non-stop<\/b> et<b> <\/b>\u00ab\u00a0un grand bal d\u2019endurance\u00a0\u00bb, avec 8 DJ, un live, et une compet\u2019 pour qui se chauffe avec des lots \u00e0 la clef. Le but\u00a0? \u00ab Ne pas s\u2019arr\u00eater. Tu tiens, parce que tu danses. Et tu danses, parce que tu tiens. \u00bb<\/p>\n<p>    <img width=\"800\" height=\"600\" src=\"https:\/\/www.europesays.com\/fr\/wp-content\/uploads\/2025\/06\/image00032-800x600.jpeg\" class=\"attachment-image-size-L size-image-size-L\" alt=\"Baptiste atelier la semencerie\" decoding=\"async\" loading=\"lazy\"  \/>         \u00a9 Bastien Pietronave \/ Pokaa <\/p>\n<p>Autre curiosit\u00e9\u2026 <a href=\"https:\/\/fb.me\/e\/4GV8xuibl\" target=\"_blank\" rel=\"noopener\"><strong>La<\/strong><b> Semencerie<\/b><\/a>, dans le quartier Gare, cette fois, et qui ouvrira ses portes d\u00e8s 18h, pour une soir\u00e9e qui plaira aux amateurs\/rices de <b>concerts<\/b>. L\u2019atelier le plus alternatif de Strasbourg s\u2019animera avec<b> une sc\u00e8ne ouverte \/ jam<\/b>, puis des lives de <b>Contremeute<\/b> (post-punk, contre-chanson art rock), <b>Badass P\u00e9tale<\/b> (\u00e9lectro-pop punk) et un DJ set par DJ rempla\u00e7ant (\u00ab\u00a0rien ne le remplace\u00a0\u00bb)\u00a0: \u00e7a promet.<\/p>\n<p>Et pour la blague, toujours derri\u00e8re la gare, notons <b>la boutade de La Grenze<\/b>\u2026 Si elle propose des concerts toute l\u2019ann\u00e9e, <b>pour la F\u00eate de la musique, elle y oppose <a href=\"https:\/\/fb.me\/e\/5CRnAggCA\" target=\"_blank\" rel=\"noopener\">\u00ab La Flemme de la Musique \u00bb<\/a><\/b>. Un contre-pied original pour y \u00ab\u00a0\u00e9chapper\u00a0\u00bb. De 17h \u00e0 minuit\u00a0? \u00ab\u00a0Ambiance pos\u00e9e, playlist de qualit\u00e9, [\u2026] <b>bouchons d\u2019oreille fournis pour rentrer sans stresser.<\/b> 100% Garanti sans concert de reprises de T\u00e9l\u00e9phone. \u00bb<\/p>\n<p>                <img width=\"667\" height=\"500\" src=\"https:\/\/www.europesays.com\/fr\/wp-content\/uploads\/2025\/06\/la-grenze17-francoisfreundlich-667x500.jpg\" class=\"attachment-gallery size-gallery\" alt=\"La Grenze\" data-full-url=\"https:\/\/pokaa.fr\/wp-content\/uploads\/2025\/04\/23\/la-grenze17-francoisfreundlich.jpg\" decoding=\"async\" loading=\"lazy\"  \/>            <\/p>\n<p>                <img width=\"752\" height=\"500\" src=\"https:\/\/www.europesays.com\/fr\/wp-content\/uploads\/2025\/06\/220719_pka_strasbourg_ete-1.jpg\" class=\"attachment-gallery size-gallery\" alt=\"Strasbourg \u00e9t\u00e9 la grenze bal trad\u2019 danse\" data-full-url=\"https:\/\/www.europesays.com\/fr\/wp-content\/uploads\/2025\/06\/220719_pka_strasbourg_ete-1.jpg\" decoding=\"async\" loading=\"lazy\"  \/>            <\/p>\n<p>                    La Grenze : 1. \u00a9 Fran\u00e7ois Freundlich \/ Document remis ; 2. \u00a9 Adrien Labit \/ Pokaa<\/p>\n<p>Quant<b> \u00e0 Schiltigheim<\/b>, on appr\u00e9cie l\u2019\u00e9dition \u00ab\u00a0100% f\u00e9minine\u00a0\u00bb de la <a href=\"https:\/\/fb.me\/e\/857MtOXZh\" target=\"_blank\" rel=\"noopener\">place de la Libert\u00e9<\/a>, avec <b>quatre DJ <\/b>de 17h \u00e0 minuit\u00a0: <b>Angel-K, ChupaVega, Justine Maze et Malicia Darkwave<\/b> (house, tech-house, techno, Drum\u2019n\u2019Bass).<\/p>\n<p>Les afters\u00a0: jusqu&rsquo;au petit matin ou au parc, le lendemain<\/p>\n<p>Et apr\u00e8s les douze coups de minuit\u00a0? Pour prolonger la soir\u00e9e, quoiqu\u2019en dise la bonne f\u00e9e, les Cendrillon pourront taper du pied<a href=\"https:\/\/fb.me\/e\/3qvDB7l44\" target=\"_blank\" rel=\"noopener\"><b> au Wagon Souk<\/b> (d\u00e8s 23h30 jusqu\u2019\u00e0 5h)\u00a0aux c\u00f4t\u00e9s du <b>collectif Seul Amour<\/b><\/a>.<\/p>\n<p>Tandis que les plus d\u00e9ter\u2019 iront<a href=\"https:\/\/fb.me\/e\/3lFs3f5rb\" target=\"_blank\" rel=\"noopener\"><b> au Kalt de 23h \u00e0 12h pour KROM<\/b><\/a> avec trois stages. Sur la sc\u00e8ne principale\u00a0: <b>R\u00f8dh\u00e5d <\/b>(Dystopian\/Berlin), <b>Caniche<\/b> (Push Network\/Berlin) et la team du KALT. Sur le second floor\u00a0: Kate (Contre-Temps, Z\u00b7est Radio) et le collectif Ordinaire\u00a0; et dans le Garden\u00a0: Medulla Oblongata (Tr\u00eave) de Nancy, Clarence Rise d\u2019Epinal et les Strasbourgeois Datis et Perruche (Merci Beaucoup).<\/p>\n<p>    <img width=\"800\" height=\"474\" src=\"https:\/\/www.europesays.com\/fr\/wp-content\/uploads\/2025\/06\/wagonsouk-92-800x474.png\" class=\"attachment-image-size-L size-image-size-L\" alt=\"Wagon Souk\" decoding=\"async\" loading=\"lazy\"  \/>         Le Wagon Souk. \u00a9 Manon Jensen \/ Pokaa <\/p>\n<p>Et si pour toi, un after, c\u2019est apr\u00e8s une bonne nuit de sommeil, <b>rendez-vous le dimanche 22 juin dans les parcs de Strasbourg<\/b>, et au soleil. \u00c0 celui des <b>Contades<\/b> de 17h \u00e0 19h30, berc\u00e9(e) par les <b>\u00ab\u00a0musiques traditionnelles d\u2019ici et d\u2019ailleurs\u00a0\u00bb<\/b> jou\u00e9es par l\u2019association Ballade, le Duo sympathique et la Compagnie Dounya (percussions africaines).<\/p>\n<p><b>\u00c0 la Citadelle<\/b> (de 16h \u00e0 18h) avec <b>Convergence Nature, un concert de la fanfare Kalory autour de la protection de la nature<\/b>. Et enfin, <b>au parc de l\u2019Orangerie <\/b>(\u00e0 l\u2019arri\u00e8re du Pavillon Jos\u00e9phine, de 17h \u00e0 18h) pour un \u00ab\u00a0<b>r\u00e9cital botanique<\/b>\u00a0\u00bb\u00a0: des \u00ab compositions musicales sur base de texte de description botanique de plantes, pour faire se rencontrer deux mondes \u00bb.<\/p>\n<p><strong>Sur ce\u00a0: enfile de bonnes baskets et profite de la F\u00eate\u00a0!<\/strong><\/p>\n<p>    <img width=\"800\" height=\"532\" src=\"https:\/\/www.europesays.com\/fr\/wp-content\/uploads\/2025\/06\/220719_pka_strasbourg_ete-25.jpg\" class=\"attachment-image-size-L size-image-size-L\" alt=\"Strasbourg \u00e9t\u00e9 chill concert contades\" decoding=\"async\" loading=\"lazy\"  \/>         \u00a9 Adrien Labit \/ Pokaa <\/p>\n<p>            F\u00eate de la musique \u00e0 Strasbourg<\/p>\n<p>            Quoi ? <\/p>\n<p>Concerts et DJ sets<\/p>\n<p>                Quand ?<\/p>\n<p>Samedi 21 juin jusqu\u2019\u00e0 minuit (+ \u00e9v\u00e9nements avant ou apr\u00e8s)<\/p>\n<p>            o\u00f9 ?<\/p>\n<p>Partout en France et \u00e0 Strasbourg<\/p>\n<p>                Plus d&rsquo;infos ?<\/p>\n<p><a href=\"https:\/\/ete.strasbourg.eu\/fete-de-la-musique\" target=\"_blank\" rel=\"noopener\">Programmation officielle et infos pour la F\u00eate de la musique \u00e0 Strasbourg<\/a><\/p>\n<p><script async src=\"\/\/www.instagram.com\/embed.js\"><\/script><\/p>\n","protected":false},"excerpt":{"rendered":"Solstice d\u2019\u00e9t\u00e9, plus courte nuit du calendrier\u2026 Et depuis 1982 en France, la F\u00eate de la musique. Le&hellip;\n","protected":false},"author":2,"featured_media":184858,"comment_status":"","ping_status":"","sticky":false,"template":"","format":"standard","meta":{"footnotes":""},"categories":[2820],"tags":[1111,11,4763,1697,12084,2883,1777,674,25885,1011,27,775,326,12,21919,3907,25,640,4064],"class_list":{"0":"post-184857","1":"post","2":"type-post","3":"status-publish","4":"format-standard","5":"has-post-thumbnail","7":"category-strasbourg","8":"tag-actu","9":"tag-actualites","10":"tag-agenda","11":"tag-concert","12":"tag-dj-set","13":"tag-ete","14":"tag-eu","15":"tag-europe","16":"tag-fete-de-la-musique","17":"tag-fr","18":"tag-france","19":"tag-grand-est","20":"tag-gratuit","21":"tag-news","22":"tag-ou-sortir","23":"tag-que-faire","24":"tag-republique-francaise","25":"tag-strasbourg","26":"tag-week-end"},"share_on_mastodon":{"url":"https:\/\/pubeurope.com\/@fr\/114702169801744244","error":""},"_links":{"self":[{"href":"https:\/\/www.europesays.com\/fr\/wp-json\/wp\/v2\/posts\/184857","targetHints":{"allow":["GET"]}}],"collection":[{"href":"https:\/\/www.europesays.com\/fr\/wp-json\/wp\/v2\/posts"}],"about":[{"href":"https:\/\/www.europesays.com\/fr\/wp-json\/wp\/v2\/types\/post"}],"author":[{"embeddable":true,"href":"https:\/\/www.europesays.com\/fr\/wp-json\/wp\/v2\/users\/2"}],"replies":[{"embeddable":true,"href":"https:\/\/www.europesays.com\/fr\/wp-json\/wp\/v2\/comments?post=184857"}],"version-history":[{"count":0,"href":"https:\/\/www.europesays.com\/fr\/wp-json\/wp\/v2\/posts\/184857\/revisions"}],"wp:featuredmedia":[{"embeddable":true,"href":"https:\/\/www.europesays.com\/fr\/wp-json\/wp\/v2\/media\/184858"}],"wp:attachment":[{"href":"https:\/\/www.europesays.com\/fr\/wp-json\/wp\/v2\/media?parent=184857"}],"wp:term":[{"taxonomy":"category","embeddable":true,"href":"https:\/\/www.europesays.com\/fr\/wp-json\/wp\/v2\/categories?post=184857"},{"taxonomy":"post_tag","embeddable":true,"href":"https:\/\/www.europesays.com\/fr\/wp-json\/wp\/v2\/tags?post=184857"}],"curies":[{"name":"wp","href":"https:\/\/api.w.org\/{rel}","templated":true}]}}