{"id":184859,"date":"2025-06-18T03:09:17","date_gmt":"2025-06-18T03:09:17","guid":{"rendered":"https:\/\/www.europesays.com\/fr\/184859\/"},"modified":"2025-06-18T03:09:17","modified_gmt":"2025-06-18T03:09:17","slug":"le-tribunal-administratif-de-strasbourg-valide-le-confinement-irreversible-des-dechets","status":"publish","type":"post","link":"https:\/\/www.europesays.com\/fr\/184859\/","title":{"rendered":"le tribunal administratif de Strasbourg valide le confinement irr\u00e9versible des d\u00e9chets"},"content":{"rendered":"<p itemprop=\"headline\" id=\"news_chapeau\">Plus de vingt ans apr\u00e8s la fin de son exploitation, le site de stockage souterrain de d\u00e9chets dangereux de Wittelsheim (Haut-Rhin) fait encore l&rsquo;objet d&rsquo;un contentieux ardu. Ce mardi 17 juin, la justice a confirm\u00e9 le confinement irr\u00e9versible des d\u00e9chets. <\/p>\n<p><a href=\"https:\/\/www.actu-environnement.com\/abonnement\/\" class=\"play-button\" rel=\"nofollow noopener\" target=\"_blank\"><img decoding=\"async\" src=\"https:\/\/www.europesays.com\/fr\/wp-content\/uploads\/2025\/06\/play-xxl.png\" alt=\"Play\" class=\"icon\"\/>Cet article est disponible en mode audio pour les abonn\u00e9s<\/a><br \/>\nCe mardi 17 juin 2025, le tribunal administratif de Strasbourg a rejet\u00e9 les requ\u00eates d&rsquo;associations environnementales  et autres \u00a0(1) s&rsquo;opposant au confinement irr\u00e9versible des d\u00e9chets dangereux contenus dans l&rsquo;ancienne mine de potasse de Wittelsheim (Haut-Rhin). <\/p>\n<p>La soci\u00e9t\u00e9 Stocamine\u00a0(2)  a stock\u00e9 plus de 40\u202f000 tonnes de d\u00e9chets dangereux (entre autres du mercure, de l&rsquo;arsenic, du chrome, de l&rsquo;antimoine ou du cyanure) pendant trois ans dans des cavit\u00e9s salines creus\u00e9es&#8230;<\/p>\n<p>Article publi\u00e9 le 17 juin 2025<\/p>\n","protected":false},"excerpt":{"rendered":"Plus de vingt ans apr\u00e8s la fin de son exploitation, le site de stockage souterrain de d\u00e9chets dangereux&hellip;\n","protected":false},"author":2,"featured_media":184860,"comment_status":"","ping_status":"","sticky":false,"template":"","format":"standard","meta":{"footnotes":""},"categories":[2820],"tags":[21806,14427,21809,21810,1111,21805,47,11,4763,2965,2813,21811,21807,21804,21808,21818,4858,51,893,436,18315,1777,674,1011,27,775,21813,21815,6417,12,6334,21812,1800,4048,21816,21814,3887,25,4510,17429,895,640,21817],"class_list":{"0":"post-184859","1":"post","2":"type-post","3":"status-publish","4":"format-standard","5":"has-post-thumbnail","7":"category-strasbourg","8":"tag-cologie","9":"tag-nergie","10":"tag-nergies-renouvelables","11":"tag-olien","12":"tag-actu","13":"tag-actualit","14":"tag-actualite","15":"tag-actualites","16":"tag-agenda","17":"tag-air","18":"tag-article","19":"tag-biomasse","20":"tag-dchet","21":"tag-dveloppement-durable","22":"tag-dechet","23":"tag-e-zine","24":"tag-eau","25":"tag-ecologie","26":"tag-energie","27":"tag-environnement","28":"tag-eolien","29":"tag-eu","30":"tag-europe","31":"tag-fr","32":"tag-france","33":"tag-grand-est","34":"tag-hse","35":"tag-hygine","36":"tag-information","37":"tag-news","38":"tag-newsletter","39":"tag-photovoltaique","40":"tag-pollution","41":"tag-presse","42":"tag-propret","43":"tag-qse","44":"tag-recyclage","45":"tag-republique-francaise","46":"tag-risque","47":"tag-sol","48":"tag-solaire","49":"tag-strasbourg","50":"tag-webzine"},"share_on_mastodon":{"url":"","error":"Validation failed: Text character limit of 500 exceeded"},"_links":{"self":[{"href":"https:\/\/www.europesays.com\/fr\/wp-json\/wp\/v2\/posts\/184859","targetHints":{"allow":["GET"]}}],"collection":[{"href":"https:\/\/www.europesays.com\/fr\/wp-json\/wp\/v2\/posts"}],"about":[{"href":"https:\/\/www.europesays.com\/fr\/wp-json\/wp\/v2\/types\/post"}],"author":[{"embeddable":true,"href":"https:\/\/www.europesays.com\/fr\/wp-json\/wp\/v2\/users\/2"}],"replies":[{"embeddable":true,"href":"https:\/\/www.europesays.com\/fr\/wp-json\/wp\/v2\/comments?post=184859"}],"version-history":[{"count":0,"href":"https:\/\/www.europesays.com\/fr\/wp-json\/wp\/v2\/posts\/184859\/revisions"}],"wp:featuredmedia":[{"embeddable":true,"href":"https:\/\/www.europesays.com\/fr\/wp-json\/wp\/v2\/media\/184860"}],"wp:attachment":[{"href":"https:\/\/www.europesays.com\/fr\/wp-json\/wp\/v2\/media?parent=184859"}],"wp:term":[{"taxonomy":"category","embeddable":true,"href":"https:\/\/www.europesays.com\/fr\/wp-json\/wp\/v2\/categories?post=184859"},{"taxonomy":"post_tag","embeddable":true,"href":"https:\/\/www.europesays.com\/fr\/wp-json\/wp\/v2\/tags?post=184859"}],"curies":[{"name":"wp","href":"https:\/\/api.w.org\/{rel}","templated":true}]}}