{"id":184865,"date":"2025-06-18T03:13:22","date_gmt":"2025-06-18T03:13:22","guid":{"rendered":"https:\/\/www.europesays.com\/fr\/184865\/"},"modified":"2025-06-18T03:13:22","modified_gmt":"2025-06-18T03:13:22","slug":"qui-est-luis-castro-le-nouvel-entraineur-des-jaune-et-vert","status":"publish","type":"post","link":"https:\/\/www.europesays.com\/fr\/184865\/","title":{"rendered":"qui est Luis Castro, le nouvel entra\u00eeneur des Jaune et Vert\u00a0?"},"content":{"rendered":"<p>            Par<br \/>\n        <strong><br \/>\n            <a href=\"https:\/\/actu.fr\/auteur\/thomas-bernard\" title=\"Consulter tous les articles de Thomas Bernard\" rel=\"nofollow noopener\" target=\"_blank\">Thomas Bernard<\/a><br \/>\n        <\/strong><\/p>\n<p>        Publi\u00e9 le<\/p>\n<p>            17 juin 2025 \u00e0 10h41        <\/p>\n<p>C\u2019\u00e9tait dans les cartons depuis plusieurs semaines, c\u2019est d\u00e9sormais officiel. Ce lundi 16\u00a0juin 2025, <a href=\"https:\/\/www.fcnantes.com\/articles\/article2809.php?num=47450\" rel=\"nofollow noopener\" target=\"_blank\"><strong>le FC Nantes<\/strong> a officialis\u00e9 la nomination de Luis Castro<\/a> comme<strong> nouvel entra\u00eeneur<\/strong> des Canaris. Le club pr\u00e9sid\u00e9 par<strong> Waldemar Kita<\/strong> aurait vers\u00e9 une indemnit\u00e9 de 750\u2009000\u00a0euros \u00e0 Dunkerque, selon <a href=\"https:\/\/www.ouest-france.fr\/sport\/football\/fc-nantes\/fc-nantes-cest-officiel-luis-castro-est-le-nouvel-entraineur-des-canaris-ad3ce5e6-4ad5-11f0-9d37-5ecd6f11d520\" rel=\"nofollow noopener\" target=\"_blank\">Ouest-France<\/a>.<\/p>\n<p class=\" wall-content\">Le technicien portugais de 45\u00a0ans succ\u00e8de \u00e0 <a href=\"https:\/\/actu.fr\/pays-de-la-loire\/nantes_44109\/fc-nantes-antoine-kombouare-n-est-plus-l-entraineur-des-canaris_62661184.html\" rel=\"nofollow noopener\" target=\"_blank\">Antoine Kombouar\u00e9<\/a>, remerci\u00e9 en fin de saison. Arriv\u00e9 en provenance de l\u2019USL Dunkerque (Ligue\u00a02), <strong>Luis Castro a paraph\u00e9 un contrat de deux ans<\/strong> (plus une ann\u00e9e en option) avec le club des bords de l\u2019Erdre.<\/p>\n<p>Portugal, Gr\u00e8ce, Ligue\u00a02<\/p>\n<p class=\" wall-content\">Le n\u00e9o-technicien nantais commence sa carri\u00e8re de coach en s\u2019occupant des \u00e9quipes de jeunes dans les ann\u00e9es 2000 au Vitoria Guimar\u00e3es (Portugal) ou \u00e0 Al-Nassr (Arabie-Saoudite).<\/p>\n<p class=\" wall-content\">En 2019, Luis Castro entra\u00eene sa premi\u00e8re \u00e9quipe senior en coachant le<strong> club grec du FC Panetolikos<\/strong>. Une exp\u00e9rience de courte dur\u00e9e (six matchs) puisque le Portugais rentre au pays pour entra\u00eener les \u00e9quipes jeunes de Benfica.<\/p>\n<p class=\" wall-content\">Avec le club lisbo\u00e8te, <strong>Castro remporte la <a href=\"https:\/\/actu.fr\/pays-de-la-loire\/nantes_44109\/youth-league-fc-nantes-une-affluence-record-a-la-beaujoire_60309070.html\" rel=\"nofollow noopener\" target=\"_blank\">Youth League<\/a><\/strong> (Ligue des champions pour les jeunes) en 2022. Au cours de son passage au Benfica, il forme plusieurs joueurs de renom \u00e0 l\u2019instar des actuels joueurs du PSG\u2009: Jo\u00e3o Neves et Gon\u00e7alo Ramos, <a href=\"https:\/\/actu.fr\/ile-de-france\/paris_75056\/irresistible-le-psg-remporte-la-premiere-ligue-des-champions-de-son-histoire-au-terme-d-une-finale-de-reve_62712076.html\" rel=\"nofollow noopener\" target=\"_blank\">r\u00e9cents vainqueurs de la Ligue des Champions avec le club de la capitale<\/a>.<\/p>\n<p>Vid\u00e9os : en ce moment sur Actu<br \/>\n    <a href=\"https:\/\/www.facebook.com\/plugins\/post.php?href=https%3A%2F%2Fwww.facebook.com%2Ffcnantes%2Fposts%2Fpfbid025q3nS3ib6S7wmMh5py9q9BhRz157CXxYh8WE7FoT1GgUGNYvxgb9DsCBeoefXrGgl&amp;show_text=true&amp;width=350\" title=\"Ouvrie le lien\" rel=\"nofollow noopener\" target=\"_blank\">Cliquez ici pour visualiser le contenu<\/a><\/p>\n<p class=\" wall-content\">Son \u00e2me de formateur a <strong>particuli\u00e8rement s\u00e9duit la direction du FC Nantes<\/strong>, d\u00e9sireuse de s\u2019appuyer sur les footballeurs form\u00e9s \u00e0 la Joneli\u00e8re.<\/p>\n<p class=\" wall-content\">C\u2019est gr\u00e2ce \u00e0 sa r\u00e9ussite \u00e0 Benfica que Luis Castro est rep\u00e9r\u00e9 par l\u2019USL Dunkerque, pensionnaire de Ligue\u00a02, o\u00f9 il signe \u00e0 l\u2019automne 2023.<\/p>\n<p class=\" wall-content\">Malgr\u00e9 des d\u00e9buts d\u00e9licats (cinq d\u00e9faites lors des six premiers matchs), Luis Castro parvient \u00e0 imposer sa patte \u00e0 maintenir ais\u00e9ment le club nordiste.<\/p>\n<p class=\" wall-content\">Pour sa deuxi\u00e8me saison \u00e0 la t\u00eate des Maritimes, l\u2019entra\u00eeneur lusitanien emm\u00e8ne son \u00e9quipe \u00e0 la 4e place de la saison r\u00e9guli\u00e8re (\u00e9limin\u00e9 en Play-offs par le FC Metz) et <strong>atteint le dernier carr\u00e9 de la Coupe de France<\/strong>, \u00e9limin\u00e9 par le PSG.<\/p>\n<p>\u00ab\u2009Lou\u00e9 pour son jeu offensif\u2009\u00bb<\/p>\n<p class=\" wall-content\">\u00ab\u2009Merci. Pour les \u00e9motions. Pour les victoires. Pour l\u2019exemple. Vous faites d\u00e9sormais partie de l\u2019histoire de l\u2019USL Dunkerque\u2009\u00bb, a remerci\u00e9 le club nordiste sur son <a href=\"https:\/\/www.usldunkerque.com\/luis-castro-batisseur-despoirs-et-de-reves-dunkerquois-merci\/\" rel=\"nofollow noopener\" target=\"_blank\">site officiel<\/a>.<\/p>\n<p class=\" wall-content\">\u00ab\u2009Lou\u00e9 pour son jeu offensif, ses qualit\u00e9s humaines mais aussi pour sa facult\u00e9 \u00e0 savoir int\u00e9grer les jeunes \u00e0 un groupe professionnel, Luis Castro officiera d\u00e9sormais au FC Nantes, et ce jusqu\u2019en juin\u00a02027\u2009\u00bb, d\u00e9taille le FCN dans son communiqu\u00e9.<\/p>\n<p class=\" wall-content\">L\u2019arriv\u00e9e de Luis Castre ouvre un nouveau cycle sur les bords de Loire, le tout <strong>dans un contexte de rigueur financi\u00e8re<\/strong> comme annonc\u00e9 par Waldemar Kita dans les colonnes de <a href=\"https:\/\/www.lequipe.fr\/Football\/Article\/-on-ne-peut-pas-se-permettre-de-ne-pas-etre-patient-waldemar-kita-et-la-nouvelle-philosophie-du-fc-nantes\/1569460\" rel=\"nofollow noopener\" target=\"_blank\">L\u2019\u00c9quipe<\/a>.<\/p>\n<p class=\" wall-content\">Le nouvel entra\u00eeneur des Canaris, sera accompagn\u00e9 de son <strong>adjoint Jos\u00e9 Costa<\/strong>. Le reste de son staff sera annonc\u00e9 dans les prochains jours. Luis Castro devrait \u00eatre officiellement pr\u00e9sent\u00e9 lors de la reprise du groupe professionnel.<\/p>\n<p class=\" wall-content\">Suivez toute l\u2019actualit\u00e9 de vos villes et m\u00e9dias favoris en vous inscrivant \u00e0 <a href=\"https:\/\/moncompte.actu.fr\" title=\"D\u00e9couvez Mon Actu\" rel=\"nofollow noopener\" data-trk=\"{&quot;cta&quot;:{&quot;action&quot;:&quot;https:\\\/\\\/moncompte.actu.fr&quot;,&quot;category&quot;:&quot;mon compte&quot;,&quot;from&quot;:&quot;article footer&quot;,&quot;name&quot;:&quot;Mon actu&quot;,&quot;type&quot;:&quot;cta&quot;}}\" target=\"_blank\">Mon Actu<\/a>.<\/p>\n","protected":false},"excerpt":{"rendered":"Par Thomas Bernard Publi\u00e9 le 17 juin 2025 \u00e0 10h41 C\u2019\u00e9tait dans les cartons depuis plusieurs semaines, c\u2019est&hellip;\n","protected":false},"author":2,"featured_media":184866,"comment_status":"","ping_status":"","sticky":false,"template":"","format":"standard","meta":{"footnotes":""},"categories":[2818],"tags":[1111,11,1777,674,462,63,1011,27,766,12,2636,25,60],"class_list":{"0":"post-184865","1":"post","2":"type-post","3":"status-publish","4":"format-standard","5":"has-post-thumbnail","7":"category-nantes","8":"tag-actu","9":"tag-actualites","10":"tag-eu","11":"tag-europe","12":"tag-fc-nantes","13":"tag-football","14":"tag-fr","15":"tag-france","16":"tag-nantes","17":"tag-news","18":"tag-pays-de-la-loire","19":"tag-republique-francaise","20":"tag-sports"},"share_on_mastodon":{"url":"https:\/\/pubeurope.com\/@fr\/114702188743481294","error":""},"_links":{"self":[{"href":"https:\/\/www.europesays.com\/fr\/wp-json\/wp\/v2\/posts\/184865","targetHints":{"allow":["GET"]}}],"collection":[{"href":"https:\/\/www.europesays.com\/fr\/wp-json\/wp\/v2\/posts"}],"about":[{"href":"https:\/\/www.europesays.com\/fr\/wp-json\/wp\/v2\/types\/post"}],"author":[{"embeddable":true,"href":"https:\/\/www.europesays.com\/fr\/wp-json\/wp\/v2\/users\/2"}],"replies":[{"embeddable":true,"href":"https:\/\/www.europesays.com\/fr\/wp-json\/wp\/v2\/comments?post=184865"}],"version-history":[{"count":0,"href":"https:\/\/www.europesays.com\/fr\/wp-json\/wp\/v2\/posts\/184865\/revisions"}],"wp:featuredmedia":[{"embeddable":true,"href":"https:\/\/www.europesays.com\/fr\/wp-json\/wp\/v2\/media\/184866"}],"wp:attachment":[{"href":"https:\/\/www.europesays.com\/fr\/wp-json\/wp\/v2\/media?parent=184865"}],"wp:term":[{"taxonomy":"category","embeddable":true,"href":"https:\/\/www.europesays.com\/fr\/wp-json\/wp\/v2\/categories?post=184865"},{"taxonomy":"post_tag","embeddable":true,"href":"https:\/\/www.europesays.com\/fr\/wp-json\/wp\/v2\/tags?post=184865"}],"curies":[{"name":"wp","href":"https:\/\/api.w.org\/{rel}","templated":true}]}}