{"id":184873,"date":"2025-06-18T03:17:11","date_gmt":"2025-06-18T03:17:11","guid":{"rendered":"https:\/\/www.europesays.com\/fr\/184873\/"},"modified":"2025-06-18T03:17:11","modified_gmt":"2025-06-18T03:17:11","slug":"meteo-toulouse-et-loccitanie-sous-le-beau-temps-et-la-chaleur-ce-mercredi","status":"publish","type":"post","link":"https:\/\/www.europesays.com\/fr\/184873\/","title":{"rendered":"M\u00e9t\u00e9o. Toulouse et l&rsquo;Occitanie sous le beau temps et la chaleur ce mercredi"},"content":{"rendered":"<p>            Par<br \/>\n        <strong><br \/>\n            <a href=\"https:\/\/actu.fr\/auteur\/lea-afonso\" title=\"Consulter tous les articles de L\u00e9a Afonso\" rel=\"nofollow noopener\" target=\"_blank\">L\u00e9a Afonso<\/a><br \/>\n        <\/strong><\/p>\n<p>        Publi\u00e9 le<\/p>\n<p>            18 juin 2025 \u00e0 5h04        <\/p>\n<p>On prend les m\u00eames et on recommence. Ce mercredi 18\u00a0juin, le temps sur <a href=\"https:\/\/actu.fr\/toulouse\/\" rel=\"nofollow noopener\" target=\"_blank\">Toulouse<\/a> et <a href=\"https:\/\/actu.fr\/occitanie\/\" rel=\"nofollow noopener\" target=\"_blank\">l\u2019Occitanie<\/a> est identique au d\u00e9but de semaine. Du<strong> beau temps et de la chaleur<\/strong> attendus. Voici les pr\u00e9visions de m\u00e9t\u00e9o France.<\/p>\n<p>Le temps est au beau fixe \u00e0 Toulouse<br \/>\n    <img   decoding=\"async\" loading=\"lazy\" src=\"https:\/\/www.europesays.com\/fr\/wp-content\/uploads\/2025\/06\/capture-decran-2025-06-17-133658-960x431.png\" alt=\"Un temps au beau fixe \u00e0 Toulouse ce mercredi 18 juin \" width=\"960\" height=\"431\"\/><br \/>\n    Un temps au beau fixe \u00e0 Toulouse ce mercredi 18\u00a0juin (\u00a9Capture d\u2019\u00e9cran m\u00e9t\u00e9o France)<\/p>\n<p class=\" wall-content\">D\u00e8s le d\u00e9but de la journ\u00e9e, il fera<strong> beau et chaud \u00e0 Toulouse<\/strong> avec des temp\u00e9ratures qui ne devraient pas descendre en dessous de 25\u00a0\u00b0C. <strong>Pour l\u2019apr\u00e8s-midi, pr\u00e9voyez 31\u00a0\u00b0C<\/strong>. Ce temps estival perdurera dans la soir\u00e9e et la nuit avec un mercure assez doux.<\/p>\n<p>L\u2019Occitanie baign\u00e9e par le soleil<br \/>\n    <img   decoding=\"async\" loading=\"lazy\" src=\"https:\/\/www.europesays.com\/fr\/wp-content\/uploads\/2025\/06\/capture-decran-2025-06-17-134552-960x640.png\" alt=\"Un temps estival sur toute l'Occitanie\" width=\"960\" height=\"640\"\/><br \/>\n    Un temps estival sur toute l\u2019Occitanie (\u00a9Capture d\u2019\u00e9cran m\u00e9t\u00e9o France)<\/p>\n<p class=\" wall-content\">C\u2019est sur toute l\u2019Occitanie que le soleil brille aujourd\u2019hui avec un temps identique dans chaque d\u00e9partement. Du soleil d\u00e8s son lever et des temp\u00e9ratures \u00e9lev\u00e9es.<\/p>\n<p>Vid\u00e9os : en ce moment sur Actu<\/p>\n<p class=\" wall-content\">En moyenne, comptez<strong> 25\u00a0\u00b0C le matin et 31\u00a0\u00b0C l\u2019apr\u00e8s-midi.<\/strong><\/p>\n<p class=\" wall-content\">Suivez toute l\u2019actualit\u00e9 de vos villes et m\u00e9dias favoris en vous inscrivant \u00e0 <a href=\"https:\/\/moncompte.actu.fr\" title=\"D\u00e9couvez Mon Actu\" rel=\"nofollow noopener\" data-trk=\"{&quot;cta&quot;:{&quot;action&quot;:&quot;https:\\\/\\\/moncompte.actu.fr&quot;,&quot;category&quot;:&quot;mon compte&quot;,&quot;from&quot;:&quot;article footer&quot;,&quot;name&quot;:&quot;Mon actu&quot;,&quot;type&quot;:&quot;cta&quot;}}\" target=\"_blank\">Mon Actu<\/a>.<\/p>\n","protected":false},"excerpt":{"rendered":"Par L\u00e9a Afonso Publi\u00e9 le 18 juin 2025 \u00e0 5h04 On prend les m\u00eames et on recommence. Ce&hellip;\n","protected":false},"author":2,"featured_media":184874,"comment_status":"","ping_status":"","sticky":false,"template":"","format":"standard","meta":{"footnotes":""},"categories":[2816],"tags":[1111,11,1777,674,1011,27,2487,2357,12,2680,25,2312],"class_list":{"0":"post-184873","1":"post","2":"type-post","3":"status-publish","4":"format-standard","5":"has-post-thumbnail","7":"category-toulouse","8":"tag-actu","9":"tag-actualites","10":"tag-eu","11":"tag-europe","12":"tag-fr","13":"tag-france","14":"tag-meteo","15":"tag-meteo-france","16":"tag-news","17":"tag-occitanie","18":"tag-republique-francaise","19":"tag-toulouse"},"share_on_mastodon":{"url":"https:\/\/pubeurope.com\/@fr\/114702204606119135","error":""},"_links":{"self":[{"href":"https:\/\/www.europesays.com\/fr\/wp-json\/wp\/v2\/posts\/184873","targetHints":{"allow":["GET"]}}],"collection":[{"href":"https:\/\/www.europesays.com\/fr\/wp-json\/wp\/v2\/posts"}],"about":[{"href":"https:\/\/www.europesays.com\/fr\/wp-json\/wp\/v2\/types\/post"}],"author":[{"embeddable":true,"href":"https:\/\/www.europesays.com\/fr\/wp-json\/wp\/v2\/users\/2"}],"replies":[{"embeddable":true,"href":"https:\/\/www.europesays.com\/fr\/wp-json\/wp\/v2\/comments?post=184873"}],"version-history":[{"count":0,"href":"https:\/\/www.europesays.com\/fr\/wp-json\/wp\/v2\/posts\/184873\/revisions"}],"wp:featuredmedia":[{"embeddable":true,"href":"https:\/\/www.europesays.com\/fr\/wp-json\/wp\/v2\/media\/184874"}],"wp:attachment":[{"href":"https:\/\/www.europesays.com\/fr\/wp-json\/wp\/v2\/media?parent=184873"}],"wp:term":[{"taxonomy":"category","embeddable":true,"href":"https:\/\/www.europesays.com\/fr\/wp-json\/wp\/v2\/categories?post=184873"},{"taxonomy":"post_tag","embeddable":true,"href":"https:\/\/www.europesays.com\/fr\/wp-json\/wp\/v2\/tags?post=184873"}],"curies":[{"name":"wp","href":"https:\/\/api.w.org\/{rel}","templated":true}]}}