{"id":184877,"date":"2025-06-18T03:20:21","date_gmt":"2025-06-18T03:20:21","guid":{"rendered":"https:\/\/www.europesays.com\/fr\/184877\/"},"modified":"2025-06-18T03:20:21","modified_gmt":"2025-06-18T03:20:21","slug":"incendie-devant-la-clinique-saint-barnabe-a-marseille-la-piste-volontaire-privilegiee","status":"publish","type":"post","link":"https:\/\/www.europesays.com\/fr\/184877\/","title":{"rendered":"Incendie devant la clinique Saint-Barnab\u00e9 \u00e0 Marseille : la piste volontaire privil\u00e9gi\u00e9e"},"content":{"rendered":"<p>Un incendie a d\u00e9truit une centaine de m\u00e8tres carr\u00e9s de v\u00e9g\u00e9tation lundi, \u00e0 proximit\u00e9 imm\u00e9diate de la <a href=\"https:\/\/www.laprovence.com\/article\/edition-marseille\/6197916\/hopital-prive-marseille-encore-un-avis-defavorable.html\" target=\"_blank\" rel=\"noopener\">clinique Saint-Barnab\u00e9<\/a> dans le 14e arrondissement de Marseille.<\/p>\n<p>Un feu qui selon des t\u00e9moins, ne devrait rien au hasard ou \u00e0 une quelconque maladresse, puisque de jeunes individus au comportement mena\u00e7ant se sont fait remarquer aux abords de la clinique vers 16\u00a0heures, peu avant qu\u2019un panache de fum\u00e9e ne s\u2019\u00e9l\u00e8ve au-dessus du <a href=\"https:\/\/www.laprovence.com\/actu\/en-direct\/6124016\/marseille-il-frappe-un-pretre-avec-une-boule-de-petanque.html\" target=\"_blank\" rel=\"noopener\">chemin de Fontainieu<\/a>.<\/p>\n<p>Le personnel de la clinique vis\u00e9 par des projectiles<\/p>\n<p>Plusieurs individus se seraient en effet approch\u00e9s de l\u2019entr\u00e9e de l\u2019\u00e9tablissement de sant\u00e9 en jetant des projectiles en direction du <a href=\"https:\/\/www.laprovence.com\/article\/faits-divers-justice\/650700267146614\/agression-de-soignants-2-freres-condamnes-a-de-la-prison-ferme-pour-des-violences-aux-urgences-dannemasse\" target=\"_blank\" rel=\"noopener\">personnel<\/a>, disposant m\u00eame des pneus \u00e7\u00e0 et l\u00e0, avant que des fum\u00e9es ne s\u2019\u00e9l\u00e8vent, quelques minutes plus tard, dans les am\u00e9nagements paysagers qui ceinturent la clinique.<\/p>\n<p>Une enqu\u00eate en cours<\/p>\n<p>Ma\u00eetris\u00e9 par les marins-pompiers qui se sont rapidement d\u00e9p\u00each\u00e9s sur place, l\u2019incendie fait l\u2019objet d\u2019une enqu\u00eate de police.<\/p>\n<p>Pour rappel, l\u2019<a href=\"https:\/\/www.laprovence.com\/article\/region\/7004992226739314\/deux-gerants-condamnes-lourdement-pour-lincendie-volontaire-de-leur-creperie-rue-sainte-a-marseille\" target=\"_blank\" rel=\"noopener\">incendie volontaire<\/a> tel qu\u2019il est d\u00e9fini par l\u2019article\u00a0322-6 du Code p\u00e9nal, dispose que \u00ab\u00a0le fait de d\u00e9truire, d\u00e9grader ou d\u00e9t\u00e9riorer, par l\u2019effet d\u2019une substance explosive, d\u2019un incendie ou de tout autre moyen de nature \u00e0 cr\u00e9er un danger pour les personnes, un bien appartenant \u00e0 autrui est puni de dix ans d\u2019emprisonnement et de 150\u00a0000\u00a0euros d\u2019amende\u00a0\u00bb.<\/p>\n","protected":false},"excerpt":{"rendered":"Un incendie a d\u00e9truit une centaine de m\u00e8tres carr\u00e9s de v\u00e9g\u00e9tation lundi, \u00e0 proximit\u00e9 imm\u00e9diate de la clinique&hellip;\n","protected":false},"author":2,"featured_media":184878,"comment_status":"","ping_status":"","sticky":false,"template":"","format":"standard","meta":{"footnotes":""},"categories":[2814],"tags":[17,1111,11,3562,13413,1777,674,274,1011,27,1310,884,12,8061,882,25,32285,32286],"class_list":{"0":"post-184877","1":"post","2":"type-post","3":"status-publish","4":"format-standard","5":"has-post-thumbnail","7":"category-marseille","8":"tag-17","9":"tag-actu","10":"tag-actualites","11":"tag-clinique","12":"tag-devant","13":"tag-eu","14":"tag-europe","15":"tag-faits-divers-justice","16":"tag-fr","17":"tag-france","18":"tag-incendie","19":"tag-marseille","20":"tag-news","21":"tag-piste","22":"tag-provence-alpes-cote-dazur","23":"tag-republique-francaise","24":"tag-saint-barnabe","25":"tag-volontaire"},"share_on_mastodon":{"url":"https:\/\/pubeurope.com\/@fr\/114702216848388615","error":""},"_links":{"self":[{"href":"https:\/\/www.europesays.com\/fr\/wp-json\/wp\/v2\/posts\/184877","targetHints":{"allow":["GET"]}}],"collection":[{"href":"https:\/\/www.europesays.com\/fr\/wp-json\/wp\/v2\/posts"}],"about":[{"href":"https:\/\/www.europesays.com\/fr\/wp-json\/wp\/v2\/types\/post"}],"author":[{"embeddable":true,"href":"https:\/\/www.europesays.com\/fr\/wp-json\/wp\/v2\/users\/2"}],"replies":[{"embeddable":true,"href":"https:\/\/www.europesays.com\/fr\/wp-json\/wp\/v2\/comments?post=184877"}],"version-history":[{"count":0,"href":"https:\/\/www.europesays.com\/fr\/wp-json\/wp\/v2\/posts\/184877\/revisions"}],"wp:featuredmedia":[{"embeddable":true,"href":"https:\/\/www.europesays.com\/fr\/wp-json\/wp\/v2\/media\/184878"}],"wp:attachment":[{"href":"https:\/\/www.europesays.com\/fr\/wp-json\/wp\/v2\/media?parent=184877"}],"wp:term":[{"taxonomy":"category","embeddable":true,"href":"https:\/\/www.europesays.com\/fr\/wp-json\/wp\/v2\/categories?post=184877"},{"taxonomy":"post_tag","embeddable":true,"href":"https:\/\/www.europesays.com\/fr\/wp-json\/wp\/v2\/tags?post=184877"}],"curies":[{"name":"wp","href":"https:\/\/api.w.org\/{rel}","templated":true}]}}