{"id":184895,"date":"2025-06-18T03:31:29","date_gmt":"2025-06-18T03:31:29","guid":{"rendered":"https:\/\/www.europesays.com\/fr\/184895\/"},"modified":"2025-06-18T03:31:29","modified_gmt":"2025-06-18T03:31:29","slug":"ukraine-au-moins-14-morts-a-kiev-zelensky-denonce-lune-des-pires-attaques-russes-17-06-2025-a-2301","status":"publish","type":"post","link":"https:\/\/www.europesays.com\/fr\/184895\/","title":{"rendered":"Ukraine: au moins 14 morts \u00e0 Kiev, Zelensky d\u00e9nonce \u00ab\u00a0l&rsquo;une des pires attaques\u00a0\u00bb russes &#8211; 17\/06\/2025 \u00e0 23:01"},"content":{"rendered":"<p>        <img fetchpriority=\"high\" decoding=\"async\" src=\"https:\/\/www.europesays.com\/fr\/wp-content\/uploads\/2025\/06\/36b160283a7663b874d1fa8a141830e0-760x507.jpg\" alt=\"Des sauveteurs ukrainiens dans les d\u00e9combres d'un immeuble r\u00e9sidentiel gravement endommag\u00e9 par une frappe de missiles russes, le 17 juin 2025\u00a0\u00e0 Kiev ( AFP \/ Genya SAVILOV )\" loading=\"eager\" width=\"760\" height=\"507\" style=\"max-width: 100%!important; height: auto;\"\/><\/p>\n<p class=\"c-image-news__legend\">Des sauveteurs ukrainiens dans les d\u00e9combres d&rsquo;un immeuble r\u00e9sidentiel gravement endommag\u00e9 par une frappe de missiles russes, le 17 juin 2025\u00a0\u00e0 Kiev ( AFP \/ Genya SAVILOV )<\/p>\n<p>\n Au moins 14 personnes, dont un Am\u00e9ricain, ont p\u00e9ri \u00e0 Kiev dans la nuit de lundi \u00e0 mardi, dans \u00ab\u00a0l&rsquo;une des pires attaques\u00a0\u00bb russes contre la capitale ukrainienne selon le pr\u00e9sident Volodymyr Zelensky, au moment o\u00f9 les pourparlers entre l&rsquo;Ukraine et la Russie sont dans l&rsquo;impasse.\n<\/p>\n<p>\n Dans un pr\u00e9c\u00e9dent bilan, les autorit\u00e9s municipales avaient \u00e9voqu\u00e9 au moins 16 morts, revu \u00e0 la baisse, apr\u00e8s des op\u00e9rations d&rsquo;identification.\n<\/p>\n<p>\n En fin de journ\u00e9e, les secours ukrainiens ont affirm\u00e9 qu&rsquo;un corps suppl\u00e9mentaire avait \u00e9t\u00e9 retrouv\u00e9 dans les d\u00e9combres, \u00e9tablissant un nouveau bilan \u00e0 Kiev de 14 morts et 117 bless\u00e9s et pr\u00e9cisant que les recherches se poursuivaient.\n<\/p>\n<p>\n Cette nouvelle salve de l&rsquo;arm\u00e9e russe, qui bombarde quotidiennement le territoire ukrainien depuis le d\u00e9clenchement de son invasion en 2022, intervient en plein sommet du G7 au Canada, o\u00f9 cette guerre est \u00e9clips\u00e9e par les hostilit\u00e9s entre Isra\u00ebl et l&rsquo;Iran.\n<\/p>\n<p>\n \u00ab\u00a0Kiev a subi l&rsquo;une des pires attaques\u00a0\u00bb russes avec \u00ab\u00a0plus de 440 drones et 32 missiles\u00a0\u00bb, a d\u00e9nonc\u00e9 M. Zelensky sur X, affirmant que plusieurs autres r\u00e9gions avaient \u00e9t\u00e9 vis\u00e9es.\n<\/p>\n<p>\n Dans la capitale ukrainienne, \u00ab\u00a0ce fut probablement la nuit la plus infernale dont je me souvienne dans notre quartier\u00a0\u00bb, raconte \u00e0 l&rsquo;AFP Alina Chtompel, une \u00e9tudiante de vingt ans.\n<\/p>\n<p>\n Selon le ministre ukrainien de l&rsquo;Int\u00e9rieur Igor Klymenko, \u00ab\u00a027 sites\u00a0\u00bb ont \u00e9t\u00e9 pris pour cible \u00e0 Kiev.\n<\/p>\n<p>\n Au cours d&rsquo;une frappe nocturne sur le grand port d&rsquo;Odessa, deux autres personnes ont \u00e9t\u00e9 tu\u00e9es et 17 bless\u00e9es, a ajout\u00e9 M. Klymenko.\n<\/p>\n<p>\n Deux autres personnes sont mortes dans des attaques russes dans les r\u00e9gions de Soumy et de Kherson, selon les autorit\u00e9s ukrainiennes.\n<\/p>\n<p> &#8211; Am\u00e9ricain tu\u00e9 &#8211;<\/p>\n<p>\n Des journalistes de l&rsquo;AFP ont vu au cours de la nuit plusieurs dizaines d&rsquo;habitants de la capitale se r\u00e9fugier dans une station de m\u00e9tro du centre-ville servant d&rsquo;abri. Certains ont dormi sur des matelas, parfois avec leur animal de compagnie.\n<\/p>\n<p>\n \u00ab\u00a0Dans l&rsquo;arrondissement de Solomianski, un citoyen am\u00e9ricain de 62 ans est mort dans une maison situ\u00e9e en face de l&rsquo;endroit o\u00f9 les m\u00e9decins portaient assistance aux bless\u00e9s\u00a0\u00bb, a annonc\u00e9, pour sa part, le maire de Kiev, Vitali Klitschko, sur Telegram.\n<\/p>\n<p>\n Confirmant ce d\u00e9c\u00e8s, la porte-parole du d\u00e9partement d&rsquo;Etat am\u00e9ricain, Tammy Bruce, a condamn\u00e9 mardi ces frappes et pr\u00e9sent\u00e9 \u00ab\u00a0ses sinc\u00e8res condol\u00e9ances aux victimes\u00a0\u00bb.\n<\/p>\n<p>\n Des photos de la capitale ukrainienne au petit matin diffus\u00e9es par l&rsquo;AFP montraient des pans d&rsquo;immeubles d\u00e9truits, des secouristes en train de rechercher des victimes au milieu des d\u00e9combres et des pompiers combattant des incendies.\n<\/p>\n<p>        <img decoding=\"async\" src=\"https:\/\/www.europesays.com\/fr\/wp-content\/uploads\/2025\/06\/af2633870a74299b53618de0fc25ccfe-760x507.jpg\" alt=\"Des habitants en \u00e9tat de choc attendent pendant que des sauveteurs ukrainiens effectuent des recherche dans un immeuble r\u00e9sidentiel fortement endommag\u00e9 par une frappe de missile russe, le 17 juin 2025 \u00e0 Kiev ( AFP \/ Genya SAVILOV )\" loading=\"eager\" width=\"760\" height=\"507\" style=\"max-width: 100%!important; height: auto;\"\/><\/p>\n<p class=\"c-image-news__legend\">Des habitants en \u00e9tat de choc attendent pendant que des sauveteurs ukrainiens effectuent des recherche dans un immeuble r\u00e9sidentiel fortement endommag\u00e9 par une frappe de missile russe, le 17 juin 2025 \u00e0 Kiev ( AFP \/ Genya SAVILOV )<\/p>\n<p>\n De son c\u00f4t\u00e9, l&rsquo;arm\u00e9e russe, qui a fait \u00e9tat de pr\u00e8s de 200 drones ukrainiens intercept\u00e9s dans la nuit, a affirm\u00e9, comme apr\u00e8s chaque attaque d&rsquo;envergure, avoir uniquement frapp\u00e9 des infrastructures militaires, dans la r\u00e9gion de Kiev et \u00e0 Zaporijjia (centre-est).\n<\/p>\n<p>\n Trois civils dans la r\u00e9gion russe de Koursk, et un autre dans celle de Belgorod, ont par ailleurs \u00e9t\u00e9 tu\u00e9s mardi dans des frappes ukrainiennes, selon les autorit\u00e9s locales.\n<\/p>\n<p> &#8211; \u00ab\u00a0Cynisme\u00a0\u00bb de Poutine &#8211;<\/p>\n<p>\n Le pr\u00e9sident Zelensky a d\u00e9nonc\u00e9 un \u00ab\u00a0pur terrorisme\u00a0\u00bb apr\u00e8s ces nouveaux bombardements meurtriers.\n<\/p>\n<p>\n Vladimir Poutine \u00ab\u00a0veut que la guerre continue\u00a0\u00bb, a-t-il affirm\u00e9, apr\u00e8s que le pr\u00e9sident russe eut refus\u00e9 \u00e0 plusieurs reprises la demande de Kiev &#8211; appuy\u00e9e par les Etats-Unis et les Europ\u00e9ens &#8211; de cessez-le-feu inconditionnel en pr\u00e9alable \u00e0 des discussions de paix.\n<\/p>\n<p>        <img decoding=\"async\" src=\"https:\/\/www.europesays.com\/fr\/wp-content\/uploads\/2025\/06\/0fb62256a2077ce0b56591acdb6a1d11-760x507.jpg\" alt=\"Des sauveteurs ukrainiens \u00e9vacuent une personne bless\u00e9e des d\u00e9combres d'un immeuble r\u00e9sidentiel endommag\u00e9 par une frappe de missiles russes, le 17 juin 2025 \u00e0 Kiev ( AFP \/ Genya SAVILOV )\" loading=\"eager\" width=\"760\" height=\"507\" style=\"max-width: 100%!important; height: auto;\"\/><\/p>\n<p class=\"c-image-news__legend\">Des sauveteurs ukrainiens \u00e9vacuent une personne bless\u00e9e des d\u00e9combres d&rsquo;un immeuble r\u00e9sidentiel endommag\u00e9 par une frappe de missiles russes, le 17 juin 2025 \u00e0 Kiev ( AFP \/ Genya SAVILOV )<\/p>\n<p>\n Le chef de la diplomatie ukrainienne, Andri\u00ef Sybiga, a accus\u00e9 M. Poutine d'\u00a0\u00bbagir ainsi d\u00e9lib\u00e9r\u00e9ment, en plein G7&Prime;, avec un \u00ab\u00a0objectif tr\u00e8s simple : faire passer les dirigeants du Groupe des sept pour des faibles\u00a0\u00bb.\n<\/p>\n<p>\n Berlin a promis, de son c\u00f4t\u00e9, d'\u00a0\u00bbaccro\u00eetre la pression\u00a0\u00bb sur Moscou apr\u00e8s ces attaques meurtri\u00e8res, consid\u00e9rant que le chef de l&rsquo;Etat russe voulait la \u00ab\u00a0capitulation\u00a0\u00bb de l&rsquo;Ukraine.\n<\/p>\n<p>\n Pour sa part, le pr\u00e9sident fran\u00e7ais Emmanuel Macron a d\u00e9nonc\u00e9 le \u00ab\u00a0cynisme\u00a0\u00bb de Vladimir Poutine apr\u00e8s ces frappes.\n<\/p>\n<p> &#8211; Pourparlers bloqu\u00e9s &#8211;<\/p>\n<p>\n Les r\u00e9cents pourparlers de paix entre les deux bellig\u00e9rants sont bloqu\u00e9s, ceux-ci campant sur leurs positions, tr\u00e8s \u00e9loign\u00e9es.\n<\/p>\n<p>        <img decoding=\"async\" src=\"https:\/\/www.europesays.com\/fr\/wp-content\/uploads\/2025\/06\/24bdfe09c4b775b9547c6796613218d7-760x507.jpg\" alt=\"Le pr\u00e9sident ukrainien Volodymyr Zelensky lors d'une conf\u00e9rence de presse \u00e0 Vienne, le 16 juin 2025 en Autriche ( APA \/ HELMUT FOHRINGER )\" loading=\"eager\" width=\"760\" height=\"507\" style=\"max-width: 100%!important; height: auto;\"\/><\/p>\n<p class=\"c-image-news__legend\">Le pr\u00e9sident ukrainien Volodymyr Zelensky lors d&rsquo;une conf\u00e9rence de presse \u00e0 Vienne, le 16 juin 2025 en Autriche ( APA \/ HELMUT FOHRINGER )<\/p>\n<p>\n La Russie a rejet\u00e9 la tr\u00eave \u00ab\u00a0inconditionnelle\u00a0\u00bb voulue par l&rsquo;Ukraine qui a pour sa part qualifi\u00e9 d'\u00a0\u00bbultimatums\u00a0\u00bb les exigences russes.\n<\/p>\n<p>\n Si Volodymyr Zelensky souhaitait parler avec Donald Trump de l&rsquo;achat de mat\u00e9riel militaire \u00e0 Washington, en marge du G7 au Canada, la rencontre n&rsquo;aura pas lieu.\n<\/p>\n<p>\n Le pr\u00e9sident am\u00e9ricain a pr\u00e9matur\u00e9ment quitt\u00e9 lundi le sommet afin de se consacrer au conflit entre Isra\u00ebl et l&rsquo;Iran, selon la Maison Blanche.\n<\/p>\n<p>\n Selon une source gouvernementale du Canada, pays h\u00f4te du sommet, les Etats-Unis se sont oppos\u00e9s \u00e0 une d\u00e9claration \u00ab\u00a0forte\u00a0\u00bb sur l&rsquo;Ukraine qui condamnerait Moscou. Il n&rsquo;y aura \u00ab\u00a0pas de d\u00e9claration s\u00e9par\u00e9e\u00a0\u00bb sur l&rsquo;Ukraine, \u00ab\u00a0parce que les Am\u00e9ricains voulaient l&rsquo;\u00e9dulcorer\u00a0\u00bb, a ajout\u00e9 cette source.<\/p>\n","protected":false},"excerpt":{"rendered":"Des sauveteurs ukrainiens dans les d\u00e9combres d&rsquo;un immeuble r\u00e9sidentiel gravement endommag\u00e9 par une frappe de missiles russes, le&hellip;\n","protected":false},"author":2,"featured_media":183244,"comment_status":"","ping_status":"","sticky":false,"template":"","format":"standard","meta":{"footnotes":""},"categories":[1590],"tags":[400,11,398,408,405,1777,674,403,402,399,404,12,401,406,220,407],"class_list":{"0":"post-184895","1":"post","2":"type-post","3":"status-publish","4":"format-standard","5":"has-post-thumbnail","7":"category-ukraine","8":"tag-action-cac-40","9":"tag-actualites","10":"tag-bourse-de-paris","11":"tag-boursorama","12":"tag-cotations","13":"tag-eu","14":"tag-europe","15":"tag-indices-devises","16":"tag-investir","17":"tag-investissement","18":"tag-marche-boursier","19":"tag-news","20":"tag-sicav","21":"tag-trackers","22":"tag-ukraine","23":"tag-warrants"},"share_on_mastodon":{"url":"https:\/\/pubeurope.com\/@fr\/114702259715861907","error":""},"_links":{"self":[{"href":"https:\/\/www.europesays.com\/fr\/wp-json\/wp\/v2\/posts\/184895","targetHints":{"allow":["GET"]}}],"collection":[{"href":"https:\/\/www.europesays.com\/fr\/wp-json\/wp\/v2\/posts"}],"about":[{"href":"https:\/\/www.europesays.com\/fr\/wp-json\/wp\/v2\/types\/post"}],"author":[{"embeddable":true,"href":"https:\/\/www.europesays.com\/fr\/wp-json\/wp\/v2\/users\/2"}],"replies":[{"embeddable":true,"href":"https:\/\/www.europesays.com\/fr\/wp-json\/wp\/v2\/comments?post=184895"}],"version-history":[{"count":0,"href":"https:\/\/www.europesays.com\/fr\/wp-json\/wp\/v2\/posts\/184895\/revisions"}],"wp:featuredmedia":[{"embeddable":true,"href":"https:\/\/www.europesays.com\/fr\/wp-json\/wp\/v2\/media\/183244"}],"wp:attachment":[{"href":"https:\/\/www.europesays.com\/fr\/wp-json\/wp\/v2\/media?parent=184895"}],"wp:term":[{"taxonomy":"category","embeddable":true,"href":"https:\/\/www.europesays.com\/fr\/wp-json\/wp\/v2\/categories?post=184895"},{"taxonomy":"post_tag","embeddable":true,"href":"https:\/\/www.europesays.com\/fr\/wp-json\/wp\/v2\/tags?post=184895"}],"curies":[{"name":"wp","href":"https:\/\/api.w.org\/{rel}","templated":true}]}}