{"id":184898,"date":"2025-06-18T03:33:10","date_gmt":"2025-06-18T03:33:10","guid":{"rendered":"https:\/\/www.europesays.com\/fr\/184898\/"},"modified":"2025-06-18T03:33:10","modified_gmt":"2025-06-18T03:33:10","slug":"oasis-pour-lancer-des-magasins-pop-up-au-royaume-uni-et-en-irlande-avant-la-tournee-de-retrouvailles","status":"publish","type":"post","link":"https:\/\/www.europesays.com\/fr\/184898\/","title":{"rendered":"Oasis pour lancer des magasins pop-up au Royaume-Uni et en Irlande avant la tourn\u00e9e de retrouvailles"},"content":{"rendered":"<p class=\"ai-optimize-6 ai-optimize-introduction\">Oasis devrait lancer des magasins de fans pop-up \u00e0 travers le Royaume-Uni et l&rsquo;Irlande avant leur tourn\u00e9e de retrouvailles \u00e0 succ\u00e8s le mois prochain \u2013 d\u00e9couvrez plus ci-dessous.<\/p>\n<p class=\"ai-optimize-8\">Avant leur retour supersonique le 4 juillet \u00e0 Cardiff, les ic\u00f4nes de Manchester ont d\u00e9voil\u00e9 des plans pour une s\u00e9rie de magasins pop-up dans la r\u00e9gion, \u00e0 partir de cette semaine, selon un communiqu\u00e9 de presse.<\/p>\n<p class=\"ai-optimize-9\">Le premier magasin officiel des fans de Oasis Live &rsquo;25 ouvrira \u00e0 Manchester ce vendredi 20 juin, et fonctionnera jusqu&rsquo;au 27 juillet. Un emplacement exact pour la sortie pop-up de Manchester sera r\u00e9v\u00e9l\u00e9 dans les prochains jours. D&rsquo;autres magasins sont \u00e9galement pr\u00e9vus pour Cardiff, Londres, \u00c9dimbourg, Dublin et Birmingham, avec des d\u00e9tails qui se r\u00e9v\u00e9lent bient\u00f4t.<\/p>\n<p class=\"ai-optimize-6\">Les magasins de fans Oasis Live &rsquo;25 pr\u00e9senteront les marchandises officielles du groupe \u2013 qui seront d\u00e9voil\u00e9es plus tard cette semaine \u2013 ainsi que des collaborations de marque exclusives, des articles en \u00e9dition limit\u00e9e et une collection de produits qui ne seront pas disponibles ailleurs ailleurs en dehors des pop-ups.<\/p>\n<p class=\"ai-optimize-8\">Plusieurs articles des pop-ups, y compris les marchandises officielles, seront \u00e9galement disponibles dans les magasins en ligne. Il reste \u00e0 voir si le groupe pr\u00e9voit \u00e9galement des pop-ups pour leurs dates \u00e0 l&rsquo;\u00e9tranger.<\/p>\n<p><img fetchpriority=\"high\" decoding=\"async\" class=\"size-full wp-image-3790560\" src=\"https:\/\/www.europesays.com\/fr\/wp-content\/uploads\/2025\/06\/1725469269_70_Oasis-repond-a-la-controverse-sur-les-billets-de-sa.jpg\" alt=\"Oasis se r\u00e9unisse pour une tourn\u00e9e en 2025. Cr\u00e9dit: Simon Emmett\" width=\"2000\" height=\"1270\"\/>Oasis se r\u00e9unisse pour une tourn\u00e9e en 2025. Cr\u00e9dit: Simon Emmett\n<\/p>\n<p class=\"ai-optimize-18\">La tourn\u00e9e historique d\u00e9butera le 4 juillet dans le stade de la Principalit\u00e9 de Cardiff, le premier des 19 spectacles au Royaume-Uni et en Irlande avec des actes de soutien Richard Ashcroft et Castingy compris Sept dates au stade Wembley \u00e0 Londres. <\/p>\n<p class=\"ai-optimize-11\">Apr\u00e8s la course au Royaume-Uni et en Irlande, Oasis devrait frapper le Canada, les \u00c9tats-Unis et le Mexique, la Cor\u00e9e du Sud, le Japon, l&rsquo;Australie, l&rsquo;Argentine, le Chili et le Br\u00e9sil. La tourn\u00e9e 2025 se compose de 41 dates au total, se terminant le 23 novembre \u00e0 S\u00e3o Paulo.<\/p>\n<p class=\"ai-optimize-12\">Avec leurs premi\u00e8res spectacles de retrouvailles maintenant \u00e0 moins de trois semainesles membres du groupe ont pass\u00e9 du temps Verrouill\u00e9 dans un studio de r\u00e9p\u00e9tition \u00e0 Londres pendant des heures \u00e0 la fois Pour se pr\u00e9parer aux concerts de stade g\u00e9ant. <\/p>\n<p class=\"ai-optimize-19\">Liam Gallagher a r\u00e9cemment r\u00e9fl\u00e9chi aux \u00abann\u00e9es gaspill\u00e9es\u00bb qui ont eu lieu depuis la scission du groupe en 2009. R\u00e9pondant \u00e0 un fan qui a demand\u00e9 ce que les r\u00e9p\u00e9titions avaient ressenti, il a dit: \u00ab\u00a0Vous savez ce que c&rsquo;est spirituel, mais je ne peux pas m&#8217;emp\u00eacher de penser \u00e0 toutes ces ann\u00e9es gaspill\u00e9es quel perte de temps pr\u00e9cieux\u00a0\u00bb. Noel Gallagher serait \u00ab\u00a0choqu\u00e9\u00a0\u00bb \u00e0 quel point le groupe sonne bien lors des r\u00e9p\u00e9titionsselon Bono. <\/p>\n<p><a href=\"https:\/\/www.youtube.com\/watch?v=QUL5BVQTNZU\" target=\"_blank\" rel=\"noopener\">https:\/\/www.youtube.com\/watch?v=QUL5BVQTNZU<\/a><\/p>\n<p class=\"ai-optimize-21\">Comme r\u00e9v\u00e9l\u00e9 par ZikNation en marsles dates verront Noel et Liam rejoints par les guitaristes Paul &lsquo;Bonehead&rsquo; Arthurs et Gem Archer ainsi que le bassiste Andy Bell \u2013 Tous les membres de l&rsquo;OASIS de longue date. <\/p>\n<p class=\"ai-optimize-22\">\u00c0 la batterie sera Joey Waronker, qui n&rsquo;a jamais jou\u00e9 avec Oasis auparavant mais a jou\u00e9 sur la tourn\u00e9e en soutenant l&rsquo;album collaboratif de Liam et John Squire l&rsquo;ann\u00e9e derni\u00e8re. Il a travaill\u00e9 avec des go\u00fbts Bousculade, Remorqueur, Elliott Smith et Waters Rogeren plus d&rsquo;\u00eatre membre de Thom Yorke&rsquo;s Atomes pour la paix groupe.<\/p>\n<p class=\"ai-optimize-13\">Liam a dit \u00e0 propos de Waronker plus t\u00f4t ce mois-ci lorsqu&rsquo;on lui a demand\u00e9 par un fan comment il pensait que le batteur ferait lors de la tourn\u00e9e mondiale du mammouth: \u00ab\u00a0Il est le meilleur et nous avons de la chance de l&rsquo;avoir. J&rsquo;ai appr\u00e9ci\u00e9 tous nos batteurs mais ce gars est sp\u00e9cial.\u00a0\u00bb<\/p>\n<p class=\"ai-optimize-15\">Dans la perspective des dates, le groupe s&rsquo;est associ\u00e9 \u00e0 Amazon pour lancer de nouveaux march\u00e9s qui rend hommage aux moments embl\u00e9matiques de leur carri\u00e8re. Ils recherchent \u00e9galement des fans pour partager leurs histoires sur la fa\u00e7on dont la musique du groupe a \u00abun sens profond\u00bb pour eux, \u00e0 utiliser dans un prochain film Live 25.<\/p>\n","protected":false},"excerpt":{"rendered":"Oasis devrait lancer des magasins de fans pop-up \u00e0 travers le Royaume-Uni et l&rsquo;Irlande avant leur tourn\u00e9e de&hellip;\n","protected":false},"author":2,"featured_media":184899,"comment_status":"","ping_status":"","sticky":false,"template":"","format":"standard","meta":{"footnotes":""},"categories":[1588],"tags":[11,3917,154,1777,674,516,29618,11906,12,23929,32288,471,32289,473,1853,1873,4441,1851,1850,1852],"class_list":{"0":"post-184898","1":"post","2":"type-post","3":"status-publish","4":"format-standard","5":"has-post-thumbnail","7":"category-royaume-uni","8":"tag-actualites","9":"tag-avant","10":"tag-des","11":"tag-eu","12":"tag-europe","13":"tag-irlande","14":"tag-lancer","15":"tag-magasins","16":"tag-news","17":"tag-oasis","18":"tag-popup","19":"tag-pour","20":"tag-retrouvailles","21":"tag-royaume-uni","22":"tag-royaume-uni-de-grande-bretagne-et-dirlande-du-nord","23":"tag-royaumeuni","24":"tag-tournee","25":"tag-uk","26":"tag-united-kingdom","27":"tag-united-kingdom-of-great-britain-and-northern-ireland"},"share_on_mastodon":{"url":"https:\/\/pubeurope.com\/@fr\/114702267773647112","error":""},"_links":{"self":[{"href":"https:\/\/www.europesays.com\/fr\/wp-json\/wp\/v2\/posts\/184898","targetHints":{"allow":["GET"]}}],"collection":[{"href":"https:\/\/www.europesays.com\/fr\/wp-json\/wp\/v2\/posts"}],"about":[{"href":"https:\/\/www.europesays.com\/fr\/wp-json\/wp\/v2\/types\/post"}],"author":[{"embeddable":true,"href":"https:\/\/www.europesays.com\/fr\/wp-json\/wp\/v2\/users\/2"}],"replies":[{"embeddable":true,"href":"https:\/\/www.europesays.com\/fr\/wp-json\/wp\/v2\/comments?post=184898"}],"version-history":[{"count":0,"href":"https:\/\/www.europesays.com\/fr\/wp-json\/wp\/v2\/posts\/184898\/revisions"}],"wp:featuredmedia":[{"embeddable":true,"href":"https:\/\/www.europesays.com\/fr\/wp-json\/wp\/v2\/media\/184899"}],"wp:attachment":[{"href":"https:\/\/www.europesays.com\/fr\/wp-json\/wp\/v2\/media?parent=184898"}],"wp:term":[{"taxonomy":"category","embeddable":true,"href":"https:\/\/www.europesays.com\/fr\/wp-json\/wp\/v2\/categories?post=184898"},{"taxonomy":"post_tag","embeddable":true,"href":"https:\/\/www.europesays.com\/fr\/wp-json\/wp\/v2\/tags?post=184898"}],"curies":[{"name":"wp","href":"https:\/\/api.w.org\/{rel}","templated":true}]}}