{"id":184904,"date":"2025-06-18T03:36:20","date_gmt":"2025-06-18T03:36:20","guid":{"rendered":"https:\/\/www.europesays.com\/fr\/184904\/"},"modified":"2025-06-18T03:36:20","modified_gmt":"2025-06-18T03:36:20","slug":"dans-quel-pays-europeen-les-retraites-sont-ils-les-plus-nombreux-a-continuer-a-travailler","status":"publish","type":"post","link":"https:\/\/www.europesays.com\/fr\/184904\/","title":{"rendered":"Dans quel pays europ\u00e9en les retrait\u00e9s sont-ils les plus nombreux \u00e0 continuer \u00e0 travailler ?"},"content":{"rendered":"<p>Le repos pour certains, un nouveau d\u00e9part pour d&rsquo;autres.<\/p>\n<p>La perception et l&rsquo;attitude \u00e0 l&rsquo;\u00e9gard de la retraite varient consid\u00e9rablement au sein de l&rsquo;Union europ\u00e9enne, avec, dans certains cas, des taux tr\u00e8s \u00e9lev\u00e9s de travailleurs qui d\u00e9cident de rester actifs apr\u00e8s avoir atteint l&rsquo;\u00e2ge l\u00e9gal de d\u00e9part \u00e0 la retraite.<\/p>\n<p>Selon les donn\u00e9es d&rsquo;Eurostat publi\u00e9es en juin, la moyenne dans l&rsquo;Union europ\u00e9enne est de 40 % : les travailleurs ind\u00e9pendants sont 56 % \u00e0 poursuivre leur activit\u00e9, tandis que le taux est de 24 % parmi les salari\u00e9s.<\/p>\n<p>L&rsquo;Estonie et l&rsquo;Islande sont les pays o\u00f9 la proportion de retrait\u00e9s actifs est la plus \u00e9lev\u00e9e.<\/p>\n<p>Des taux particuli\u00e8rement \u00e9lev\u00e9s d&rsquo;entrepreneurs qui continuent \u00e0 travailler apr\u00e8s la retraite<\/p>\n<p>La Su\u00e8de est de loin le pays o\u00f9 les entrepreneurs retrait\u00e9s sont les plus nombreux \u00e0 prolonger leur carri\u00e8re.<\/p>\n<p>La quasi-totalit\u00e9 d&rsquo;entre eux (98,4 %) continuent \u00e0 travailler apr\u00e8s avoir per\u00e7u leur premi\u00e8re pension de retraite. La Finlande et l&rsquo;Irlande affichent \u00e9galement des taux tr\u00e8s \u00e9lev\u00e9s, proches de 90 %.<\/p>\n<p>Au contraire, en Espagne et en Gr\u00e8ce, la grande majorit\u00e9 arr\u00eate toute activit\u00e9\u00a0professionnelle \u00e0 la retraite, environ un sur cinq seulement restant actif (18 % en Espagne et 20 % en Gr\u00e8ce).<\/p>\n<p>Les retrait\u00e9s bulgares, grecs et chypriotes effectuent le plus d&rsquo;heures de travail hebdomadaires<\/p>\n<p>Dans certains pays, les retrait\u00e9s salari\u00e9s effectuent autant d&rsquo;heures, voire plus, que les travailleurs plus jeunes : pr\u00e8s de 39 heures hebdomadaires en Bulgarie, 38,5 en Gr\u00e8ce, 35,8 en Lituanie et 35,7 \u00e0 Chypre, soit les taux les plus \u00e9lev\u00e9s de l&rsquo;UE.<\/p>\n<p>Mais la plupart des retrait\u00e9s (57 %) qui continuent \u00e0 travailler le font \u00e0 temps partiel.<\/p>\n<p>L&rsquo;\u00e9tude r\u00e9v\u00e8le \u00e9galement que les travailleurs sont plus ou moins susceptibles de continuer leur activit\u00e9 \u00e0 la retraite selon les secteurs d&rsquo;activit\u00e9.<\/p>\n<p>Le taux le plus \u00e9lev\u00e9 est enregistr\u00e9 chez les cadres (40,1 %) et les ouvriers qualifi\u00e9s de l&rsquo;agriculture, de la sylviculture et de la p\u00eache (40,1 % \u00e9galement).<\/p>\n<p>Les vendeurs et les techniciens sont \u00e9galement plus de 30 % \u00e0 poursuivre leur activit\u00e9.<\/p>\n","protected":false},"excerpt":{"rendered":"Le repos pour certains, un nouveau d\u00e9part pour d&rsquo;autres. La perception et l&rsquo;attitude \u00e0 l&rsquo;\u00e9gard de la retraite&hellip;\n","protected":false},"author":2,"featured_media":184905,"comment_status":"","ping_status":"","sticky":false,"template":"","format":"standard","meta":{"footnotes":""},"categories":[1586],"tags":[32296,11,32295,1777,674,1779,1011,27,7738,12,25,32297,32298,1778,364],"class_list":{"0":"post-184904","1":"post","2":"type-post","3":"status-publish","4":"format-standard","5":"has-post-thumbnail","7":"category-europe","8":"tag-activite-professionnelle","9":"tag-actualites","10":"tag-depart-a-la-retraite","11":"tag-eu","12":"tag-europe","13":"tag-european-union","14":"tag-fr","15":"tag-france","16":"tag-lunion-europeenne","17":"tag-news","18":"tag-republique-francaise","19":"tag-retraites-salaries","20":"tag-travailleurs-independants","21":"tag-ue","22":"tag-union-europeenne"},"share_on_mastodon":{"url":"https:\/\/pubeurope.com\/@fr\/114702279850461599","error":""},"_links":{"self":[{"href":"https:\/\/www.europesays.com\/fr\/wp-json\/wp\/v2\/posts\/184904","targetHints":{"allow":["GET"]}}],"collection":[{"href":"https:\/\/www.europesays.com\/fr\/wp-json\/wp\/v2\/posts"}],"about":[{"href":"https:\/\/www.europesays.com\/fr\/wp-json\/wp\/v2\/types\/post"}],"author":[{"embeddable":true,"href":"https:\/\/www.europesays.com\/fr\/wp-json\/wp\/v2\/users\/2"}],"replies":[{"embeddable":true,"href":"https:\/\/www.europesays.com\/fr\/wp-json\/wp\/v2\/comments?post=184904"}],"version-history":[{"count":0,"href":"https:\/\/www.europesays.com\/fr\/wp-json\/wp\/v2\/posts\/184904\/revisions"}],"wp:featuredmedia":[{"embeddable":true,"href":"https:\/\/www.europesays.com\/fr\/wp-json\/wp\/v2\/media\/184905"}],"wp:attachment":[{"href":"https:\/\/www.europesays.com\/fr\/wp-json\/wp\/v2\/media?parent=184904"}],"wp:term":[{"taxonomy":"category","embeddable":true,"href":"https:\/\/www.europesays.com\/fr\/wp-json\/wp\/v2\/categories?post=184904"},{"taxonomy":"post_tag","embeddable":true,"href":"https:\/\/www.europesays.com\/fr\/wp-json\/wp\/v2\/tags?post=184904"}],"curies":[{"name":"wp","href":"https:\/\/api.w.org\/{rel}","templated":true}]}}