{"id":184906,"date":"2025-06-18T03:37:14","date_gmt":"2025-06-18T03:37:14","guid":{"rendered":"https:\/\/www.europesays.com\/fr\/184906\/"},"modified":"2025-06-18T03:37:14","modified_gmt":"2025-06-18T03:37:14","slug":"psg-atletico-madrid-paris-ecrase-les-colchoneros-correa-sincline","status":"publish","type":"post","link":"https:\/\/www.europesays.com\/fr\/184906\/","title":{"rendered":"PSG\/Atl\u00e9tico Madrid &#8211; Paris \u00e9crase les Colchoneros, Correa s\u2019incline"},"content":{"rendered":"<p><strong>Le Paris Saint-Germain a frapp\u00e9 un grand coup lors de son entr\u00e9e dans la Coupe du monde des clubs, en \u00e9crasant l\u2019Atl\u00e9tico de Madrid 4-0. Pablo Correa (58 ans), entra\u00eeneur de Nancy, a salu\u00e9 dans Le Parisien la performance des Rouge et Bleu, soulignant leur intensit\u00e9 et la ma\u00eetrise impos\u00e9e par Luis Enrique (55 ans).<\/strong><\/p>\n<p>Correa \u00ab\u00a0Je ne m\u2019attendais pas \u00e0 un PSG niveau Ligue des Champions\u00a0\u00bb<\/p>\n<blockquote>\n<p>\u00ab\u00a0Je ne m\u2019attendais pas \u00e0 un PSG niveau Ligue des Champions, surtout en premi\u00e8re mi-temps. Il y avait beaucoup d\u2019interrogations sur l\u2019int\u00e9r\u00eat des joueurs. Et en fait, malgr\u00e9 cinq, six premi\u00e8res minutes un peu compliqu\u00e9es, sans doute \u00e0 cause de la chaleur, on a vu le PSG presser avec une tr\u00e8s grandes intensit\u00e9s et avec ces permutations permanentes.<\/p>\n<p>A la mi-temps, 2-0, c\u2019est l\u2019\u00e9cart r\u00e9el qui s\u00e9pare les deux formations. Le PSG est \u00e0 un tel niveau d\u2019exigence qu\u2019il met l\u2019adversaire dans le n\u00e9ant. C\u2019est d\u00e9finitivement l\u2019\u00e9quipe \u00e0 battre dans ce tournoi.<\/p>\n<\/blockquote>\n<p>Correa \u00ab\u00a0Son \u00e9quipe sait g\u00e9rer les temps forts et les temps faibles\u00a0\u00bb<\/p>\n<blockquote>\n<p><strong>Tout le monde conna\u00eet sa partition ?<\/strong><\/p>\n<p>Luis Enrique \u00e0 r\u00e9ussi \u00e0 imposer un tel conditionnement que tout le monde peut jouer dans cette \u00e9quipe et apporter du danger. Quand on voit la qualit\u00e9 et la vari\u00e9t\u00e9 des buts, on sent bien que Luis Enrique a toutes les cordes \u00e0 son arc. Son \u00e9quipe sait g\u00e9rer les temps forts et les temps faibles, \u00e7a a toujours du sens.\u00a0\u00bb<\/p>\n<\/blockquote>\n<p>La prestation du Paris Saint-Germain face \u00e0 l\u2019Atl\u00e9tico de Madrid a marqu\u00e9 les esprits par son intensit\u00e9 et sa soif de victoire intacte, malgr\u00e9 une saison d\u00e9j\u00e0 couronn\u00e9e de succ\u00e8s. Loin de se contenter de leur r\u00e9cent triomphe europ\u00e9en, les Parisiens ont affich\u00e9 une d\u00e9termination et une implication collective impressionnantes, donnant le sentiment qu\u2019aucun rel\u00e2chement n\u2019est permis dans ce groupe. D\u00e8s les premiers instants, chaque joueur s\u2019est montr\u00e9 concern\u00e9 par le pressing, la r\u00e9cup\u00e9ration et la projection offensive, illustrant une \u00e9quipe non seulement talentueuse mais surtout insatiable.<\/p>\n<p>Cette faim de victoire, entretenue par Luis Enrique (54 ans), se ressent dans la vari\u00e9t\u00e9 des actions et l\u2019\u00e9nergie d\u00e9ploy\u00e9e jusqu\u2019au coup de sifflet final. M\u00eame avec un score confortable, le PSG a continu\u00e9 \u00e0 imposer son rythme, d\u00e9montrant que l\u2019app\u00e9tit de titres et de records reste intact. Ce refus de la facilit\u00e9, cette volont\u00e9 de toujours en faire plus, confirment que Paris n\u2019est pas seulement une \u00e9quipe de stars, mais un collectif m\u00fbr et ambitieux, pr\u00eat \u00e0 marquer durablement l\u2019histoire du club.<\/p>\n<p>\t\t\t\t\t\t\t\t\t\t\t\t\t\t\t\t\t\t\t\t\t\t\t<img loading=\"lazy\" src=\"https:\/\/www.europesays.com\/fr\/wp-content\/uploads\/2025\/04\/ParisFans_Logo.png\" decoding=\"async\" class=\"lazyload\" width=\"240\" height=\"54\" data-eio-rwidth=\"240\" data-eio-rheight=\"54\"\/><\/p>\n","protected":false},"excerpt":{"rendered":"Le Paris Saint-Germain a frapp\u00e9 un grand coup lors de son entr\u00e9e dans la Coupe du monde des&hellip;\n","protected":false},"author":2,"featured_media":184907,"comment_status":"","ping_status":"","sticky":false,"template":"","format":"standard","meta":{"footnotes":""},"categories":[2],"tags":[11,28406,1011,27,375,921,12,11849,32299,25],"class_list":{"0":"post-184906","1":"post","2":"type-post","3":"status-publish","4":"format-standard","5":"has-post-thumbnail","7":"category-actualites","8":"tag-actualites","9":"tag-eloge","10":"tag-fr","11":"tag-france","12":"tag-impressions","13":"tag-luis-enrique","14":"tag-news","15":"tag-pablo-correa","16":"tag-qualites","17":"tag-republique-francaise"},"share_on_mastodon":{"url":"https:\/\/pubeurope.com\/@fr\/114702283405196902","error":""},"_links":{"self":[{"href":"https:\/\/www.europesays.com\/fr\/wp-json\/wp\/v2\/posts\/184906","targetHints":{"allow":["GET"]}}],"collection":[{"href":"https:\/\/www.europesays.com\/fr\/wp-json\/wp\/v2\/posts"}],"about":[{"href":"https:\/\/www.europesays.com\/fr\/wp-json\/wp\/v2\/types\/post"}],"author":[{"embeddable":true,"href":"https:\/\/www.europesays.com\/fr\/wp-json\/wp\/v2\/users\/2"}],"replies":[{"embeddable":true,"href":"https:\/\/www.europesays.com\/fr\/wp-json\/wp\/v2\/comments?post=184906"}],"version-history":[{"count":0,"href":"https:\/\/www.europesays.com\/fr\/wp-json\/wp\/v2\/posts\/184906\/revisions"}],"wp:featuredmedia":[{"embeddable":true,"href":"https:\/\/www.europesays.com\/fr\/wp-json\/wp\/v2\/media\/184907"}],"wp:attachment":[{"href":"https:\/\/www.europesays.com\/fr\/wp-json\/wp\/v2\/media?parent=184906"}],"wp:term":[{"taxonomy":"category","embeddable":true,"href":"https:\/\/www.europesays.com\/fr\/wp-json\/wp\/v2\/categories?post=184906"},{"taxonomy":"post_tag","embeddable":true,"href":"https:\/\/www.europesays.com\/fr\/wp-json\/wp\/v2\/tags?post=184906"}],"curies":[{"name":"wp","href":"https:\/\/api.w.org\/{rel}","templated":true}]}}