{"id":184908,"date":"2025-06-18T03:38:21","date_gmt":"2025-06-18T03:38:21","guid":{"rendered":"https:\/\/www.europesays.com\/fr\/184908\/"},"modified":"2025-06-18T03:38:21","modified_gmt":"2025-06-18T03:38:21","slug":"fin-du-suspense-lassemblee-vote-la-suppression-definitive-des-zfe","status":"publish","type":"post","link":"https:\/\/www.europesays.com\/fr\/184908\/","title":{"rendered":"Fin du suspense, l\u2019Assembl\u00e9e vote la suppression d\u00e9finitive des ZFE"},"content":{"rendered":"<p>Apr\u00e8s avoir fait planer le suspense jusqu\u2019au bout, et malgr\u00e9 la division du camp gouvernemental, l\u2019<a href=\"https:\/\/www.20minutes.fr\/dossier\/assemblee_nationale\" class=\"color-ultramarine c-link\" target=\"_blank\" rel=\"noopener\">Assembl\u00e9e nationale<\/a> a finalement adopt\u00e9 mardi le projet de loi de \u00ab\u00a0simplification\u00a0\u00bb. Et notamment sa mesure controvers\u00e9e d\u2019abrogation des <a href=\"https:\/\/www.20minutes.fr\/planete\/zone-faibles-emissions\/\" class=\"color-ultramarine c-link\" target=\"_blank\" rel=\"noopener\">zones \u00e0 faibles \u00e9missions (ZFE)<\/a> contre la <a href=\"https:\/\/www.20minutes.fr\/dossier\/pollution_de_l_air\" class=\"color-ultramarine c-link\" target=\"_blank\" rel=\"noopener\">pollution de l\u2019air<\/a>. Le texte a \u00e9t\u00e9 adopt\u00e9 par 275 voix contre 252. Il ira devant une commission mixte paritaire, o\u00f9 sept d\u00e9put\u00e9s et sept s\u00e9nateurs devront s\u2019accorder sur une mouture commune.<\/p>\n<p>Les d\u00e9put\u00e9s de l\u2019alliance <a href=\"https:\/\/www.20minutes.fr\/politique\/rassemblement-national\/\" class=\"color-ultramarine c-link\" target=\"_blank\" rel=\"noopener\">RN<\/a>-ciottistes, de <a href=\"https:\/\/www.20minutes.fr\/politique\/lr\/\" class=\"color-ultramarine c-link\" target=\"_blank\" rel=\"noopener\">LR<\/a>, du <a href=\"https:\/\/www.20minutes.fr\/dossier\/modem\" class=\"color-ultramarine c-link\" target=\"_blank\" rel=\"noopener\">MoDem<\/a> et d\u2019<a href=\"https:\/\/www.20minutes.fr\/horizons\/\" class=\"color-ultramarine c-link\" target=\"_blank\" rel=\"noopener\">Horizons<\/a> ont largement vot\u00e9 pour (5 abstentions LR), comme certains ind\u00e9pendants de Liot. La gauche et les \u00e9cologistes se sont massivement oppos\u00e9s au texte portant des \u00ab\u00a0coups de tron\u00e7onneuse [\u2026] \u00e0 l\u2019\u00c9tat de droit (et) la justice environnementale\u00a0\u00bb, selon Anne Stambach-Terrenoir (<a href=\"https:\/\/www.20minutes.fr\/politique\/france-insoumise\/\" class=\"color-ultramarine c-link\" target=\"_blank\" rel=\"noopener\">LFI<\/a>).<\/p>\n<p>\u00ab\u00a0Une victoire pour le RN contre les \u00e9cologies punitives\u00a0\u00bb<\/p>\n<p>Le temps d\u2019un vote ils ont \u00e9t\u00e9 rejoints par les deux tiers des d\u00e9put\u00e9s macronistes du groupe Ensemble pour la R\u00e9publique (quatorze d\u00e9put\u00e9s EPR se sont abstenus, et huit ont vot\u00e9 pour). \u00ab\u00a0C\u2019est une victoire culturelle pour le Rassemblement national contre les \u00e9cologies punitives\u00a0\u00bb, s\u2019est r\u00e9joui apr\u00e8s le vote le d\u00e9put\u00e9 Pierre Meurin.<\/p>\n<p>\u00ab\u00a0La sant\u00e9 publique et la lutte contre le d\u00e9r\u00e8glement climatique et les pollutions ne devraient pas \u00eatre les variables d\u2019ajustement de calculs politiques\u00a0\u00bb, a r\u00e9torqu\u00e9 la ministre de la Transition \u00e9cologique Agn\u00e8s Pannier-Runacher.<\/p>\n<p>\u00ab\u00a0Supprimer la ZFE, c\u2019est faire mourir les plus pauvres, pas les prot\u00e9ger\u00a0\u00bb<\/p>\n<p>Pour le patron du groupe <a href=\"https:\/\/www.20minutes.fr\/politique\/ps\/\" class=\"color-ultramarine c-link\" target=\"_blank\" rel=\"noopener\">PS<\/a> Boris Vallaud, le vote \u00ab\u00a0r\u00e9v\u00e8le le scepticisme climatique d\u2019une partie de l\u2019h\u00e9micycle\u00a0\u00bb. \u00ab\u00a0C\u2019est tr\u00e8s inqui\u00e9tant d\u2019avoir un gouvernement pas gouvern\u00e9, d\u2019avoir une majorit\u00e9, m\u00eame relative, sans chef\u00a0\u00bb, a-t-il ajout\u00e9. \u00ab\u00a0On acte la fin de l\u2019\u00e9cologie dans les mandats d\u2019Emmanuel Macron\u00a0\u00bb, a abond\u00e9 l\u2019\u00e9cologiste Lisa Belluco.<\/p>\n<p>\u00ab\u00a0Supprimer la ZFE, c\u2019est faire mourir les plus pauvres, pas les prot\u00e9ger\u00a0\u00bb, a vigoureusement r\u00e9agi David Belliard, adjoint \u00e9cologiste \u00e0 la maire de Paris Anne Hidalgo, en charge des Transports.<\/p>\n<\/p>\n<p>Contre la gauche et une partie du bloc central, la droite et le RN ont aussi obtenu un franc recul du \u00ab\u00a0z\u00e9ro artificialisation nette\u00a0\u00bb (ZAN), dispositif de lutte contre l\u2019artificialisation des sols, en permettant aux collectivit\u00e9s de \u00ab\u00a0d\u00e9passer jusqu\u2019\u00e0 30\u00a0%\u00a0\u00bb la limite de surfaces am\u00e9nageables.<\/p>\n<p><a href=\"https:\/\/www.20minutes.fr\/planete\/zone-faibles-emissions\/\" class=\"c-link c-btn c-btn--primary\" target=\"_blank\" rel=\"noopener\">Notre dossier sur les ZFE<\/a><\/p>\n<p>\u00c9clectique, le texte pr\u00e9voit une batterie de dispositions pour les particuliers, les entrepreneurs ou les commer\u00e7ants, allant de la simplification du r\u00e9gime des baux commerciaux, en passant par celle de la d\u00e9livrance des licences IV.<\/p>\n","protected":false},"excerpt":{"rendered":"Apr\u00e8s avoir fait planer le suspense jusqu\u2019au bout, et malgr\u00e9 la division du camp gouvernemental, l\u2019Assembl\u00e9e nationale a&hellip;\n","protected":false},"author":2,"featured_media":184909,"comment_status":"","ping_status":"","sticky":false,"template":"","format":"standard","meta":{"footnotes":""},"categories":[2],"tags":[47,11,436,1011,27,3540,1023,8335,2759,12,4484,5170,2556,25,104,2433],"class_list":{"0":"post-184908","1":"post","2":"type-post","3":"status-publish","4":"format-standard","5":"has-post-thumbnail","7":"category-actualites","8":"tag-actualite","9":"tag-actualites","10":"tag-environnement","11":"tag-fr","12":"tag-france","13":"tag-horizons","14":"tag-la-france-insoumise-lfi","15":"tag-les-republicains-lr","16":"tag-modem","17":"tag-news","18":"tag-parti-socialiste-ps","19":"tag-pollution-de-lair","20":"tag-rassemblement-national-rn","21":"tag-republique-francaise","22":"tag-societe","23":"tag-zone-a-faibles-emissions-zfe"},"share_on_mastodon":{"url":"https:\/\/pubeurope.com\/@fr\/114702287075066624","error":""},"_links":{"self":[{"href":"https:\/\/www.europesays.com\/fr\/wp-json\/wp\/v2\/posts\/184908","targetHints":{"allow":["GET"]}}],"collection":[{"href":"https:\/\/www.europesays.com\/fr\/wp-json\/wp\/v2\/posts"}],"about":[{"href":"https:\/\/www.europesays.com\/fr\/wp-json\/wp\/v2\/types\/post"}],"author":[{"embeddable":true,"href":"https:\/\/www.europesays.com\/fr\/wp-json\/wp\/v2\/users\/2"}],"replies":[{"embeddable":true,"href":"https:\/\/www.europesays.com\/fr\/wp-json\/wp\/v2\/comments?post=184908"}],"version-history":[{"count":0,"href":"https:\/\/www.europesays.com\/fr\/wp-json\/wp\/v2\/posts\/184908\/revisions"}],"wp:featuredmedia":[{"embeddable":true,"href":"https:\/\/www.europesays.com\/fr\/wp-json\/wp\/v2\/media\/184909"}],"wp:attachment":[{"href":"https:\/\/www.europesays.com\/fr\/wp-json\/wp\/v2\/media?parent=184908"}],"wp:term":[{"taxonomy":"category","embeddable":true,"href":"https:\/\/www.europesays.com\/fr\/wp-json\/wp\/v2\/categories?post=184908"},{"taxonomy":"post_tag","embeddable":true,"href":"https:\/\/www.europesays.com\/fr\/wp-json\/wp\/v2\/tags?post=184908"}],"curies":[{"name":"wp","href":"https:\/\/api.w.org\/{rel}","templated":true}]}}