{"id":184918,"date":"2025-06-18T03:46:17","date_gmt":"2025-06-18T03:46:17","guid":{"rendered":"https:\/\/www.europesays.com\/fr\/184918\/"},"modified":"2025-06-18T03:46:17","modified_gmt":"2025-06-18T03:46:17","slug":"beaucoup-de-choses-doivent-changer","status":"publish","type":"post","link":"https:\/\/www.europesays.com\/fr\/184918\/","title":{"rendered":"\u00ab Beaucoup de choses doivent changer \u00bb"},"content":{"rendered":"<p>Lewis Hamilton a admis avec r\u00e9alisme qu\u2019il ne lutterait pas pour la victoire cette saison au volant de la Ferrari, estimant que \u00ab beaucoup de choses doivent changer \u00bb pour esp\u00e9rer inverser la tendance.<\/p>\n<p>Apr\u00e8s des d\u00e9buts encourageants marqu\u00e9s par une victoire lors de la course sprint en Chine, le septuple champion du monde et la Scuderia ont rapidement perdu le rythme. La double disqualification survenue \u00e0 Shanghai a marqu\u00e9 un tournant difficile, et depuis, la SF-25 peine \u00e0 convaincre. Malgr\u00e9 des arriv\u00e9es r\u00e9guli\u00e8res dans les points, Hamilton ne parvient pas \u00e0 trouver la confiance n\u00e9cessaire dans sa monoplace. Rares sont les occasions o\u00f9 il a pu se battre pour le podium, et la perspective d\u2019une victoire semble, pour l\u2019heure, hors de port\u00e9e.<\/p>\n<p>\u00c0 40 ans, le Britannique reconna\u00eet que son aventure avec Ferrari s\u2019inscrit dans un processus de construction, et que le succ\u00e8s n\u00e9cessitera du temps et des ajustements en profondeur.<\/p>\n<p>\u00ab Ce que vous ne voyez pas, c\u2019est ce qui se passe en coulisses, et il se passe beaucoup de choses \u00bb, a d\u00e9clar\u00e9 <a href=\"https:\/\/f1only.fr\/f1-lewis-hamilton-devaste-marmotte-collision\/\" target=\"_blank\" rel=\"noopener\">Hamilton<\/a> aux m\u00e9dias. \u00ab Il y a beaucoup \u00e0 am\u00e9liorer. Beaucoup de choses doivent changer. Pour moi, je sais que nous ne nous battons pas pour la victoire cette ann\u00e9e, je sais que nous ne sommes pas dans la course au championnat, ce qui n\u2019est pas tr\u00e8s agr\u00e9able. Je sais aussi que je suis en train de m\u2019habituer \u00e0 travailler avec l\u2019\u00e9quipe, de poser les bases et d\u2019essayer de les orienter vers les changements n\u00e9cessaires pour que l\u2019ann\u00e9e prochaine, nous ayons une voiture capable de gagner, que nous puissions nous battre, \u00eatre constants et avoir une strat\u00e9gie, et toutes ces choses diff\u00e9rentes. Donc, dans cette optique, \u00e7a me va, mais \u00e9videmment, je veux gagner, et quand on n\u2019est pas en t\u00eate, qu\u2019on ne se bat pas pour le podium, c\u2019est forc\u00e9ment un peu d\u00e9cevant. J\u2019esp\u00e9rais [\u00e0 Montr\u00e9al] me battre pour le podium, mais apparemment, nous n\u2019avions pas les performances n\u00e9cessaires. J\u2019esp\u00e8re qu\u2019avec une mise \u00e0 niveau, peut-\u00eatre \u00e0 un moment donn\u00e9, nous serons un peu plus comp\u00e9titifs. \u00bb<\/p>\n<p><strong>Du mieux en Autriche pour Ferrari ?\u00a0<\/strong><\/p>\n<p>Parti en cinqui\u00e8me position sur la grille, Hamilton a vu ses chances de terminer dans le <a href=\"https:\/\/f1only.fr\/classement-resultat-grand-prix-f1-canada-2025\/\" target=\"_blank\" rel=\"noopener\">top 3<\/a> s\u2019envoler au 12e tour lorsqu\u2019il a roul\u00e9 sur une marmotte, endommageant sa monoplace et perdant 20 points d\u2019appui a\u00e9rodynamique, soit une demi-seconde par tour. En ce qui concerne ses progr\u00e8s cette saison, Hamilton estime que ce sera moins une question d\u2019adaptation de la voiture \u00e0 son style de pilotage que d\u2019adaptation de son style de pilotage \u00e0 la voiture.<\/p>\n<p>Pour Hamilton, le circuit Gilles-Villeneuve \u00ab a mis en \u00e9vidence les faiblesses de la voiture. Je n\u2019ai jamais eu une voiture qui sous-vire autant \u00e0 basse vitesse ici \u00bb, a-t-il d\u00e9clar\u00e9. \u00ab Elle ne voulait tout simplement pas tourner dans les virages 2 et 10, ce n\u2019\u00e9tait donc certainement pas mon week-end pr\u00e9f\u00e9r\u00e9. J\u2019esp\u00e8re que le prochain [en Autriche] sera meilleur. Tout est en moyenne et haute vitesse, donc je pense que nous serons un peu meilleurs. Je pense que la voiture est plut\u00f4t bonne en haute vitesse, donc j\u2019esp\u00e8re que nous serons un peu plus forts. Je ne pense pas que nous serons au niveau des McLaren, et les Red Bull sont \u00e9galement tr\u00e8s rapides en haute vitesse, mais j\u2019esp\u00e8re que nous serons toujours dans le coup. \u00bb<\/p>\n","protected":false},"excerpt":{"rendered":"Lewis Hamilton a admis avec r\u00e9alisme qu\u2019il ne lutterait pas pour la victoire cette saison au volant de&hellip;\n","protected":false},"author":2,"featured_media":184919,"comment_status":"","ping_status":"","sticky":false,"template":"","format":"standard","meta":{"footnotes":""},"categories":[1412],"tags":[5080,5081,1451,5083,5084,5085,5086,5087,2251,5088,1452,1453,1454,1455,1011,27,1975,5089,5090,60,5091,3030],"class_list":{"0":"post-184918","1":"post","2":"type-post","3":"status-publish","4":"format-standard","5":"has-post-thumbnail","7":"category-f1","8":"tag-actualites-f1","9":"tag-actuf1","10":"tag-f1","11":"tag-f1-actu","12":"tag-f1-direct","13":"tag-f1-live","14":"tag-f1-news","15":"tag-f1news","16":"tag-ferrari","17":"tag-fia","18":"tag-formula-1","19":"tag-formula1","20":"tag-formule-1","21":"tag-formule1","22":"tag-fr","23":"tag-france","24":"tag-lewis-hamilton","25":"tag-news-f1","26":"tag-newsf1","27":"tag-sports","28":"tag-tip","29":"tag-top"},"share_on_mastodon":{"url":"https:\/\/pubeurope.com\/@fr\/114702318547377566","error":""},"_links":{"self":[{"href":"https:\/\/www.europesays.com\/fr\/wp-json\/wp\/v2\/posts\/184918","targetHints":{"allow":["GET"]}}],"collection":[{"href":"https:\/\/www.europesays.com\/fr\/wp-json\/wp\/v2\/posts"}],"about":[{"href":"https:\/\/www.europesays.com\/fr\/wp-json\/wp\/v2\/types\/post"}],"author":[{"embeddable":true,"href":"https:\/\/www.europesays.com\/fr\/wp-json\/wp\/v2\/users\/2"}],"replies":[{"embeddable":true,"href":"https:\/\/www.europesays.com\/fr\/wp-json\/wp\/v2\/comments?post=184918"}],"version-history":[{"count":0,"href":"https:\/\/www.europesays.com\/fr\/wp-json\/wp\/v2\/posts\/184918\/revisions"}],"wp:featuredmedia":[{"embeddable":true,"href":"https:\/\/www.europesays.com\/fr\/wp-json\/wp\/v2\/media\/184919"}],"wp:attachment":[{"href":"https:\/\/www.europesays.com\/fr\/wp-json\/wp\/v2\/media?parent=184918"}],"wp:term":[{"taxonomy":"category","embeddable":true,"href":"https:\/\/www.europesays.com\/fr\/wp-json\/wp\/v2\/categories?post=184918"},{"taxonomy":"post_tag","embeddable":true,"href":"https:\/\/www.europesays.com\/fr\/wp-json\/wp\/v2\/tags?post=184918"}],"curies":[{"name":"wp","href":"https:\/\/api.w.org\/{rel}","templated":true}]}}