{"id":184925,"date":"2025-06-18T03:50:24","date_gmt":"2025-06-18T03:50:24","guid":{"rendered":"https:\/\/www.europesays.com\/fr\/184925\/"},"modified":"2025-06-18T03:50:24","modified_gmt":"2025-06-18T03:50:24","slug":"exposition-edgar-jayet-rend-hommage-a-la-secession-viennoise","status":"publish","type":"post","link":"https:\/\/www.europesays.com\/fr\/184925\/","title":{"rendered":"Exposition : Edgar Jayet rend hommage \u00e0 la S\u00e9cession viennoise"},"content":{"rendered":"<p>16 juin 2025<\/p>\n<p class=\"chapo\">Jusqu&rsquo;au 28 juin 2025, le galeriste Romain Morandi offre carte blanche au talentueux designer Edgar Jayet, qui d\u00e9voile ici un ensemble de mobilier in\u00e9dit aux c\u00f4t\u00e9s de pi\u00e8ces historiques de la S\u00e9cession viennoise.<\/p>\n<p class=\"has-drop-cap\">Si je t\u2019\u00e9cris ce soir de Vienne\u2026\u00a0 Un titre po\u00e9tique, pour une exposition qui sonne comme un hommage \u00e0 la S\u00e9cession viennoise et \u00e0 ses grands ma\u00eetres que sont Otto Wagner, Josef Hoffmann et Adolf Loos, entre autres. Si le mouvement a \u00e9merg\u00e9 en 1897, on note, encore aujourd\u2019hui, la puissante influence de ces artistes dans les sph\u00e8res du design, de l\u2019architecture et m\u00eame des arts visuels. Un h\u00e9ritage cher \u00e0\u00a0<a href=\"https:\/\/www.milkdecoration.com\/le-fil-prend-du-galon-sous-limpulsion-dedgar-jayet\/\" target=\"_blank\" rel=\"noreferrer noopener\">Edgar Jayet<\/a>\u00a0qui, sur invitation du\u00a0<strong>galeriste Romain Morandi<\/strong>, pr\u00e9sente, jusqu\u2019au 28 juin, une collection in\u00e9dite de mobilier dont l\u2019\u00e9pure stylistique et l\u2019artisanat exceptionnel font \u00e9cho \u00e0 ceux de la S\u00e9cession viennoise. Un ensemble de six pi\u00e8ces (fauteuils, m\u00e9ridienne, applique) en \u00e9dition limit\u00e9e \u00e0 8 exemplaires, qui dialogue, dans la galerie de Saint-Germain-des-Pr\u00e9s, avec des pi\u00e8ces historiques du mouvement s\u00e9cessionniste. La boucle est boucl\u00e9e.<\/p>\n<p><img fetchpriority=\"high\" decoding=\"async\" width=\"1920\" height=\"1440\" src=\"https:\/\/www.europesays.com\/fr\/wp-content\/uploads\/2025\/06\/2024-06-04-shooting-galerie-morandi0764-avec-accentuation-nr-copie.jpg\" alt=\"\" class=\"wp-image-73735\"  \/><\/p>\n","protected":false},"excerpt":{"rendered":"16 juin 2025 Jusqu&rsquo;au 28 juin 2025, le galeriste Romain Morandi offre carte blanche au talentueux designer Edgar&hellip;\n","protected":false},"author":2,"featured_media":184926,"comment_status":"","ping_status":"","sticky":false,"template":"","format":"standard","meta":{"footnotes":""},"categories":[1358],"tags":[1348,1384,1385,4397,1386,58,32300,59,3293,1011,27,10486,8886],"class_list":{"0":"post-184925","1":"post","2":"type-post","3":"status-publish","4":"format-standard","5":"has-post-thumbnail","7":"category-arts-et-design","8":"tag-arts","9":"tag-arts-and-design","10":"tag-arts-et-design","11":"tag-decoration","12":"tag-design","13":"tag-divertissement","14":"tag-edgar-jayet","15":"tag-entertainment","16":"tag-exposition","17":"tag-fr","18":"tag-france","19":"tag-galerie","20":"tag-mobilier"},"share_on_mastodon":{"url":"https:\/\/pubeurope.com\/@fr\/114702334379319215","error":""},"_links":{"self":[{"href":"https:\/\/www.europesays.com\/fr\/wp-json\/wp\/v2\/posts\/184925","targetHints":{"allow":["GET"]}}],"collection":[{"href":"https:\/\/www.europesays.com\/fr\/wp-json\/wp\/v2\/posts"}],"about":[{"href":"https:\/\/www.europesays.com\/fr\/wp-json\/wp\/v2\/types\/post"}],"author":[{"embeddable":true,"href":"https:\/\/www.europesays.com\/fr\/wp-json\/wp\/v2\/users\/2"}],"replies":[{"embeddable":true,"href":"https:\/\/www.europesays.com\/fr\/wp-json\/wp\/v2\/comments?post=184925"}],"version-history":[{"count":0,"href":"https:\/\/www.europesays.com\/fr\/wp-json\/wp\/v2\/posts\/184925\/revisions"}],"wp:featuredmedia":[{"embeddable":true,"href":"https:\/\/www.europesays.com\/fr\/wp-json\/wp\/v2\/media\/184926"}],"wp:attachment":[{"href":"https:\/\/www.europesays.com\/fr\/wp-json\/wp\/v2\/media?parent=184925"}],"wp:term":[{"taxonomy":"category","embeddable":true,"href":"https:\/\/www.europesays.com\/fr\/wp-json\/wp\/v2\/categories?post=184925"},{"taxonomy":"post_tag","embeddable":true,"href":"https:\/\/www.europesays.com\/fr\/wp-json\/wp\/v2\/tags?post=184925"}],"curies":[{"name":"wp","href":"https:\/\/api.w.org\/{rel}","templated":true}]}}