{"id":18493,"date":"2025-04-11T23:11:11","date_gmt":"2025-04-11T23:11:11","guid":{"rendered":"https:\/\/www.europesays.com\/fr\/18493\/"},"modified":"2025-04-11T23:11:11","modified_gmt":"2025-04-11T23:11:11","slug":"la-droite-et-lextreme-droite-actent-la-suppression-dune-vingtaine-dinstances-consultatives-liberation","status":"publish","type":"post","link":"https:\/\/www.europesays.com\/fr\/18493\/","title":{"rendered":"La droite et l\u2019extr\u00eame droite actent la suppression d\u2019une vingtaine d\u2019instances consultatives \u2013 Lib\u00e9ration"},"content":{"rendered":"<p class=\"sc-cPiKLX AiZTS text-element\">La tron\u00e7onneuse est bien de sortie. Enclench\u00e9e par Les R\u00e9publicains et l\u2019extr\u00eame droite depuis mercredi 9\u00a0avril \u00e0 l\u2019Assembl\u00e9e nationale, la suppression d\u2019une vingtaine d\u2019instances consultatives a \u00e9t\u00e9 act\u00e9e jeudi 10\u00a0avril au soir, \u00e0 l\u2019occasion de l\u2019examen de <a href=\"https:\/\/www.liberation.fr\/politique\/que-prevoit-la-loi-de-simplification-examinee-a-lassemblee-ce-mercredi-20250409_IIS7OPYE7ZDK5B6OGCIV3AD3BE\/\" target=\"_blank\" rel=\"nofollow noopener\">la loi dite de \u00absimplification\u00bb<\/a>. Dans une ambiance \u00e9lectrique, aliment\u00e9e par les <a href=\"https:\/\/www.liberation.fr\/politique\/le-cas-du-media-dextreme-droite-frontieres-sinvite-dans-les-debats-de-la-loi-de-simplification-20250411_SEPXDRKFUVFRNODO45NM6AHVVY\/\" target=\"_blank\" rel=\"nofollow noopener\">tensions <\/a>survenues mercredi entre des d\u00e9put\u00e9s de gauche et des journalistes de Fronti\u00e8res, m\u00e9dia d\u2019extr\u00eame droite, la droite et l\u2019extr\u00eame droite \u2013 aid\u00e9es par les macronistes, le Modem et Horizons \u2013 ont d\u00e9fendu la suppression d\u2019organismes de conseil, act\u00e9e en commission. Avec une gauche unie, en face, comme opposition.<\/p>\n<p class=\"sc-cPiKLX AiZTS text-element\">\u00abC\u2019est un texte pour se faire plaisir, chacun joue \u00e0 \u201cC\u2019est moi qui ai la plus grosse tron\u00e7onneuse\u201d\u00bb, a ainsi lanc\u00e9 le d\u00e9put\u00e9 ex-PS \u2013 qui si\u00e8ge avec les communistes \u2013, Emmanuel Maurel, \u00e0 l\u2019ouverture des d\u00e9bats mercredi, qualifiant de \u00abMilei \u00e0 petits pieds\u00bb \u2013 r\u00e9f\u00e9rence au pr\u00e9sident argentin ayant fait campagne avec une tron\u00e7onneuse \u2013, les d\u00e9put\u00e9s LR et ceux du Rassemblement national. Les quatre groupes de gauche, unis sur ce tex<\/p>\n","protected":false},"excerpt":{"rendered":"La tron\u00e7onneuse est bien de sortie. Enclench\u00e9e par Les R\u00e9publicains et l\u2019extr\u00eame droite depuis mercredi 9\u00a0avril \u00e0 l\u2019Assembl\u00e9e&hellip;\n","protected":false},"author":2,"featured_media":18494,"comment_status":"","ping_status":"","sticky":false,"template":"","format":"standard","meta":{"footnotes":""},"categories":[2],"tags":[11,416,1011,27,3228,12,25,2848],"class_list":{"0":"post-18493","1":"post","2":"type-post","3":"status-publish","4":"format-standard","5":"has-post-thumbnail","7":"category-actualites","8":"tag-actualites","9":"tag-assemblee-nationale","10":"tag-fr","11":"tag-france","12":"tag-lr","13":"tag-news","14":"tag-republique-francaise","15":"tag-rn"},"share_on_mastodon":{"url":"https:\/\/pubeurope.com\/@fr\/114321862623006447","error":""},"_links":{"self":[{"href":"https:\/\/www.europesays.com\/fr\/wp-json\/wp\/v2\/posts\/18493","targetHints":{"allow":["GET"]}}],"collection":[{"href":"https:\/\/www.europesays.com\/fr\/wp-json\/wp\/v2\/posts"}],"about":[{"href":"https:\/\/www.europesays.com\/fr\/wp-json\/wp\/v2\/types\/post"}],"author":[{"embeddable":true,"href":"https:\/\/www.europesays.com\/fr\/wp-json\/wp\/v2\/users\/2"}],"replies":[{"embeddable":true,"href":"https:\/\/www.europesays.com\/fr\/wp-json\/wp\/v2\/comments?post=18493"}],"version-history":[{"count":0,"href":"https:\/\/www.europesays.com\/fr\/wp-json\/wp\/v2\/posts\/18493\/revisions"}],"wp:featuredmedia":[{"embeddable":true,"href":"https:\/\/www.europesays.com\/fr\/wp-json\/wp\/v2\/media\/18494"}],"wp:attachment":[{"href":"https:\/\/www.europesays.com\/fr\/wp-json\/wp\/v2\/media?parent=18493"}],"wp:term":[{"taxonomy":"category","embeddable":true,"href":"https:\/\/www.europesays.com\/fr\/wp-json\/wp\/v2\/categories?post=18493"},{"taxonomy":"post_tag","embeddable":true,"href":"https:\/\/www.europesays.com\/fr\/wp-json\/wp\/v2\/tags?post=18493"}],"curies":[{"name":"wp","href":"https:\/\/api.w.org\/{rel}","templated":true}]}}