{"id":184938,"date":"2025-06-18T03:57:10","date_gmt":"2025-06-18T03:57:10","guid":{"rendered":"https:\/\/www.europesays.com\/fr\/184938\/"},"modified":"2025-06-18T03:57:10","modified_gmt":"2025-06-18T03:57:10","slug":"gerard-depardieu-a-bien-sexualise-une-fillette-lors-dun-voyage-en-coree-du-nord-selon-une-expertise-judiciaire-liberation","status":"publish","type":"post","link":"https:\/\/www.europesays.com\/fr\/184938\/","title":{"rendered":"G\u00e9rard Depardieu a bien sexualis\u00e9 une fillette lors d\u2019un voyage en Cor\u00e9e du Nord, selon une expertise judiciaire \u2013 Lib\u00e9ration"},"content":{"rendered":"<p class=\"sc-ksZaOG ehjQrN text-element\">Nouvelle d\u00e9convenue pour G\u00e9rard Depardieu dans l\u2019affaire qui l\u2019oppose \u00e0 France T\u00e9l\u00e9visions et \u00e0 la bo\u00eete de production Hikari, concernant le Compl\u00e9ment d\u2019enqu\u00eate \u2013 \u00abLa chute de l\u2019ogre\u00bb \u2013 <a href=\"https:\/\/www.liberation.fr\/checknews\/complement-denquete-gerard-depardieu-a-bien-tenu-des-propos-obscenes-au-passage-dune-fillette-lors-dun-voyage-en-coree-du-nord-20241126_OSVAXIHBY5COTNZ5OAOFQVTUMU\/?redirected=1\" target=\"_blank\" rel=\"noopener\" title=\"https:\/\/www.liberation.fr\/checknews\/complement-denquete-gerard-depardieu-a-bien-tenu-des-propos-obscenes-au-passage-dune-fillette-lors-dun-voyage-en-coree-du-nord-20241126_OSVAXIHBY5COTNZ5OAOFQVTUMU\/?redirected=1\">diffus\u00e9 en d\u00e9cembre 2023 sur France 2<\/a>. Selon nos informations, un rapport d\u2019expert judiciaire a conclu, mi-mai, que l\u2019acteur avait bien tenu des propos \u00e0 connotation sexuelle \u00e0 l\u2019\u00e9gard d\u2019une petite fille, comme le soutenait la cha\u00eene publique.<\/p>\n<p class=\"sc-ksZaOG ehjQrN text-element\">Dans cet opus de l\u2019\u00e9mission d\u2019investigation de France 2, l\u2019acteur appara\u00eet en compagnie de l\u2019\u00e9crivain Yann Moix lors d\u2019un voyage en Cor\u00e9e du Nord en 2018. Un s\u00e9jour au cours duquel il ne cesse de faire des observations graveleuses \u00e0 chaque rencontre avec la gent f\u00e9minine. Mais une s\u00e9quence en particulier avait fait scandale : celle de la visite d\u2019un haras, o\u00f9 l\u2019on voit Depardieu, selon le montage de France 2, <a href=\"https:\/\/www.liberation.fr\/checknews\/complement-denquete-gerard-depardieu-a-bien-tenu-des-propos-obscenes-au-passage-dune-fillette-lors-dun-voyage-en-coree-du-nord-202411&lt;\/p&gt;&lt;\/div&gt;&lt;\/article&gt;&lt;\/div&gt;&lt;div data-fusion-lazy-id=\" f0f8vgvlad832fw=\"\" target=\"_blank\" rel=\"noopener\"><\/p>\n","protected":false},"excerpt":{"rendered":"Nouvelle d\u00e9convenue pour G\u00e9rard Depardieu dans l\u2019affaire qui l\u2019oppose \u00e0 France T\u00e9l\u00e9visions et \u00e0 la bo\u00eete de production&hellip;\n","protected":false},"author":2,"featured_media":184939,"comment_status":"","ping_status":"","sticky":false,"template":"","format":"standard","meta":{"footnotes":""},"categories":[8],"tags":[13987,58,59,1011,27,2400,302],"class_list":{"0":"post-184938","1":"post","2":"type-post","3":"status-publish","4":"format-standard","5":"has-post-thumbnail","7":"category-divertissement","8":"tag-coree-du-nord","9":"tag-divertissement","10":"tag-entertainment","11":"tag-fr","12":"tag-france","13":"tag-france-televisions","14":"tag-gerard-depardieu"},"share_on_mastodon":{"url":"https:\/\/pubeurope.com\/@fr\/114702361791454358","error":""},"_links":{"self":[{"href":"https:\/\/www.europesays.com\/fr\/wp-json\/wp\/v2\/posts\/184938","targetHints":{"allow":["GET"]}}],"collection":[{"href":"https:\/\/www.europesays.com\/fr\/wp-json\/wp\/v2\/posts"}],"about":[{"href":"https:\/\/www.europesays.com\/fr\/wp-json\/wp\/v2\/types\/post"}],"author":[{"embeddable":true,"href":"https:\/\/www.europesays.com\/fr\/wp-json\/wp\/v2\/users\/2"}],"replies":[{"embeddable":true,"href":"https:\/\/www.europesays.com\/fr\/wp-json\/wp\/v2\/comments?post=184938"}],"version-history":[{"count":0,"href":"https:\/\/www.europesays.com\/fr\/wp-json\/wp\/v2\/posts\/184938\/revisions"}],"wp:featuredmedia":[{"embeddable":true,"href":"https:\/\/www.europesays.com\/fr\/wp-json\/wp\/v2\/media\/184939"}],"wp:attachment":[{"href":"https:\/\/www.europesays.com\/fr\/wp-json\/wp\/v2\/media?parent=184938"}],"wp:term":[{"taxonomy":"category","embeddable":true,"href":"https:\/\/www.europesays.com\/fr\/wp-json\/wp\/v2\/categories?post=184938"},{"taxonomy":"post_tag","embeddable":true,"href":"https:\/\/www.europesays.com\/fr\/wp-json\/wp\/v2\/tags?post=184938"}],"curies":[{"name":"wp","href":"https:\/\/api.w.org\/{rel}","templated":true}]}}