{"id":184942,"date":"2025-06-18T03:59:13","date_gmt":"2025-06-18T03:59:13","guid":{"rendered":"https:\/\/www.europesays.com\/fr\/184942\/"},"modified":"2025-06-18T03:59:13","modified_gmt":"2025-06-18T03:59:13","slug":"donald-trump-va-probablement-decaler-une-troisieme-fois-la-date-butoir-pour-la-vente-de-tiktok-aux-etats-unis","status":"publish","type":"post","link":"https:\/\/www.europesays.com\/fr\/184942\/","title":{"rendered":"Donald Trump va \u00abprobablement\u00bb d\u00e9caler une troisi\u00e8me fois la date butoir pour la vente de TikTok aux \u00c9tats-Unis"},"content":{"rendered":"<p>Le pr\u00e9sident a d\u00e9j\u00e0 accord\u00e9 deux sursis \u00e0 cette vente, rendue obligatoire par une loi de 2024, faute d\u2019un accord avec la Chine.<\/p>\n<p class=\"fig-paragraph\"><a href=\"http:\/\/www.lefigaro.fr\/medias\/denouement-imminent-pour-la-vente-de-tiktok-aux-etats-unis-20250403\" data-fig-type=\"Article\" data-gtm-custom-categorie=\"navigation\" data-gtm-custom-action=\"crossclick\" data-gtm-custom-label=\"Contextuel\" data-gtm-event=\"customEventSPE\" data-fig-domain=\"LEFIGARO\" target=\"_blank\" rel=\"noopener\">La vente de TikTok<\/a>, impos\u00e9e par le Congr\u00e8s am\u00e9ricain, tarde \u00e0 se mat\u00e9rialiser \u00e0 quelques jours d\u2019une \u00e9ni\u00e8me date butoir, fix\u00e9e \u00e0 jeudi. \u00c0 bord de l\u2019avion pr\u00e9sidentiel Air Force 1, Donald Trump a indiqu\u00e9 qu\u2019il accorderait \u00abprobablement\u00bb un nouveau report de l\u2019\u00e9ch\u00e9ance. Il s\u2019agira du troisi\u00e8me, apr\u00e8s deux premiers sursis de 75 jours chacun.<\/p>\n<p class=\"fig-paragraph\">En vertu d\u2019une loi vot\u00e9e au Congr\u00e8s en 2024, le r\u00e9seau social reste sous le coup d\u2019une interdiction aux \u00c9tats-Unis si sa maison m\u00e8re chinoise ByteDance n\u2019en abandonne pas le contr\u00f4le. Mais \u00e0 l\u2019approche de la limite de jeudi, les \u00e9lus, pourtant tr\u00e8s remont\u00e9s il y a quelques mois, semblent d\u00e9sormais se d\u00e9sint\u00e9resser du dossier.<\/p>\n<p class=\"fig-paragraph\">Selon plusieurs m\u00e9dias am\u00e9ricains, un protocole avait bien \u00e9t\u00e9 trouv\u00e9 d\u00e9but avril. Il pr\u00e9voyait la s\u00e9paration de TikTok US du groupe ByteDance, avec une recomposition du capital. Les parts d\u00e9tenues par des investisseurs non chinois auraient d\u00fb passer de 60 \u00e0 80%, ByteDance conservant les 20% qu\u2019elle poss\u00e8de actuellement.\u00a0<a href=\"http:\/\/www.lefigaro.fr\/medias\/le-groupe-oracle-apparait-comme-favori-pour-racheter-la-version-americaine-de-tiktok-20250317\" data-fig-type=\"Article\" data-gtm-custom-categorie=\"navigation\" data-gtm-custom-action=\"crossclick\" data-gtm-custom-label=\"Contextuel\" data-gtm-event=\"customEventSPE\" data-fig-domain=\"LEFIGARO\" target=\"_blank\" rel=\"noopener\">Le groupe informatique Oracle<\/a>, qui h\u00e9berge d\u00e9j\u00e0 les donn\u00e9es de TikTok US sur ses serveurs am\u00e9ricains, devait \u00eatre \u00e0 la man\u0153uvre, accompagn\u00e9, notamment, par le gestionnaire d\u2019actifs Blackstone ou l\u2019entrepreneur Michael Dell.<\/p>\n<p class=\"fig-paragraph\">Mais l\u2019annonce de droits de douane impos\u00e9s par Donald Trump \u00e0 ses partenaires commerciaux, avec une note particuli\u00e8rement sal\u00e9e pour la Chine, \u00e0 54% (plus tard relev\u00e9s jusqu\u2019\u00e0 145%),\u00a0<a href=\"http:\/\/www.lefigaro.fr\/secteur\/high-tech\/tiktok-pris-au-coeur-de-la-crise-des-tarifs-douaniers-20250405\" data-fig-type=\"Article\" data-gtm-custom-categorie=\"navigation\" data-gtm-custom-action=\"crossclick\" data-gtm-custom-label=\"Contextuel\" data-gtm-event=\"customEventSPE\" data-fig-domain=\"LEFIGARO\" target=\"_blank\" rel=\"noopener\">a bloqu\u00e9 la transaction c\u00f4t\u00e9 chinois<\/a>. \u00abIl nous faudra probablement l\u2019accord de la Chine\u00bb, a reconnu, mardi, Donald Trump. \u00abJe pense que le pr\u00e9sident Xi finira par donner son feu vert.\u00bb<\/p>\n<p class=\"fig-paragraph\">D\u00e9but mai, sur NBC, Donald Trump affirmait encore pouvoir int\u00e9grer le volet TikTok aux n\u00e9gociations plus larges avec la Chine sur le commerce, mais les deux sujets semblent aujourd\u2019hui bien dissoci\u00e9s.<\/p>\n<p>Toujours populaire<\/p>\n<p class=\"fig-paragraph\">Mais loin de p\u00e2tir de cette crise g\u00e9opolitique, le r\u00e9seau revendique toujours 170 millions d\u2019utilisateurs aux \u00c9tats-Unis, dont 7,5 millions de comptes d\u2019entreprises, des grands groupes aux PME. Selon le site sp\u00e9cialis\u00e9 Appfigures, le r\u00e9seau social est la deuxi\u00e8me application la plus t\u00e9l\u00e9charg\u00e9e aux \u00c9tats-Unis derri\u00e8re ChatGPT sur les t\u00e9l\u00e9phones Android.<\/p>\n<p class=\"fig-paragraph\">La mansu\u00e9tude affich\u00e9e par le milliardaire, qui a redit \u00e0 NBC avoir \u00abun petit faible pour TikTok\u00bb, a sensiblement dilu\u00e9 l\u2019urgence de la situation. Sur la plateforme, seuls quelques messages \u00e9voquent, sans passion, la date du 19 juin, leurs auteurs convaincus d\u2019un nouveau d\u00e9lai \u00e0 venir.<\/p>\n<p class=\"fig-paragraph\">Le contraste est marqu\u00e9 avec le d\u00e9but d\u2019ann\u00e9e,\u00a0<a href=\"http:\/\/www.lefigaro.fr\/secteur\/high-tech\/je-pourrai-perdre-jusqu-a-5000-euros-par-mois-des-influenceurs-s-alarment-d-une-possible-interdiction-de-tiktok-aux-etats-unis-20240423\" data-fig-type=\"Article\" data-gtm-custom-categorie=\"navigation\" data-gtm-custom-action=\"crossclick\" data-gtm-custom-label=\"Contextuel\" data-gtm-event=\"customEventSPE\" data-fig-domain=\"LEFIGARO\" target=\"_blank\" rel=\"noopener\">qui avait vu beaucoup d\u2019influenceurs pr\u00e9parer leur migration vers d\u2019autres cieux<\/a>, en particulier Instagram ou YouTube.<\/p>\n<p class=\"fig-paragraph\">D\u2019autres candidats \u00e0 un rachat de la plateforme s\u2019\u00e9taient positionn\u00e9s en d\u00e9but d\u2019ann\u00e9e, en particulier le \u00abProject Liberty\u00bb de l\u2019entrepreneur Frank McCourt et la start-up d\u2019intelligence artificielle (IA) g\u00e9n\u00e9rative Perplexity AI, chacun voulant int\u00e9grer l\u2019application \u00e0 un mod\u00e8le plus large. Le premier n\u2019a pas r\u00e9pondu \u00e0 une demande de l\u2019AFP, tandis que le second s\u2019est refus\u00e9 \u00e0 tout commentaire.<\/p>\n","protected":false},"excerpt":{"rendered":"Le pr\u00e9sident a d\u00e9j\u00e0 accord\u00e9 deux sursis \u00e0 cette vente, rendue obligatoire par une loi de 2024, faute&hellip;\n","protected":false},"author":2,"featured_media":184943,"comment_status":"","ping_status":"","sticky":false,"template":"","format":"standard","meta":{"footnotes":""},"categories":[6],"tags":[47,722,723,35,33,34,1011,27,727,726,142,310,655,720,719,724,725,717,718,2439,721,728],"class_list":{"0":"post-184942","1":"post","2":"type-post","3":"status-publish","4":"format-standard","5":"has-post-thumbnail","7":"category-economie","8":"tag-actualite","9":"tag-blog","10":"tag-blogs","11":"tag-business","12":"tag-economie","13":"tag-economy","14":"tag-fr","15":"tag-france","16":"tag-gadget","17":"tag-gadgets","18":"tag-high-tech","19":"tag-internet","20":"tag-iphone","21":"tag-multimedia","22":"tag-nouvelles-technolgies","23":"tag-smartphone","24":"tag-tablette","25":"tag-technologie","26":"tag-tic","27":"tag-tiktok","28":"tag-web","29":"tag-widgets"},"share_on_mastodon":{"url":"https:\/\/pubeurope.com\/@fr\/114702369583311888","error":""},"_links":{"self":[{"href":"https:\/\/www.europesays.com\/fr\/wp-json\/wp\/v2\/posts\/184942","targetHints":{"allow":["GET"]}}],"collection":[{"href":"https:\/\/www.europesays.com\/fr\/wp-json\/wp\/v2\/posts"}],"about":[{"href":"https:\/\/www.europesays.com\/fr\/wp-json\/wp\/v2\/types\/post"}],"author":[{"embeddable":true,"href":"https:\/\/www.europesays.com\/fr\/wp-json\/wp\/v2\/users\/2"}],"replies":[{"embeddable":true,"href":"https:\/\/www.europesays.com\/fr\/wp-json\/wp\/v2\/comments?post=184942"}],"version-history":[{"count":0,"href":"https:\/\/www.europesays.com\/fr\/wp-json\/wp\/v2\/posts\/184942\/revisions"}],"wp:featuredmedia":[{"embeddable":true,"href":"https:\/\/www.europesays.com\/fr\/wp-json\/wp\/v2\/media\/184943"}],"wp:attachment":[{"href":"https:\/\/www.europesays.com\/fr\/wp-json\/wp\/v2\/media?parent=184942"}],"wp:term":[{"taxonomy":"category","embeddable":true,"href":"https:\/\/www.europesays.com\/fr\/wp-json\/wp\/v2\/categories?post=184942"},{"taxonomy":"post_tag","embeddable":true,"href":"https:\/\/www.europesays.com\/fr\/wp-json\/wp\/v2\/tags?post=184942"}],"curies":[{"name":"wp","href":"https:\/\/api.w.org\/{rel}","templated":true}]}}