{"id":184948,"date":"2025-06-18T04:03:20","date_gmt":"2025-06-18T04:03:20","guid":{"rendered":"https:\/\/www.europesays.com\/fr\/184948\/"},"modified":"2025-06-18T04:03:20","modified_gmt":"2025-06-18T04:03:20","slug":"saint-etienne-le-melies-accueille-une-selection-de-la-quinzaine-des-cineastes","status":"publish","type":"post","link":"https:\/\/www.europesays.com\/fr\/184948\/","title":{"rendered":"SAINT-\u00c9TIENNE : LE M\u00c9LI\u00c8S ACCUEILLE UNE S\u00c9LECTION DE LA QUINZAINE DES CIN\u00c9ASTES"},"content":{"rendered":"<p>Cette initiative permet au public st\u00e9phanois de d\u00e9couvrir des \u0153uvres cin\u00e9matographiques remarqu\u00e9es lors de la manifestation cannoise. Julien Rejl, d\u00e9l\u00e9gu\u00e9 g\u00e9n\u00e9ral de la Quinzaine, pr\u00e9sente cette \u00e9dition comme un t\u00e9moignage de la vitalit\u00e9 cr\u00e9atrice face aux d\u00e9fis contemporains. Selon lui, les cin\u00e9astes du monde entier maintiennent leur fonction questionnante et po\u00e9tique malgr\u00e9 les tensions g\u00e9opolitiques et les menaces pesant sur la libert\u00e9 d\u2019expression artistique.<\/p>\n<p>Cette s\u00e9lection met en avant des r\u00e9alisateurs provenant parfois de zones de conflit ou de r\u00e9gions confront\u00e9es \u00e0 l\u2019autoritarisme, dont les \u0153uvres proposent une vision nuanc\u00e9e des r\u00e9alit\u00e9s contemporaines. L\u2019approche privil\u00e9gi\u00e9e consiste \u00e0 explorer les trajectoires individuelles plut\u00f4t que de se limiter aux grands r\u00e9cits collectifs.<\/p>\n<p>Une programmation \u00e9clectique sur six jours<\/p>\n<p>Le cin\u00e9ma Saint-Fran\u00e7ois proposera une projection quotidienne selon le programme suivant :<\/p>\n<p>La semaine d\u00e9butera mercredi 11 juin \u00e0 19h avec \u00ab\u00a0<strong>La Mort n\u2019existe pas<\/strong>\u00ab\u00a0, suivi jeudi 12 juin \u00e0 la m\u00eame heure par <strong>\u00ab\u00a0Le Ma\u00eetre du Kabuki\u00a0\u00bb<\/strong>. Vendredi 13 juin sera consacr\u00e9 \u00e0 \u00ab\u00a0La Danse des Renards\u00a0\u00bb, \u00e9galement programm\u00e9 en soir\u00e9e.<\/p>\n<p>Le week-end offrira deux s\u00e9ances dominicales : \u00ab\u00a0<strong>Miroir No. 3<\/strong>\u00a0\u00bb en matin\u00e9e \u00e0 16h, puis \u00ab\u00a0<strong>Militantropos<\/strong>\u00a0\u00bb en soir\u00e9e \u00e0 20h. La programmation se cl\u00f4turera mardi 17 juin avec \u00ab\u00a0<strong>Les Filles D\u00e9sir<\/strong>\u00a0\u00bb \u00e0 20h.<\/p>\n<p>Un engagement contre l\u2019uniformisation culturelle<\/p>\n<p>Cette initiative s\u2019inscrit dans la mission de la Quinzaine de soutenir la diversit\u00e9 cin\u00e9matographique face aux tendances de standardisation commerciale. La s\u00e9lection privil\u00e9gie les approches autoriales et les regards singuliers sur les enjeux contemporains.<\/p>\n<p>Le d\u00e9l\u00e9gu\u00e9 g\u00e9n\u00e9ral souligne l\u2019importance de cette r\u00e9sistance cr\u00e9ative, particuli\u00e8rement dans un contexte o\u00f9 les valeurs universalistes sont remises en question. Le cin\u00e9ma conserve selon lui sa capacit\u00e9 d\u2019anticipation sociale en proposant des lectures complexes plut\u00f4t que des jugements tranch\u00e9s.<\/p>\n<p>Une opportunit\u00e9 culturelle pour le public st\u00e9phanois<\/p>\n<p>Cette programmation exceptionnelle permet aux cin\u00e9philes locaux d\u2019acc\u00e9der \u00e0 des \u0153uvres habituellement r\u00e9serv\u00e9es aux circuits sp\u00e9cialis\u00e9s. Le choix du cin\u00e9ma M\u00e9li\u00e8s, reconnu pour sa programmation exigeante, garantit des conditions de projection optimales pour ces films d\u2019auteur.<\/p>\n","protected":false},"excerpt":{"rendered":"Cette initiative permet au public st\u00e9phanois de d\u00e9couvrir des \u0153uvres cin\u00e9matographiques remarqu\u00e9es lors de la manifestation cannoise. Julien&hellip;\n","protected":false},"author":2,"featured_media":184949,"comment_status":"","ping_status":"","sticky":false,"template":"","format":"standard","meta":{"footnotes":""},"categories":[9653],"tags":[1111,11,2430,650,1777,674,1011,27,3367,12,25,4001],"class_list":{"0":"post-184948","1":"post","2":"type-post","3":"status-publish","4":"format-standard","5":"has-post-thumbnail","7":"category-saint-etienne","8":"tag-actu","9":"tag-actualites","10":"tag-auvergne-rhone-alpes","11":"tag-cinema","12":"tag-eu","13":"tag-europe","14":"tag-fr","15":"tag-france","16":"tag-loire","17":"tag-news","18":"tag-republique-francaise","19":"tag-saint-etienne"},"share_on_mastodon":{"url":"https:\/\/pubeurope.com\/@fr\/114702385573327220","error":""},"_links":{"self":[{"href":"https:\/\/www.europesays.com\/fr\/wp-json\/wp\/v2\/posts\/184948","targetHints":{"allow":["GET"]}}],"collection":[{"href":"https:\/\/www.europesays.com\/fr\/wp-json\/wp\/v2\/posts"}],"about":[{"href":"https:\/\/www.europesays.com\/fr\/wp-json\/wp\/v2\/types\/post"}],"author":[{"embeddable":true,"href":"https:\/\/www.europesays.com\/fr\/wp-json\/wp\/v2\/users\/2"}],"replies":[{"embeddable":true,"href":"https:\/\/www.europesays.com\/fr\/wp-json\/wp\/v2\/comments?post=184948"}],"version-history":[{"count":0,"href":"https:\/\/www.europesays.com\/fr\/wp-json\/wp\/v2\/posts\/184948\/revisions"}],"wp:featuredmedia":[{"embeddable":true,"href":"https:\/\/www.europesays.com\/fr\/wp-json\/wp\/v2\/media\/184949"}],"wp:attachment":[{"href":"https:\/\/www.europesays.com\/fr\/wp-json\/wp\/v2\/media?parent=184948"}],"wp:term":[{"taxonomy":"category","embeddable":true,"href":"https:\/\/www.europesays.com\/fr\/wp-json\/wp\/v2\/categories?post=184948"},{"taxonomy":"post_tag","embeddable":true,"href":"https:\/\/www.europesays.com\/fr\/wp-json\/wp\/v2\/tags?post=184948"}],"curies":[{"name":"wp","href":"https:\/\/api.w.org\/{rel}","templated":true}]}}