{"id":184950,"date":"2025-06-18T04:04:09","date_gmt":"2025-06-18T04:04:09","guid":{"rendered":"https:\/\/www.europesays.com\/fr\/184950\/"},"modified":"2025-06-18T04:04:09","modified_gmt":"2025-06-18T04:04:09","slug":"un-conseil-municipal-est-programme-trois-jours-apres-la-fin-du-proces","status":"publish","type":"post","link":"https:\/\/www.europesays.com\/fr\/184950\/","title":{"rendered":"un conseil municipal est programm\u00e9 trois jours apr\u00e8s la fin du proc\u00e8s"},"content":{"rendered":"<p>\u00ab\u00a0En aucun cas, le conseil municipal ne peut se transformer en tribunal\u00a0\u00bb, avait indiqu\u00e9 le 26\u00a0septembre 2022 le maire de Saint-Etienne, <a href=\"https:\/\/www.leprogres.fr\/p\/gael-perdriau\" target=\"_blank\" rel=\"nofollow noopener\">Ga\u00ebl Perdriau<\/a>.<\/p>\n<p>Ce jour-l\u00e0, il avait fait face avec aplomb aux attaques de l\u2019opposition scandalis\u00e9e par les r\u00e9v\u00e9lations de Mediapart, un mois plus t\u00f4t, sur le pr\u00e9sum\u00e9 chantage \u00e0 la vid\u00e9o.<\/p>\n<p><a href=\"https:\/\/www.leprogres.fr\/politique\/2022\/09\/26\/monsieur-perdriau-partez-le-maire-bouscule-mais-loin-d-etre-ko\" target=\"_blank\" rel=\"nofollow noopener\">\u00ab\u00a0Monsieur Perdriau, partez\u00a0!\u00a0\u00bb lui avait m\u00eame intim\u00e9 l\u2019UDI Lionel Boucher,<\/a> \u00e0 l\u2019\u00e9poque toujours adjoint au maire et proche de <a href=\"https:\/\/www.leprogres.fr\/p\/gilles-artigues\" target=\"_blank\" rel=\"nofollow noopener\">Gilles Artigues<\/a>. \u00ab\u00a0Je n\u2019ai jamais vu cette vid\u00e9o et je ne m\u2019en suis jamais servi contre Gilles Artigues. Je n\u2019ai jamais d\u00e9tourn\u00e9 le moindre euro de la collectivit\u00e9\u00a0\u00bb, s\u2019\u00e9tait d\u00e9fendu Ga\u00ebl Perdriau, droit dans ses bottes durant toute la s\u00e9ance de ce conseil de 2022.<\/p>\n<p>Trois ans plus tard, les St\u00e9phanois sauront enfin la v\u00e9rit\u00e9 puisque la date du proc\u00e8s est connue depuis le 6\u00a0juin. Sous r\u00e9serve de recours,<a href=\"https:\/\/www.leprogres.fr\/faits-divers-justice\/2025\/06\/06\/sextape-gael-perdriau-au-tribunal-en-septembre-avec-sept-co-prevenus\" target=\"_blank\" rel=\"nofollow noopener\"> il aura lieu du 22 au 26\u00a0septembre \u00e0 Lyon<\/a>.<\/p>\n<p>Trois jours plus tard, les \u00e9lus assisteront au conseil municipal et ils devraient conna\u00eetre les r\u00e9quisitions \u00e0 d\u00e9faut du jugement, qui pourrait \u00eatre mis en d\u00e9lib\u00e9r\u00e9.<\/p>\n<p>  La salle Albert-Lebrun habitu\u00e9e aux \u00e9clats de voix<\/p>\n<p>L\u2019ambiance de la salle Albert-Lebrun, qui est habitu\u00e9e aux \u00e9clats de voix, risque fort d\u2019\u00eatre tr\u00e8s \u00e9trange en ce jour de septembre. Une salle Albert-Lebrun dont les murs ont trembl\u00e9 \u00e0 chaque conseil municipal depuis trois ans et dont l\u2019affaire s\u2019est invit\u00e9e \u00e0 chaque s\u00e9ance.<\/p>\n<p>On apprendra alors qui aura eu raison. Ceux qui n\u2019ont eu de cesse de demander depuis le d\u00e9but la d\u00e9mission de Ga\u00ebl Perdriau\u00a0? Ceux qui, au contraire, ont toujours mis en avant la pr\u00e9somption d\u2019innocence, restant fid\u00e8les au maire et croyant dur comme fer en son innocence\u00a0?<\/p>\n<p>  Un autre rendez-vous fin juin<\/p>\n<p>En attendant cette date fatidique, tous les \u00e9lus, qu\u2019ils appartiennent \u00e0 la majorit\u00e9 ou \u00e0 l\u2019opposition, se disent en tout cas soulag\u00e9s que ce proc\u00e8s arrive enfin. Ga\u00ebl Perdriau lui-m\u00eame a, par la voix de son avocat Ma\u00eetre Luciani,<a href=\"https:\/\/www.leprogres.fr\/faits-divers-justice\/2025\/06\/08\/affaire-de-la-video-intime-le-maire-gael-perdriau-satisfait-de-la-date-de-son-proces\" target=\"_blank\" rel=\"nofollow noopener\"> indiqu\u00e9 qu\u2019il \u00e9tait satisfait<\/a> de la date de son renvoi en correctionnelle.<\/p>\n<p>\u00ab\u00a0Le maire de Saint-\u00c9tienne va ainsi pouvoir s\u2019expliquer dans un temps qui n\u2019interf\u00e8re pas trop avec la campagne pour les \u00e9lections municipales de 2026, afin qu\u2019elle puisse \u00eatre apais\u00e9e en \u00e9tant d\u00e9barrass\u00e9e de toute hypoth\u00e8que judiciaire et que les St\u00e9phanois s\u2019expriment tranquillement. Cela lui permettra aussi de prendre une d\u00e9cision et de l\u2019annoncer de fa\u00e7on plus sereine apr\u00e8s l\u2019audience\u00a0\u00bb, avait indiqu\u00e9, le 8\u00a0juin, le conseil de Ga\u00ebl Perdriau.<\/p>\n<p>En attendant ce conseil municipal de septembre, les \u00e9lus de Saint-Etienne se retrouveront le 30\u00a0juin. Et, une nouvelle fois, l\u2019affaire qui empoisonne la ville depuis trois ans, une \u00e9ternit\u00e9, risque fort d\u2019animer les d\u00e9bats.<\/p>\n","protected":false},"excerpt":{"rendered":"\u00ab\u00a0En aucun cas, le conseil municipal ne peut se transformer en tribunal\u00a0\u00bb, avait indiqu\u00e9 le 26\u00a0septembre 2022 le&hellip;\n","protected":false},"author":2,"featured_media":184951,"comment_status":"","ping_status":"","sticky":false,"template":"","format":"standard","meta":{"footnotes":""},"categories":[9653],"tags":[1111,11,2430,1984,7539,1777,674,274,1011,27,3367,12,316,25,4001,7538],"class_list":{"0":"post-184950","1":"post","2":"type-post","3":"status-publish","4":"format-standard","5":"has-post-thumbnail","7":"category-saint-etienne","8":"tag-actu","9":"tag-actualites","10":"tag-auvergne-rhone-alpes","11":"tag-conseil-municipal","12":"tag-edition-loire-sud","13":"tag-eu","14":"tag-europe","15":"tag-faits-divers-justice","16":"tag-fr","17":"tag-france","18":"tag-loire","19":"tag-news","20":"tag-politique","21":"tag-republique-francaise","22":"tag-saint-etienne","23":"tag-saint-etienne-ville"},"share_on_mastodon":{"url":"https:\/\/pubeurope.com\/@fr\/114702389441171532","error":""},"_links":{"self":[{"href":"https:\/\/www.europesays.com\/fr\/wp-json\/wp\/v2\/posts\/184950","targetHints":{"allow":["GET"]}}],"collection":[{"href":"https:\/\/www.europesays.com\/fr\/wp-json\/wp\/v2\/posts"}],"about":[{"href":"https:\/\/www.europesays.com\/fr\/wp-json\/wp\/v2\/types\/post"}],"author":[{"embeddable":true,"href":"https:\/\/www.europesays.com\/fr\/wp-json\/wp\/v2\/users\/2"}],"replies":[{"embeddable":true,"href":"https:\/\/www.europesays.com\/fr\/wp-json\/wp\/v2\/comments?post=184950"}],"version-history":[{"count":0,"href":"https:\/\/www.europesays.com\/fr\/wp-json\/wp\/v2\/posts\/184950\/revisions"}],"wp:featuredmedia":[{"embeddable":true,"href":"https:\/\/www.europesays.com\/fr\/wp-json\/wp\/v2\/media\/184951"}],"wp:attachment":[{"href":"https:\/\/www.europesays.com\/fr\/wp-json\/wp\/v2\/media?parent=184950"}],"wp:term":[{"taxonomy":"category","embeddable":true,"href":"https:\/\/www.europesays.com\/fr\/wp-json\/wp\/v2\/categories?post=184950"},{"taxonomy":"post_tag","embeddable":true,"href":"https:\/\/www.europesays.com\/fr\/wp-json\/wp\/v2\/tags?post=184950"}],"curies":[{"name":"wp","href":"https:\/\/api.w.org\/{rel}","templated":true}]}}