{"id":184952,"date":"2025-06-18T04:05:12","date_gmt":"2025-06-18T04:05:12","guid":{"rendered":"https:\/\/www.europesays.com\/fr\/184952\/"},"modified":"2025-06-18T04:05:12","modified_gmt":"2025-06-18T04:05:12","slug":"simulateurs-vols-decouverte-et-conferences-pour-un-hommage-a-marie-marvingt","status":"publish","type":"post","link":"https:\/\/www.europesays.com\/fr\/184952\/","title":{"rendered":"simulateurs, vols d\u00e9couverte et conf\u00e9rences pour un hommage \u00e0 Marie Marvingt"},"content":{"rendered":"<p>C\u2019est un rendez-vous que tous les amateurs et les passionn\u00e9s d\u2019aviation ne sauraient manquer. Organis\u00e9e par l\u2019Union a\u00e9ronautique Nancy-M\u00e9tropole et l\u2019a\u00e9roclub de Meurthe-et-Moselle, pr\u00e9sid\u00e9s par Jean-Claude Hanesse, la cinqui\u00e8me \u00e9dition de la journ\u00e9e Marie Marvingt aura lieu ce dimanche 22\u00a0juin \u00e0 l\u2019a\u00e9rodrome de Nancy-Malz\u00e9ville.<\/p>\n<p>Et comme l\u2019ann\u00e9e 2025 co\u00efncide aussi avec le 150e anniversaire de la naissance de ce personnage nanc\u00e9ien haut en couleur, les organisateurs ont mis cette ann\u00e9e un point d\u2019honneur \u00e0 \u00e9toffer sensiblement le programme des animations.<\/p>\n<p>Comme de coutume, les b\u00e2timents de l\u2019a\u00e9rodrome permettront aux visiteurs de se frotter \u00e0 divers simulateurs, et d\u2019approcher avions, ULM et autres planeurs (d\u2019ailleurs, des vols d\u00e9couverte auront lieu toute la journ\u00e9e). Mais la richesse de la programmation tient aussi \u00e0 la diversit\u00e9 des partenaires, qui seront pr\u00e9sents sur site\u00a0: l\u2019arm\u00e9e de l\u2019air, diff\u00e9rents clubs sportifs rendant hommage aux disciplines qu\u2019affectionnait Marie Marvingt, le CPIE (Centre Permanent d\u2019Initiatives pour l\u2019Environnement) de Champenoux et ses ateliers de d\u00e9couverte et de sensibilisation.<\/p>\n<p>  Des vols de doudous<\/p>\n<p>Comme de coutume, un cycle de conf\u00e9rences, rendant hommage \u00e0 Marie Marvingt et d\u2019une mani\u00e8re g\u00e9n\u00e9rale aux femmes pilotes, ponctuera \u00e9galement la journ\u00e9e, au m\u00eame titre qu\u2019une foule d\u2019animations destin\u00e9e \u00e0 tous les publics\u00a0: course aux tr\u00e9sors, pr\u00e9sentation de paramoteurs, de rapaces issus de la fauconnerie Display-Team, balades \u00e0 v\u00e9lo autour du plateau, sans oublier (tr\u00e8s appr\u00e9ci\u00e9 des enfants) la possibilit\u00e9 de faire voler des doudous.<\/p>\n<p>Et puis, et c\u2019est une premi\u00e8re dans les annales de la manifestation, Richard Dagorne, directeur du Mus\u00e9e Lorrain, et Damien Nicolodi, assistant de recherche, pr\u00e9senteront (\u00e0 partir de 15\u00a0h) un portrait de Marie Marvingt, d\u00e9couvert dans les r\u00e9serves de l\u2019institution\u00a0; un portrait r\u00e9alis\u00e9 en 1920 par Vera de Landchevsky.<\/p>\n<p>Les autres conf\u00e9rences sont les suivantes\u00a0:<\/p>\n<p>&#8211; \u00ab\u00a0 De Marie Marvingt \u00e0 Val\u00e9rie Andr\u00e9 et Sophie Adenot, les femmes et l\u2019aviation militaire et spatiale \u00a0\u00bb par le colonel Pierre-Alain Antoine, ancien de la Patrouille de France. \u00c0 14\u00a0h.<\/p>\n<p>&#8211; \u00ab\u00a0 Combats et succ\u00e8s des femmes pilotes depuis les d\u00e9buts de l\u2019aviation \u00a0\u00bb par Christine Debouzy, pr\u00e9sidente de l\u2019Association Fran\u00e7aise des Femmes Pilotes. \u00c0 15\u00a0h\u00a030.<\/p>\n<p>&#8211; \u00ab Les aventures extraordinaires de Marie Marvingt \u00a0\u00bb par Alain de Libero, historien et \u00e9crivain. \u00c0 16\u00a0h\u00a030.<\/p>\n<p>&#8211; \u00ab\u00a0 Marie Marvingt, l\u2019intr\u00e9pide \u00a0\u00bb, traduction de l\u2019ouvrage de Rosalie Di Maggio par Barbara Schmitt, professeur d\u2019anglais \u00e0 l\u2019Universit\u00e9 de Lorraine.<\/p>\n<p class=\"note\">Dimanche 22\u00a0juin de 10\u00a0h \u00e0 18\u00a0h. A\u00e9rodrome de Nancy-Malz\u00e9ville. Entr\u00e9e libre.<\/p>\n","protected":false},"excerpt":{"rendered":"C\u2019est un rendez-vous que tous les amateurs et les passionn\u00e9s d\u2019aviation ne sauraient manquer. Organis\u00e9e par l\u2019Union a\u00e9ronautique&hellip;\n","protected":false},"author":2,"featured_media":184953,"comment_status":"","ping_status":"","sticky":false,"template":"","format":"standard","meta":{"footnotes":""},"categories":[9635],"tags":[1111,11,1687,1704,1777,674,1011,27,775,11259,11260,1702,12,25],"class_list":{"0":"post-184952","1":"post","2":"type-post","3":"status-publish","4":"format-standard","5":"has-post-thumbnail","7":"category-nancy","8":"tag-actu","9":"tag-actualites","10":"tag-culture-loisirs","11":"tag-edition-nancy-et-agglomeration","12":"tag-eu","13":"tag-europe","14":"tag-fr","15":"tag-france","16":"tag-grand-est","17":"tag-malzeville","18":"tag-metropole-du-grand-nancy-54b4","19":"tag-nancy","20":"tag-news","21":"tag-republique-francaise"},"share_on_mastodon":{"url":"https:\/\/pubeurope.com\/@fr\/114702393357716617","error":""},"_links":{"self":[{"href":"https:\/\/www.europesays.com\/fr\/wp-json\/wp\/v2\/posts\/184952","targetHints":{"allow":["GET"]}}],"collection":[{"href":"https:\/\/www.europesays.com\/fr\/wp-json\/wp\/v2\/posts"}],"about":[{"href":"https:\/\/www.europesays.com\/fr\/wp-json\/wp\/v2\/types\/post"}],"author":[{"embeddable":true,"href":"https:\/\/www.europesays.com\/fr\/wp-json\/wp\/v2\/users\/2"}],"replies":[{"embeddable":true,"href":"https:\/\/www.europesays.com\/fr\/wp-json\/wp\/v2\/comments?post=184952"}],"version-history":[{"count":0,"href":"https:\/\/www.europesays.com\/fr\/wp-json\/wp\/v2\/posts\/184952\/revisions"}],"wp:featuredmedia":[{"embeddable":true,"href":"https:\/\/www.europesays.com\/fr\/wp-json\/wp\/v2\/media\/184953"}],"wp:attachment":[{"href":"https:\/\/www.europesays.com\/fr\/wp-json\/wp\/v2\/media?parent=184952"}],"wp:term":[{"taxonomy":"category","embeddable":true,"href":"https:\/\/www.europesays.com\/fr\/wp-json\/wp\/v2\/categories?post=184952"},{"taxonomy":"post_tag","embeddable":true,"href":"https:\/\/www.europesays.com\/fr\/wp-json\/wp\/v2\/tags?post=184952"}],"curies":[{"name":"wp","href":"https:\/\/api.w.org\/{rel}","templated":true}]}}