{"id":184962,"date":"2025-06-18T04:13:32","date_gmt":"2025-06-18T04:13:32","guid":{"rendered":"https:\/\/www.europesays.com\/fr\/184962\/"},"modified":"2025-06-18T04:13:32","modified_gmt":"2025-06-18T04:13:32","slug":"isere-il-va-parcourir-800-km-a-velo-avec-ses-chiens-en-faveur-des-enfants-malades","status":"publish","type":"post","link":"https:\/\/www.europesays.com\/fr\/184962\/","title":{"rendered":"Is\u00e8re. Il va parcourir 800\u00a0km \u00e0 v\u00e9lo avec ses chiens en faveur des enfants malades"},"content":{"rendered":"<p>Le top d\u00e9part a \u00e9t\u00e9 donn\u00e9 depuis la place du 8-Mai-1945 du Pont-de-Claix ce lundi 16\u00a0juin, en pr\u00e9sence du maire et pr\u00e9sident de la M\u00e9tropole, Christophe Ferrari, mais aussi de ses proches, \u00e9pouse et fille en t\u00eate, qu\u2019il ne reverra qu\u2019apr\u00e8s le 12\u00a0juillet. Thierry Rioche, ancien restaurateur grenoblois de 55 ans, s\u2019est lanc\u00e9 dans un p\u00e9riple \u00e0 v\u00e9lo de 800\u00a0km, qui le m\u00e8nera jusqu\u2019\u00e0 l\u2019\u00eele d\u2019Ol\u00e9ron. Ses compagnons de route\u00a0: ses six chiens, des alaskans huskys. Narcos, Mc Queen, Nenette, Nuts,&#8230;<\/p>\n","protected":false},"excerpt":{"rendered":"Le top d\u00e9part a \u00e9t\u00e9 donn\u00e9 depuis la place du 8-Mai-1945 du Pont-de-Claix ce lundi 16\u00a0juin, en pr\u00e9sence&hellip;\n","protected":false},"author":2,"featured_media":184963,"comment_status":"","ping_status":"","sticky":false,"template":"","format":"standard","meta":{"footnotes":""},"categories":[9566],"tags":[1111,11,2430,112,113,1777,674,1011,27,2731,1757,108,7000,3294,12,25,7135,71,104],"class_list":{"0":"post-184962","1":"post","2":"type-post","3":"status-publish","4":"format-standard","5":"has-post-thumbnail","7":"category-grenoble","8":"tag-actu","9":"tag-actualites","10":"tag-auvergne-rhone-alpes","11":"tag-edition-grenoble-agglomeration","12":"tag-edition-gresivaudan-oisans","13":"tag-eu","14":"tag-europe","15":"tag-fr","16":"tag-france","17":"tag-grenoble","18":"tag-insolite","19":"tag-isere","20":"tag-lagglomeration","21":"tag-le-pont-de-claix","22":"tag-news","23":"tag-republique-francaise","24":"tag-running","25":"tag-sante","26":"tag-societe"},"share_on_mastodon":{"url":"https:\/\/pubeurope.com\/@fr\/114702424749549738","error":""},"_links":{"self":[{"href":"https:\/\/www.europesays.com\/fr\/wp-json\/wp\/v2\/posts\/184962","targetHints":{"allow":["GET"]}}],"collection":[{"href":"https:\/\/www.europesays.com\/fr\/wp-json\/wp\/v2\/posts"}],"about":[{"href":"https:\/\/www.europesays.com\/fr\/wp-json\/wp\/v2\/types\/post"}],"author":[{"embeddable":true,"href":"https:\/\/www.europesays.com\/fr\/wp-json\/wp\/v2\/users\/2"}],"replies":[{"embeddable":true,"href":"https:\/\/www.europesays.com\/fr\/wp-json\/wp\/v2\/comments?post=184962"}],"version-history":[{"count":0,"href":"https:\/\/www.europesays.com\/fr\/wp-json\/wp\/v2\/posts\/184962\/revisions"}],"wp:featuredmedia":[{"embeddable":true,"href":"https:\/\/www.europesays.com\/fr\/wp-json\/wp\/v2\/media\/184963"}],"wp:attachment":[{"href":"https:\/\/www.europesays.com\/fr\/wp-json\/wp\/v2\/media?parent=184962"}],"wp:term":[{"taxonomy":"category","embeddable":true,"href":"https:\/\/www.europesays.com\/fr\/wp-json\/wp\/v2\/categories?post=184962"},{"taxonomy":"post_tag","embeddable":true,"href":"https:\/\/www.europesays.com\/fr\/wp-json\/wp\/v2\/tags?post=184962"}],"curies":[{"name":"wp","href":"https:\/\/api.w.org\/{rel}","templated":true}]}}