{"id":184964,"date":"2025-06-18T04:14:12","date_gmt":"2025-06-18T04:14:12","guid":{"rendered":"https:\/\/www.europesays.com\/fr\/184964\/"},"modified":"2025-06-18T04:14:12","modified_gmt":"2025-06-18T04:14:12","slug":"metropole-de-grenoble-ce-que-propose-lassurance-habitation-solidaire","status":"publish","type":"post","link":"https:\/\/www.europesays.com\/fr\/184964\/","title":{"rendered":"M\u00e9tropole de Grenoble : ce que propose l&rsquo;assurance habitation solidaire"},"content":{"rendered":"<p>Deux ans apr\u00e8s Paris, la M\u00e9tropole de Grenoble officialise la mise en place d&rsquo;une <strong>assurance multi-risques habitation \u00ab\u00a0solidaire\u00a0\u00bb<\/strong>. L&rsquo;offre, qui s&rsquo;adresse aux <strong>locataires du parc public comme priv\u00e9<\/strong>, <strong>sous conditions de revenus<\/strong>, r\u00e9sidant dans l&rsquo;une des 49 communes membres, est celle du <strong>groupe mutualiste VYV <\/strong>(Harmonie Mutuelle, MNT). Ce dernier est exp\u00e9riment\u00e9 en la mati\u00e8re puisque c&rsquo;est lui qui \u0153uvre pour la <a href=\"https:\/\/mesinfos.fr\/ile-de-france\/la-ville-lance-une-assurance-habitation-pour-les-locataires-modestes-119616.html\" rel=\"noopener\" target=\"_blank\">Ville de Paris<\/a> ainsi que pour les Villes de Tourcoing, Lille et tout r\u00e9cemment Cr\u00e9teil. Grenoble est d\u00e9sormais la <strong>premi\u00e8re M\u00e9tropole en France<\/strong> \u00e0 proposer ce dispositif. <\/p>\n<p>Une nouvelle assurance multi-risques habitation moins ch\u00e8re, valable dans les 49 communes de la M\u00e9tropole de Grenoble <\/p>\n<p>Grenoble Alpes M\u00e9tropole avait lanc\u00e9 un <strong>appel \u00e0 manifestation d&rsquo;int\u00e9r\u00eat<\/strong> en novembre dernier et re\u00e7u deux offres dont celle du laur\u00e9at pour <strong>trois ans<\/strong>, VYV. Parmi les objectifs figuraient celui de proposer une <strong>offre moins ch\u00e8re<\/strong> que la moyenne des tarifs du march\u00e9, une <strong>tarification claire <\/strong>bas\u00e9e uniquement sur le nombre de pi\u00e8ces et <strong>sans frais cach\u00e9s<\/strong>. Elle devait \u00e9galement pr\u00e9voir une franchise (reste \u00e0 charge pour les assur\u00e9s en cas de sinistre) relativement faible. <\/p>\n<p>En l&rsquo;esp\u00e8ce l&rsquo;offre de VYV coche toutes les cases, avec une tarification qui se veut entre <strong>22 et 35 % moins ch\u00e8re <\/strong>que la concurrence, selon le nombre de pi\u00e8ces et qu&rsquo;il s&rsquo;agit d&rsquo;une maison ou d&rsquo;un appartement. VYV s&rsquo;est engag\u00e9 \u00e0 ne pas r\u00e9viser ses tarifs avant juillet 2026.<\/p>\n<p>La <strong>franchise,<\/strong> sp\u00e9cifique au territoire de la M\u00e9tropole de Grenoble, est fix\u00e9e \u00e0 <strong>150 euros<\/strong>, \u00ab\u00a0c&rsquo;est une des moins ch\u00e8re de la r\u00e9gion\u00a0\u00bb, commente Benjamin Haddad, vice-pr\u00e9sident de VYV Conseil. Ce dernier pr\u00e9cise que la d\u00e9marche du groupe VYV est \u00e0 but non-lucratif dans une logique de marge nulle. Les exc\u00e9dents \u00e9ventuels seront revers\u00e9s \u00e0 des associations locales.\u00a0<\/p>\n<p> Objectif vis\u00e9 : entre 1 000 et 1 500 adh\u00e9sions annuelles <img decoding=\"async\" alt=\"\" class=\"img-size-limited\" data-zoomable=\"\" height=\"1333\" loading=\"lazy\" src=\"https:\/\/www.europesays.com\/fr\/wp-content\/uploads\/2025\/06\/img-0317.JPG\" title=\"Benjamin Haddad de VYV Conseil, Christophe Ferrari, pr\u00e9sident de la M\u00e9tropole de Grenoble et J\u00e9r\u00f4me Rubes, vice-pr\u00e9sident, ont pr\u00e9sent\u00e9 la nouvelle assurance multi-risques habitation Grenoble Alpes M\u00e9tropole\" width=\"2000\"\/> \u00a9 Thomas Richardson &#8211; Benjamin Haddad de VYV Conseil, Christophe Ferrari, pr\u00e9sident de la M\u00e9tropole de Grenoble, et J\u00e9r\u00f4me Rubes, vice-pr\u00e9sident, ont pr\u00e9sent\u00e9 la nouvelle assurance multi-risques habitation Grenoble Alpes M\u00e9tropole. <\/p>\n<p>L&rsquo;offre d&rsquo;assurance se veut multi-risques, couvrant \u00e0 la fois toutes sortes de dommages \u00e0 l&rsquo;habitation (<strong>incendie<\/strong>, <strong>\u00e9v\u00e9nement climatique<\/strong>, <strong>d\u00e9g\u00e2t des eaux<\/strong>, <strong>bris de glace<\/strong>, <strong>vol ou tentative,<\/strong>\u00a0<strong>vandalisme<\/strong>, <strong>dommages \u00e9lectriques<\/strong>, perte de contenu de r\u00e9frig\u00e9rateur et cong\u00e9lateur) mais aussi les dommages caus\u00e9s \u00e0 autrui au titre de la <strong>responsabilit\u00e9 civile<\/strong>. L&rsquo;assurance donne droit \u00e9galement \u00e0 des<strong> services d&rsquo;assistance<\/strong> dont un transport sanitaire. En cas de sinistre, l&rsquo;assurance pr\u00e9voit l&rsquo;intervention d&rsquo;un artisan agr\u00e9\u00e9.<\/p>\n<p>La M\u00e9tropole de Grenoble pr\u00e9cise qu&rsquo;elle <strong>ne contribue pas financi\u00e8rement<\/strong> \u00e0 cette offre et que son r\u00f4le se limite \u00e0 celui d&rsquo;une <strong>caution morale et politique<\/strong>. \u00ab\u00a0Nous allons communiquer sur cette offre aupr\u00e8s des communes membres et des bailleurs sociaux\u00a0\u00bb, indique Christophe Ferrari, pr\u00e9sident de la M\u00e9tropole. VYV vise un <strong>objectif minimum entre 1 000 et 1 500 adh\u00e9sions annuelles<\/strong> en sachant que le groupe compte, \u00e0 ce jour, 15 000 locataires adh\u00e9rents en cumul\u00e9 \u00e0 Paris, Lille et Tourcoing. <\/p>\n<p><strong>Pratique<\/strong> <\/p>\n<p>Renseignements sur l&rsquo;offre d&rsquo;assurance multi-risques habitations du groupe VYV aupr\u00e8s des agences Harmonie Mutuelle, 5 cours Jean-Jaur\u00e8s \u00e0 Grenoble et MNT, 19 rue Nicolas-Chorier \u00e0 Grenoble. Par t\u00e9l\u00e9phone du lundi au vendredi de 9h \u00e0 17h30 : 04 11 97 00 05 ou sur le <a href=\"https:\/\/vyv-conseil.fr\/nos-assurances\/assurance-habitation-grenoble-alpes-metropole\/\" rel=\"noopener\" target=\"_blank\">site Internet de VYV Conseil<\/a>.<\/p>\n","protected":false},"excerpt":{"rendered":"Deux ans apr\u00e8s Paris, la M\u00e9tropole de Grenoble officialise la mise en place d&rsquo;une assurance multi-risques habitation \u00ab\u00a0solidaire\u00a0\u00bb.&hellip;\n","protected":false},"author":2,"featured_media":184965,"comment_status":"","ping_status":"","sticky":false,"template":"","format":"standard","meta":{"footnotes":""},"categories":[9566],"tags":[1111,11,1117,2430,1777,674,1011,27,2731,24592,12,25,1932],"class_list":{"0":"post-184964","1":"post","2":"type-post","3":"status-publish","4":"format-standard","5":"has-post-thumbnail","7":"category-grenoble","8":"tag-actu","9":"tag-actualites","10":"tag-assurance","11":"tag-auvergne-rhone-alpes","12":"tag-eu","13":"tag-europe","14":"tag-fr","15":"tag-france","16":"tag-grenoble","17":"tag-mu00e9tropole-de-grenoble","18":"tag-news","19":"tag-republique-francaise","20":"tag-solidaritu00e9"},"share_on_mastodon":{"url":"https:\/\/pubeurope.com\/@fr\/114702428627391756","error":""},"_links":{"self":[{"href":"https:\/\/www.europesays.com\/fr\/wp-json\/wp\/v2\/posts\/184964","targetHints":{"allow":["GET"]}}],"collection":[{"href":"https:\/\/www.europesays.com\/fr\/wp-json\/wp\/v2\/posts"}],"about":[{"href":"https:\/\/www.europesays.com\/fr\/wp-json\/wp\/v2\/types\/post"}],"author":[{"embeddable":true,"href":"https:\/\/www.europesays.com\/fr\/wp-json\/wp\/v2\/users\/2"}],"replies":[{"embeddable":true,"href":"https:\/\/www.europesays.com\/fr\/wp-json\/wp\/v2\/comments?post=184964"}],"version-history":[{"count":0,"href":"https:\/\/www.europesays.com\/fr\/wp-json\/wp\/v2\/posts\/184964\/revisions"}],"wp:featuredmedia":[{"embeddable":true,"href":"https:\/\/www.europesays.com\/fr\/wp-json\/wp\/v2\/media\/184965"}],"wp:attachment":[{"href":"https:\/\/www.europesays.com\/fr\/wp-json\/wp\/v2\/media?parent=184964"}],"wp:term":[{"taxonomy":"category","embeddable":true,"href":"https:\/\/www.europesays.com\/fr\/wp-json\/wp\/v2\/categories?post=184964"},{"taxonomy":"post_tag","embeddable":true,"href":"https:\/\/www.europesays.com\/fr\/wp-json\/wp\/v2\/tags?post=184964"}],"curies":[{"name":"wp","href":"https:\/\/api.w.org\/{rel}","templated":true}]}}