{"id":184966,"date":"2025-06-18T04:16:40","date_gmt":"2025-06-18T04:16:40","guid":{"rendered":"https:\/\/www.europesays.com\/fr\/184966\/"},"modified":"2025-06-18T04:16:40","modified_gmt":"2025-06-18T04:16:40","slug":"le-capitaine-des-rouge-et-noir-quitte-officiellement-le-stade-rennais-le-coeur-serre","status":"publish","type":"post","link":"https:\/\/www.europesays.com\/fr\/184966\/","title":{"rendered":"Le capitaine des Rouge et Noir quitte officiellement le Stade Rennais, \u00ab\u00a0le c\u0153ur serr\u00e9\u00a0\u00bb"},"content":{"rendered":"<p>            Par<br \/>\n        <strong><br \/>\n            <a href=\"https:\/\/actu.fr\/auteur\/clemence-pays02-actu-fr\" title=\"Consulter tous les articles de Cl\u00e9mence Pays\" rel=\"nofollow noopener\" target=\"_blank\">Cl\u00e9mence Pays<\/a><br \/>\n        <\/strong><\/p>\n<p>        Publi\u00e9 le<\/p>\n<p>            17 juin 2025 \u00e0 10h35        <\/p>\n<p>Une page se tourne. Apr\u00e8s une d\u00e9cennie pass\u00e9e sous les couleurs des Rouge et Noir, <strong>Adrien Truffert<\/strong> a annonc\u00e9 quitter <a href=\"https:\/\/actu.fr\/tag\/stade-rennais\" rel=\"nofollow noopener\" target=\"_blank\">le Stade Rennais F.C<\/a>. Le lat\u00e9ral gauche et capitaine durant cette saison passe outre manche et rejoint<strong> l\u2019AFC Bournemouth<\/strong> (Royaume-Uni).<\/p>\n<blockquote class=\"ac-article-quote wall-content\">\n<p>Il y a des pages qu&rsquo;on referme avec \u00e9motion, le c\u0153ur serr\u00e9, mais empli de gratitude. Aujourd&rsquo;hui c&rsquo;est l&rsquo;une d&rsquo;elles. Apr\u00e8s dix ann\u00e9es pass\u00e9es au Stade Rennais, je m&rsquo;appr\u00eate \u00e0 tourner une page immense de ma vie.<\/p>\n<p>    <strong>Adrien Truffert<\/strong>\n            <\/p><\/blockquote>\n<p class=\" wall-content\">Sur son compte Instagram, le Belge a tenu \u00e0 remercier les \u00e9ducateurs, les coachs, les pr\u00e9sidents ainsi que les joueurs du club rennais.<\/p>\n<p class=\" wall-content\"><a href=\"https:\/\/www.instagram.com\/p\/DK9Vk4XMfyh\/embed\" title=\"Ouvrir le lien sur Instagram\" rel=\"nofollow noopener\" target=\"_blank\">Visualiser le contenu sur Instagram<\/a><\/p>\n<p class=\" wall-content\">Le footballeur de <strong>23\u00a0ans<\/strong> a \u00e9galement eu une pens\u00e9e pour les supporters.<\/p>\n<p class=\" wall-content\">\u00ab\u2009Vous avez \u00e9t\u00e9 pr\u00e9sents dans les bons comme dans les moments plus compliqu\u00e9s. <strong>Votre amour pour le club est unique,<\/strong> vos encouragements m\u2019ont port\u00e9 \u00e0 chaque instant\u2009\u00bb, a-t-il assur\u00e9.<\/p>\n<p>Vid\u00e9os : en ce moment sur Actu\u00ab\u2009R\u00e9gulier, d\u00e9termin\u00e9, infatigable\u2009\u00bb<\/p>\n<p class=\" wall-content\">De son c\u00f4t\u00e9, le club de football rennais a salu\u00e9 le parcours d\u2019Adrien Truffert \u00e0 Rennes et ses <strong>148 titularisations<\/strong> avec l\u2019\u00e9quipe professionnelle.<\/p>\n<blockquote class=\"ac-article-quote wall-content\">\n<p>\u00c0 seulement 23 ans, Adrien Truffert est d\u00e9j\u00e0 un symbole de long\u00e9vit\u00e9 au Stade Rennais F.C. R\u00e9gulier, d\u00e9termin\u00e9, infatigable, il s\u2019est impos\u00e9 sur le c\u00f4t\u00e9 gauche de la d\u00e9fense Rouge et Noir avec tous les entra\u00eeneurs c\u00f4toy\u00e9s, de Bruno Genesio \u00e0 Julien St\u00e9phan en passant par Habib Beye qui en aura fait son capitaine.<\/p>\n<p>    <strong>Stade Rennais F.C.<\/strong>\n            <\/p><\/blockquote>\n<p class=\" wall-content\">\n<p class=\" wall-content\"><strong>\u00ab\u2009Rennes sera toujours chez toi, Adrien\u2009\u00bb,<\/strong> a conclu le Stade Rennais F.C.<\/p>\n<p class=\" wall-content\">Suivez toute l\u2019actualit\u00e9 de vos villes et m\u00e9dias favoris en vous inscrivant \u00e0 <a href=\"https:\/\/moncompte.actu.fr\" title=\"D\u00e9couvez Mon Actu\" rel=\"nofollow noopener\" data-trk=\"{&quot;cta&quot;:{&quot;action&quot;:&quot;https:\\\/\\\/moncompte.actu.fr&quot;,&quot;category&quot;:&quot;mon compte&quot;,&quot;from&quot;:&quot;article footer&quot;,&quot;name&quot;:&quot;Mon actu&quot;,&quot;type&quot;:&quot;cta&quot;}}\" target=\"_blank\">Mon Actu<\/a>.<\/p>\n<p>                    <script async src=\"\/\/www.instagram.com\/embed.js\"><\/script><\/p>\n","protected":false},"excerpt":{"rendered":"Par Cl\u00e9mence Pays Publi\u00e9 le 17 juin 2025 \u00e0 10h35 Une page se tourne. Apr\u00e8s une d\u00e9cennie pass\u00e9e&hellip;\n","protected":false},"author":2,"featured_media":184967,"comment_status":"","ping_status":"","sticky":false,"template":"","format":"standard","meta":{"footnotes":""},"categories":[2821],"tags":[1111,11,829,1777,674,63,1011,27,1434,12,584,25,60,3087],"class_list":{"0":"post-184966","1":"post","2":"type-post","3":"status-publish","4":"format-standard","5":"has-post-thumbnail","7":"category-rennes","8":"tag-actu","9":"tag-actualites","10":"tag-bretagne","11":"tag-eu","12":"tag-europe","13":"tag-football","14":"tag-fr","15":"tag-france","16":"tag-mercato","17":"tag-news","18":"tag-rennes","19":"tag-republique-francaise","20":"tag-sports","21":"tag-stade-rennais"},"share_on_mastodon":{"url":"https:\/\/pubeurope.com\/@fr\/114702436497584862","error":""},"_links":{"self":[{"href":"https:\/\/www.europesays.com\/fr\/wp-json\/wp\/v2\/posts\/184966","targetHints":{"allow":["GET"]}}],"collection":[{"href":"https:\/\/www.europesays.com\/fr\/wp-json\/wp\/v2\/posts"}],"about":[{"href":"https:\/\/www.europesays.com\/fr\/wp-json\/wp\/v2\/types\/post"}],"author":[{"embeddable":true,"href":"https:\/\/www.europesays.com\/fr\/wp-json\/wp\/v2\/users\/2"}],"replies":[{"embeddable":true,"href":"https:\/\/www.europesays.com\/fr\/wp-json\/wp\/v2\/comments?post=184966"}],"version-history":[{"count":0,"href":"https:\/\/www.europesays.com\/fr\/wp-json\/wp\/v2\/posts\/184966\/revisions"}],"wp:featuredmedia":[{"embeddable":true,"href":"https:\/\/www.europesays.com\/fr\/wp-json\/wp\/v2\/media\/184967"}],"wp:attachment":[{"href":"https:\/\/www.europesays.com\/fr\/wp-json\/wp\/v2\/media?parent=184966"}],"wp:term":[{"taxonomy":"category","embeddable":true,"href":"https:\/\/www.europesays.com\/fr\/wp-json\/wp\/v2\/categories?post=184966"},{"taxonomy":"post_tag","embeddable":true,"href":"https:\/\/www.europesays.com\/fr\/wp-json\/wp\/v2\/tags?post=184966"}],"curies":[{"name":"wp","href":"https:\/\/api.w.org\/{rel}","templated":true}]}}