{"id":184970,"date":"2025-06-18T04:18:10","date_gmt":"2025-06-18T04:18:10","guid":{"rendered":"https:\/\/www.europesays.com\/fr\/184970\/"},"modified":"2025-06-18T04:18:10","modified_gmt":"2025-06-18T04:18:10","slug":"ici-on-agit-les-internationaux-de-strasbourg-veulent-devenir-levenement-tennis-le-plus-ecoresponsable","status":"publish","type":"post","link":"https:\/\/www.europesays.com\/fr\/184970\/","title":{"rendered":"Ici, on agit !. Les Internationaux de Strasbourg veulent devenir l&rsquo;\u00e9v\u00e9n\u00e9ment tennis le plus \u00e9coresponsable"},"content":{"rendered":"<p>L\u2019image a fait le buzz durant les Internationaux de Strasbourg de tennis\u00a0: au changement de c\u00f4t\u00e9, l\u2019Am\u00e9ricaine Danielle Collins, qui remplit sa gourde \u00e0 la fontaine \u00e0 eau situ\u00e9e derri\u00e8re la chaise de l\u2019arbitre, enguirlande un cam\u00e9raman qu\u2019elle estime trop envahissant. \u00ab\u00a0Nous, on \u00e9tait contents, on a bien vu notre marque\u00a0!\u00a0\u00bb, rigole un collaborateur de la soci\u00e9t\u00e9 d\u2019eau min\u00e9rale naturelle alsacienne, partenaire du plus gros tournoi f\u00e9minin de France hors Roland-Garros.<\/p>\n<p>Et, de loin, le plus \u00e9coresponsable. Ici, les gourdes m\u00e9talliques ont remplac\u00e9 les bouteilles jetables et le plastique a \u00e9t\u00e9 banni du court central, dont l\u2019\u00e9lectricit\u00e9 est produite par des capteurs solaires situ\u00e9s dans les b\u00e2ches. Ce ne sont l\u00e0 que quelques-unes des tr\u00e8s nombreuses mesures mises en place par le tournoi depuis que Denis Naegelen en est devenu le propri\u00e9taire, en 2009.<\/p>\n<p>En septembre dernier, HOPIS, la soci\u00e9t\u00e9 qui g\u00e8re le tournoi, a embauch\u00e9 Alexandra Bellon, titulaire d\u2019un Master en transition \u00e9cologique et solidaire. Son r\u00f4le, en plus d\u2019accompagner les mesures d\u00e9j\u00e0 mises en place, est de trouver de nouvelles pistes pour r\u00e9duire l\u2019empreinte carbone de l\u2019\u00e9preuve et de r\u00e9diger une charte \u00e9thique \u00e0 destination de tous les acteurs de l\u2019\u00e9v\u00e9nement. Soit plusieurs milliers de personnes, entre les membres de l\u2019organisation, les fournisseurs, les b\u00e9n\u00e9voles, les spectateurs, mais aussi les joueuses et leur entourage.<\/p>\n<p>  De la \u00ab\u00a0for\u00eat des IS\u00a0\u00bb \u00e0 la bataille de l\u2019eau<\/p>\n<p>Alexandra Bellon est aussi en contact r\u00e9gulier avec le garde forestier qui a en charge la \u00ab\u00a0for\u00eat des IS\u00a0\u00bb, \u00e0 Mollkirch et d\u00e9sormais \u00e0 Andlau. Depuis 2022, neuf \u00e0 dix mille ch\u00eanes rouges d\u2019Am\u00e9rique, ch\u00eanes sessiles, tilleuls et \u00e9rables ont en effet \u00e9t\u00e9 replant\u00e9s dans le cadre d\u2019un programme de compensation \u00ab\u00a0bas carbone\u00a0\u00bb. \u00ab\u00a0La for\u00eat pousse et elle pousse bien\u00a0! Mais je travaille aussi sur des projets dont l\u2019impact sur l\u2019environnement est plus imm\u00e9diat\u00a0\u00bb, d\u00e9veloppe la coordinatrice RSE du tournoi. \u00ab\u00a0L\u2019un des grands chantiers, dans le tennis, est de faire en sorte que les courts en terre battue soient arros\u00e9s par de l\u2019eau non potable. Mais pour cela, nous sommes d\u00e9pendants des infrastructures existantes. L\u2019id\u00e9al serait que le TC Strasbourg, o\u00f9 est organis\u00e9 le tournoi, soit \u00e9quip\u00e9 d\u2019un syst\u00e8me de captage des eaux de pluie.\u00a0\u00bb<\/p>\n<p>Le diable, en mati\u00e8re d\u2019environnement, se cache aussi dans les d\u00e9tails. \u00ab\u00a0L\u2019an dernier, une mangue dans la salade de fruits des b\u00e9n\u00e9voles avait fait exploser notre bilan carbone\u00a0\u00bb, poursuit Alexandra Bellon. \u00ab\u00a0Elle ne laisse rien passer, et c\u2019est tant mieux\u00a0!\u00a0\u00bb, dit d\u2019elle J\u00e9r\u00f4me Fechter, le codirecteur des IS.<\/p>\n<p>\u00ab\u00a0Une autre de nos limites, c\u2019est le bien-\u00eatre des joueuses et le contenu du cahier des charges de la WTA (l\u2019association des joueuses professionnelles, ndlr)\u00a0\u00bb, prolonge Alexandra Bellon. \u00ab\u00a0Par exemple, en d\u00e9but de tournoi, les joueuses consomment en moyenne 15\u00a0kilos de bananes par jour et on ne peut pas les en priver. Mais il faudrait pouvoir s\u2019assurer que ces bananes soient achemin\u00e9es par bateau plut\u00f4t qu\u2019en avion pour r\u00e9duire leur empreinte carbone. La WTA est en tout cas tr\u00e8s int\u00e9ress\u00e9e par le travail que nous faisons ici.\u00a0\u00bb<\/p>\n<p>L\u2019objectif est toujours le m\u00eame\u00a0: que la petite balle jaune ne laisse une trace que sur la terre battue, pas sur l\u2019environnement \u00e0 Strasbourg.<\/p>\n","protected":false},"excerpt":{"rendered":"L\u2019image a fait le buzz durant les Internationaux de Strasbourg de tennis\u00a0: au changement de c\u00f4t\u00e9, l\u2019Am\u00e9ricaine Danielle&hellip;\n","protected":false},"author":2,"featured_media":184971,"comment_status":"","ping_status":"","sticky":false,"template":"","format":"standard","meta":{"footnotes":""},"categories":[2820],"tags":[1111,11,2389,436,1777,674,107,1011,27,775,9588,12,25,640],"class_list":{"0":"post-184970","1":"post","2":"type-post","3":"status-publish","4":"format-standard","5":"has-post-thumbnail","7":"category-strasbourg","8":"tag-actu","9":"tag-actualites","10":"tag-alsace","11":"tag-environnement","12":"tag-eu","13":"tag-europe","14":"tag-fil-info","15":"tag-fr","16":"tag-france","17":"tag-grand-est","18":"tag-ici-on-agit","19":"tag-news","20":"tag-republique-francaise","21":"tag-strasbourg"},"share_on_mastodon":{"url":"https:\/\/pubeurope.com\/@fr\/114702444345765197","error":""},"_links":{"self":[{"href":"https:\/\/www.europesays.com\/fr\/wp-json\/wp\/v2\/posts\/184970","targetHints":{"allow":["GET"]}}],"collection":[{"href":"https:\/\/www.europesays.com\/fr\/wp-json\/wp\/v2\/posts"}],"about":[{"href":"https:\/\/www.europesays.com\/fr\/wp-json\/wp\/v2\/types\/post"}],"author":[{"embeddable":true,"href":"https:\/\/www.europesays.com\/fr\/wp-json\/wp\/v2\/users\/2"}],"replies":[{"embeddable":true,"href":"https:\/\/www.europesays.com\/fr\/wp-json\/wp\/v2\/comments?post=184970"}],"version-history":[{"count":0,"href":"https:\/\/www.europesays.com\/fr\/wp-json\/wp\/v2\/posts\/184970\/revisions"}],"wp:featuredmedia":[{"embeddable":true,"href":"https:\/\/www.europesays.com\/fr\/wp-json\/wp\/v2\/media\/184971"}],"wp:attachment":[{"href":"https:\/\/www.europesays.com\/fr\/wp-json\/wp\/v2\/media?parent=184970"}],"wp:term":[{"taxonomy":"category","embeddable":true,"href":"https:\/\/www.europesays.com\/fr\/wp-json\/wp\/v2\/categories?post=184970"},{"taxonomy":"post_tag","embeddable":true,"href":"https:\/\/www.europesays.com\/fr\/wp-json\/wp\/v2\/tags?post=184970"}],"curies":[{"name":"wp","href":"https:\/\/api.w.org\/{rel}","templated":true}]}}