{"id":184974,"date":"2025-06-18T04:20:15","date_gmt":"2025-06-18T04:20:15","guid":{"rendered":"https:\/\/www.europesays.com\/fr\/184974\/"},"modified":"2025-06-18T04:20:15","modified_gmt":"2025-06-18T04:20:15","slug":"12-policiers-nationaux-reconnus-parties-civiles-dans-lattentat-de-la-basilique","status":"publish","type":"post","link":"https:\/\/www.europesays.com\/fr\/184974\/","title":{"rendered":"12 policiers nationaux reconnus parties civiles dans l\u2019attentat de la basilique"},"content":{"rendered":"<p>Ces policiers nationaux \u00e9taient intervenus dans la basilique de Nice pour s\u00e9curiser les lieux lors de l\u2019attaque terroriste qui avait tu\u00e9 trois personnes, le 29 octobre 2020.<\/p>\n<p class=\"fig-paragraph\">Ils n\u2019\u00e9taient pas encore reconnus comme telles lors du premier proc\u00e8s, ils le seront lors de celui en appel pr\u00e9vu en d\u00e9cembre 2026\u00a0: douze policiers nationaux ont enfin \u00e9t\u00e9 reconnus parties civiles dans\u00a0<a href=\"http:\/\/www.lefigaro.fr\/faits-divers\/il-y-a-une-femme-decapitee-dans-l-eglise-cinq-ans-apres-l-attentat-de-la-basilique-de-nice-le-terroriste-face-a-la-justice-20250209\" data-fig-type=\"Article\" data-gtm-custom-categorie=\"navigation\" data-gtm-custom-action=\"crossclick\" data-gtm-custom-label=\"Contextuel\" data-gtm-event=\"customEventSPE\" data-fig-domain=\"LEFIGARO\" rel=\"nofollow noopener\" target=\"_blank\">l\u2019attentat de la basilique de Nice<\/a>\u00a0(Alpes-Maritimes), qui a fait trois morts dont le sacristain dans la matin\u00e9e tragique du 29 octobre 2020.<\/p>\n<p class=\"fig-paragraph\">Si ce sont\u00a0<a href=\"http:\/\/www.lefigaro.fr\/faits-divers\/il-avait-un-regard-noir-haineux-le-recit-des-policiers-municipaux-confrontes-au-terroriste-de-la-basilique-de-nice-20250217\" data-fig-type=\"Article\" data-gtm-custom-categorie=\"navigation\" data-gtm-custom-action=\"crossclick\" data-gtm-custom-label=\"Contextuel\" data-gtm-event=\"customEventSPE\" data-fig-domain=\"LEFIGARO\" rel=\"nofollow noopener\" target=\"_blank\">deux policiers municipaux<\/a>\u00a0qui avaient ouvert le feu pour neutraliser l\u2019assaillant terroriste Brahim Aouissaoui, des policiers nationaux \u00e9taient dans la foul\u00e9e entr\u00e9s dans la basilique pour s\u00e9curiser les lieux. Ils avaient \u00e9t\u00e9 confront\u00e9s \u00e0 la vision macabre des corps mutil\u00e9s par des coups de couteau puis \u00e0 la menace d\u2019un possible autre assaillant et de deux colis pi\u00e9g\u00e9s.<\/p>\n<p class=\"fig-paragraph\">Ils \u00e9taient alors quatorze primo intervenants de la police nationale, \u00e2g\u00e9s de 24 \u00e0 45 ans, du simple gardien de la paix tout juste sorti d\u2019\u00e9cole au grad\u00e9 de la brigade anticriminalit\u00e9. Deux ont depuis d\u00e9missionn\u00e9 et les douze autres, toujours fonctionnaires de police, se satisfont de cette recevabilit\u00e9 de\u00a0<a href=\"http:\/\/www.lefigaro.fr\/nice\/proces-de-l-attentat-de-la-basilique-de-nice-l-eglise-veut-etre-reconnue-comme-partie-civile-une-premiere-20250218\" data-fig-type=\"NewsFlash\" data-gtm-custom-categorie=\"navigation\" data-gtm-custom-action=\"crossclick\" data-gtm-custom-label=\"Contextuel\" data-gtm-event=\"customEventSPE\" data-fig-domain=\"LEFIGARO\" rel=\"nofollow noopener\" target=\"_blank\">partie civile<\/a>, m\u00eame si tardive. Le syndicat Alliance a aussi \u00e9t\u00e9 reconnu partie civile dans l\u2019arr\u00eat civil rendu le 16 mai.<\/p>\n<p>\u00abOp\u00e9ration sans fin\u00bb<\/p>\n<p class=\"fig-paragraph\">\u00abIls sont entr\u00e9s sans savoir r\u00e9ellement ce qu\u2019il se passait. Pour certains, cela a \u00e9t\u00e9 une op\u00e9ration sans fin\u00bb, r\u00e9sume leur avocate, Me \u00c9milie Farrugia. \u00abC\u2019est une grande victoire, un grand pas qu\u2019ils attendaient. On reconna\u00eet qu\u2019ils ont expos\u00e9 leur vie pour sauver la n\u00f4tre. Cela va les aider psychologiquement\u00bb, poursuit-elle.<\/p>\n<p class=\"fig-paragraph\">\u00abNous n\u2019avions quasiment aucune information\u00bb, se souvient l\u2019un des policiers pr\u00e9sents lors de cette intervention dans la basilique. \u00abCe n\u2019est pas la normalit\u00e9 de p\u00e9n\u00e9trer dans un lieu o\u00f9 il y a un terroriste. Le jour o\u00f9 je suis intervenu, tout \u00e9tait diffus\u00e9 \u00e0 la t\u00e9l\u00e9, j\u2019ai re\u00e7u plus de 40 appels. On dort mal, ces images restent\u00bb, t\u00e9moigne-t-il. Le Raid est dans un second temps arriv\u00e9 en renfort pour s\u2019assurer d\u2019aucune nouvelle menace dans la basilique.<\/p>\n<p class=\"fig-paragraph\">Deux de ces policiers escorteront ensuite l\u2019assaillant dans l\u2019ambulance jusqu\u2019\u00e0 l\u2019h\u00f4pital, deux autres suivront en voiture. \u00abPersonne ne savait qu\u2019ils \u00e9taient partis avec le terroriste\u00bb, souligne Me \u00c9milie Farrugia. \u00abIls n\u2019apparaissaient nulle part dans les proc\u00e9dures, il y a eu un loup\u00e9, les coll\u00e8gues ont \u00e9t\u00e9 oubli\u00e9s\u00bb, explique Jean-Luc Bragato, porte-parole d\u00e9partemental du\u00a0<a href=\"http:\/\/www.lefigaro.fr\/faits-divers\/requisitions-du-parquet-dans-l-affaire-nahel-le-syndicat-alliance-police-nationale-appelle-a-des-rassemblements-mercredi-20250304\" data-fig-type=\"NewsFlash\" data-gtm-custom-categorie=\"navigation\" data-gtm-custom-action=\"crossclick\" data-gtm-custom-label=\"Contextuel\" data-gtm-event=\"customEventSPE\" data-fig-domain=\"LEFIGARO\" rel=\"nofollow noopener\" target=\"_blank\">syndicat Alliance police nationale<\/a>. \u00abCette reconnaissance fait partie du cursus pour se reconstruire\u00bb, assure-t-il.<\/p>\n<p class=\"fig-paragraph\">Lors du proc\u00e8s de f\u00e9vrier dernier, 31 personnes (victimes directes, proches des d\u00e9funts, associations) \u00e9taient constitu\u00e9es parties civiles. L\u2019assaillant Brahim Aouissaoui, de nationalit\u00e9 Tunisienne et d\u00e9sormais \u00e2g\u00e9 de 26 ans, avait \u00e9t\u00e9 condamn\u00e9 \u00e0\u00a0<a href=\"http:\/\/www.lefigaro.fr\/faits-divers\/attentat-de-la-basilique-de-nice-la-reclusion-criminelle-a-perpetuite-requise-contre-le-terroriste-20250226\" data-fig-type=\"NewsFlash\" data-gtm-custom-categorie=\"navigation\" data-gtm-custom-action=\"crossclick\" data-gtm-custom-label=\"Contextuel\" data-gtm-event=\"customEventSPE\" data-fig-domain=\"LEFIGARO\" rel=\"nofollow noopener\" target=\"_blank\">la r\u00e9clusion criminelle<\/a>\u00a0\u00e0 perp\u00e9tuit\u00e9 assortie d\u2019une p\u00e9riode de s\u00fbret\u00e9 incompressible. D\u00e9cision dont il a fait appel\u00a0: il sera rejug\u00e9\u00a0<a href=\"http:\/\/www.lefigaro.fr\/nice\/attentat-de-la-basilique-de-nice-le-proces-en-appel-du-terroriste-fixe-en-decembre-2026-20250604\" data-fig-type=\"NewsFlash\" data-gtm-custom-categorie=\"navigation\" data-gtm-custom-action=\"crossclick\" data-gtm-custom-label=\"Contextuel\" data-gtm-event=\"customEventSPE\" data-fig-domain=\"LEFIGARO\" rel=\"nofollow noopener\" target=\"_blank\">du 7 au 18 d\u00e9cembre 2026<\/a>\u00a0\u00e0 la cour d\u2019appel de Paris.<\/p>\n","protected":false},"excerpt":{"rendered":"Ces policiers nationaux \u00e9taient intervenus dans la basilique de Nice pour s\u00e9curiser les lieux lors de l\u2019attaque terroriste&hellip;\n","protected":false},"author":2,"featured_media":184975,"comment_status":"","ping_status":"","sticky":false,"template":"","format":"standard","meta":{"footnotes":""},"categories":[2819],"tags":[1111,11,2898,2829,2971,2972,2973,2974,1777,674,2975,1011,27,2969,2970,2987,2980,12,2401,2897,2976,2977,2978,2985,2986,2979,2981,2982,2983,2984,2991,2992,2993,2994,2996,2997,2998,2999,3000,3001,3002,2995,3003,3004,3005,3007,2268,882,25,2988,2989,2990,2968,3006],"class_list":{"0":"post-184974","1":"post","2":"type-post","3":"status-publish","4":"format-standard","5":"has-post-thumbnail","7":"category-nice","8":"tag-actu","9":"tag-actualites","10":"tag-alpes-maritimes","11":"tag-baumettes","12":"tag-carabacel","13":"tag-caucade","14":"tag-cimiez","15":"tag-cremat","16":"tag-eu","17":"tag-europe","18":"tag-fabron","19":"tag-fr","20":"tag-france","21":"tag-larenas","22":"tag-lariane","23":"tag-le-ray","24":"tag-lingostiere","25":"tag-news","26":"tag-nice","27":"tag-nice-cote-dazur","28":"tag-nice-gairaut","29":"tag-nice-gambetta","30":"tag-nice-jean-medecin","31":"tag-nice-le-piol","32":"tag-nice-le-port","33":"tag-nice-liberation","34":"tag-nice-magnan","35":"tag-nice-mantega-mont-boron","36":"tag-nice-pasteur","37":"tag-nice-pessicart","38":"tag-nice-rue-de-france","39":"tag-nice-saint-antoine","40":"tag-nice-saint-augustin","41":"tag-nice-saint-isidore","42":"tag-nice-saint-maurice","43":"tag-nice-saint-pancrace","44":"tag-nice-saint-philippe","45":"tag-nice-saint-pierre-de-feric","46":"tag-nice-saint-roch","47":"tag-nice-saint-roman-de-bellet","48":"tag-nice-saint-sylvestre","49":"tag-nice-sainte-marguerite","50":"tag-nice-thiers","51":"tag-nice-ventabrun","52":"tag-nice-vernier","53":"tag-nice-vinaigrier","54":"tag-ogc-nice","55":"tag-provence-alpes-cote-dazur","56":"tag-republique-francaise","57":"tag-rimiez","58":"tag-riquier","59":"tag-roquebilliere","60":"tag-sud-est","61":"tag-vieux-nice"},"share_on_mastodon":{"url":"","error":"Validation failed: Text character limit of 500 exceeded"},"_links":{"self":[{"href":"https:\/\/www.europesays.com\/fr\/wp-json\/wp\/v2\/posts\/184974","targetHints":{"allow":["GET"]}}],"collection":[{"href":"https:\/\/www.europesays.com\/fr\/wp-json\/wp\/v2\/posts"}],"about":[{"href":"https:\/\/www.europesays.com\/fr\/wp-json\/wp\/v2\/types\/post"}],"author":[{"embeddable":true,"href":"https:\/\/www.europesays.com\/fr\/wp-json\/wp\/v2\/users\/2"}],"replies":[{"embeddable":true,"href":"https:\/\/www.europesays.com\/fr\/wp-json\/wp\/v2\/comments?post=184974"}],"version-history":[{"count":0,"href":"https:\/\/www.europesays.com\/fr\/wp-json\/wp\/v2\/posts\/184974\/revisions"}],"wp:featuredmedia":[{"embeddable":true,"href":"https:\/\/www.europesays.com\/fr\/wp-json\/wp\/v2\/media\/184975"}],"wp:attachment":[{"href":"https:\/\/www.europesays.com\/fr\/wp-json\/wp\/v2\/media?parent=184974"}],"wp:term":[{"taxonomy":"category","embeddable":true,"href":"https:\/\/www.europesays.com\/fr\/wp-json\/wp\/v2\/categories?post=184974"},{"taxonomy":"post_tag","embeddable":true,"href":"https:\/\/www.europesays.com\/fr\/wp-json\/wp\/v2\/tags?post=184974"}],"curies":[{"name":"wp","href":"https:\/\/api.w.org\/{rel}","templated":true}]}}