{"id":184988,"date":"2025-06-18T04:29:10","date_gmt":"2025-06-18T04:29:10","guid":{"rendered":"https:\/\/www.europesays.com\/fr\/184988\/"},"modified":"2025-06-18T04:29:10","modified_gmt":"2025-06-18T04:29:10","slug":"marseille-les-reservations-dans-les-calanques-de-retour-voici-a-partir-de-quand","status":"publish","type":"post","link":"https:\/\/www.europesays.com\/fr\/184988\/","title":{"rendered":"Marseille. Les r\u00e9servations dans les Calanques de retour, voici \u00e0 partir de quand"},"content":{"rendered":"<p>            Par<br \/>\n        <strong><br \/>\n            <a href=\"https:\/\/actu.fr\/auteur\/thibault-nadal-actu-fr\" title=\"Consulter tous les articles de Thibault Nadal\" target=\"_blank\" rel=\"noopener\">Thibault Nadal<\/a><br \/>\n        <\/strong><\/p>\n<p>        Publi\u00e9 le<\/p>\n<p>            18 juin 2025 \u00e0 6h04        <\/p>\n<p>C\u2019est d\u00e9sormais devenu la norme pour acc\u00e9der \u00e0 ces deux joyaux \u00e0 <a href=\"https:\/\/actu.fr\/marseille\/\" target=\"_blank\" rel=\"noopener\">Marseille<\/a>. Depuis trois ans, les r\u00e9servations pour acc\u00e9der <a href=\"https:\/\/actu.fr\/tag\/parc-des-calanques\" target=\"_blank\" rel=\"noopener\">aux Calanques<\/a> de Sugiton et des Pierres Tomb\u00e9es sont obligatoires. Cette ann\u00e9e n\u2019\u00e9chappera pas \u00e0 la r\u00e8gle, car <a href=\"https:\/\/www.calanques-parcnational.fr\/fr\/des-decouvertes\/preparer-sa-visite\/reservation-sugiton\" target=\"_blank\" rel=\"noopener\">la mesure a produit des r\u00e9sultats positifs depuis son instauration<\/a>.<strong> D\u00e8s ce samedi 21\u00a0juin 2025<\/strong>, une r\u00e9servation sera donc n\u00e9cessaire pour acc\u00e9der \u00e0 ces deux lieux.<\/p>\n<p class=\" wall-content\">Voici toutes les informations \u00e0 conna\u00eetre.<\/p>\n<p>Les Calanques en danger face \u00e0 la surfr\u00e9quentation<\/p>\n<p class=\" wall-content\">Cette mesure instaur\u00e9e en 2022 permet de lutter contre <strong>\u00ab\u2009un ph\u00e9nom\u00e8ne d\u2019\u00e9rosion tr\u00e8s marqu\u00e9e\u2009\u00bb<\/strong> d\u00fb \u00e0 l\u2019importante fr\u00e9quentation sur ces deux Calanques aux eaux turquoises. \u00ab\u2009Sous l\u2019effet des pas r\u00e9p\u00e9t\u00e9s des visiteurs, la terre glisse en direction de la plage\u2009\u00bb, peut-on lire sur <a href=\"https:\/\/www.marseille.fr\/mer\/actualites\/calanques-un-acces-reglemente\" target=\"_blank\" rel=\"noopener\">le site de la Ville<\/a>.<\/p>\n<p class=\" wall-content\">\u00ab\u2009Cette disparition du sol menace la pin\u00e8de\u2009: les racines des vieux arbres sont mises \u00e0 nu et les jeunes v\u00e9g\u00e9taux ne peuvent pas pousser. Si rien n\u2019est fait, il y a un risque de d\u00e9gradation irr\u00e9versible du site, de sa biodiversit\u00e9 et de ses paysages\u2009\u00bb, poursuit la municipalit\u00e9.<\/p>\n<blockquote class=\"ac-article-quote wall-content\">\n<p>La mise en place d\u2019un syst\u00e8me de r\u00e9servation a pour objectif de ralentir l&rsquo;\u00e9rosion pour amorcer la restauration du milieu naturel, tout en permettant de conserver des opportunit\u00e9s de visite.<\/p>\n<p>    <strong>Ville de Marseille<\/strong>\n            <\/p><\/blockquote>\n<p>Quatre phases<\/p>\n<p class=\" wall-content\">Avant, les Calanques pouvaient accueillir jusqu\u2019\u00e0 2000 personnes par jour, d\u00e9sormais, le nombre est <strong>limit\u00e9 \u00e0 400<\/strong>. Pour faire partir des heureux \u00e9lus, il faut donc r\u00e9server. Et cela commence d\u00e8s ce samedi\u00a021 et dimanche 22\u00a0juin. Les r\u00e9servations ouvrent d\u00e8s ce mercredi \u00e0 9h sur <a href=\"https:\/\/troov.com\/parc-national-des-calanques\/rendez-vous\" target=\"_blank\" rel=\"noopener\">le site des Calanques<\/a>.<\/p>\n<p class=\" wall-content\">Il est possible de r\u00e9server pour cinq personnes \u00e0 la fois, tout en sachant que les enfants de moins de trois ans ne sont pas inclus dans le calcul.<\/p>\n<p>    <img   decoding=\"async\" loading=\"lazy\" src=\"https:\/\/www.europesays.com\/fr\/wp-content\/uploads\/2025\/06\/zone-reservation-calanques-marseille-960x640.jpeg\" alt=\"Il est n\u00e9cessaire d'avoir une r\u00e9servation pour acc\u00e9der \u00e0 la zone en rouge \u00e0 certaines p\u00e9riodes de l'ann\u00e9e.\" width=\"960\" height=\"640\"\/><br \/>\n    Il est n\u00e9cessaire d\u2019avoir une r\u00e9servation pour acc\u00e9der \u00e0 la zone en rouge \u00e0 certaines p\u00e9riodes de l\u2019ann\u00e9e. (\u00a9Parc National des Calanques)<\/p>\n<p class=\" wall-content\">Apr\u00e8s ce premier week-end, il y aura <strong>trois autres p\u00e9riodes de r\u00e9servations<\/strong>\u2009: du 28\u00a0juin au 31\u00a0ao\u00fbt, les 6 et 7\u00a0septembre et 14 et 15\u00a0septembre.<\/p>\n<p class=\" wall-content\">\u00c0 chaque fois, <strong>elles ouvrent trois jours avant le jour de votre visite et se ferment \u00e0 18h la veille de votre venue<\/strong>. Une fois la r\u00e9servation effectu\u00e9e, un email de confirmation est envoy\u00e9. Il doit \u00eatre imp\u00e9rativement montr\u00e9 pour acc\u00e9der aux Calanques. Sans ce laissez-passer, l\u2019acc\u00e8s vous sera refus\u00e9.<\/p>\n<p class=\" wall-content\">Suivez toute l\u2019actualit\u00e9 de vos villes et m\u00e9dias favoris en vous inscrivant \u00e0 <a href=\"https:\/\/moncompte.actu.fr\" title=\"D\u00e9couvez Mon Actu\" rel=\"nofollow noopener\" data-trk=\"{&quot;cta&quot;:{&quot;action&quot;:&quot;https:\\\/\\\/moncompte.actu.fr&quot;,&quot;category&quot;:&quot;mon compte&quot;,&quot;from&quot;:&quot;article footer&quot;,&quot;name&quot;:&quot;Mon actu&quot;,&quot;type&quot;:&quot;cta&quot;}}\" target=\"_blank\">Mon Actu<\/a>.<\/p>\n","protected":false},"excerpt":{"rendered":"Par Thibault Nadal Publi\u00e9 le 18 juin 2025 \u00e0 6h04 C\u2019est d\u00e9sormais devenu la norme pour acc\u00e9der \u00e0&hellip;\n","protected":false},"author":2,"featured_media":184989,"comment_status":"","ping_status":"","sticky":false,"template":"","format":"standard","meta":{"footnotes":""},"categories":[2814],"tags":[1111,11,1182,1777,674,1011,27,884,12,9927,8302,882,25,104],"class_list":{"0":"post-184988","1":"post","2":"type-post","3":"status-publish","4":"format-standard","5":"has-post-thumbnail","7":"category-marseille","8":"tag-actu","9":"tag-actualites","10":"tag-calanques","11":"tag-eu","12":"tag-europe","13":"tag-fr","14":"tag-france","15":"tag-marseille","16":"tag-news","17":"tag-parc-des-calanques","18":"tag-plages","19":"tag-provence-alpes-cote-dazur","20":"tag-republique-francaise","21":"tag-societe"},"share_on_mastodon":{"url":"https:\/\/pubeurope.com\/@fr\/114702487709707583","error":""},"_links":{"self":[{"href":"https:\/\/www.europesays.com\/fr\/wp-json\/wp\/v2\/posts\/184988","targetHints":{"allow":["GET"]}}],"collection":[{"href":"https:\/\/www.europesays.com\/fr\/wp-json\/wp\/v2\/posts"}],"about":[{"href":"https:\/\/www.europesays.com\/fr\/wp-json\/wp\/v2\/types\/post"}],"author":[{"embeddable":true,"href":"https:\/\/www.europesays.com\/fr\/wp-json\/wp\/v2\/users\/2"}],"replies":[{"embeddable":true,"href":"https:\/\/www.europesays.com\/fr\/wp-json\/wp\/v2\/comments?post=184988"}],"version-history":[{"count":0,"href":"https:\/\/www.europesays.com\/fr\/wp-json\/wp\/v2\/posts\/184988\/revisions"}],"wp:featuredmedia":[{"embeddable":true,"href":"https:\/\/www.europesays.com\/fr\/wp-json\/wp\/v2\/media\/184989"}],"wp:attachment":[{"href":"https:\/\/www.europesays.com\/fr\/wp-json\/wp\/v2\/media?parent=184988"}],"wp:term":[{"taxonomy":"category","embeddable":true,"href":"https:\/\/www.europesays.com\/fr\/wp-json\/wp\/v2\/categories?post=184988"},{"taxonomy":"post_tag","embeddable":true,"href":"https:\/\/www.europesays.com\/fr\/wp-json\/wp\/v2\/tags?post=184988"}],"curies":[{"name":"wp","href":"https:\/\/api.w.org\/{rel}","templated":true}]}}