{"id":184992,"date":"2025-06-18T04:31:12","date_gmt":"2025-06-18T04:31:12","guid":{"rendered":"https:\/\/www.europesays.com\/fr\/184992\/"},"modified":"2025-06-18T04:31:12","modified_gmt":"2025-06-18T04:31:12","slug":"rhone-au-nord-de-lyon-la-chaleur-fatale-nest-pas-fatalement-perdue","status":"publish","type":"post","link":"https:\/\/www.europesays.com\/fr\/184992\/","title":{"rendered":"Rh\u00f4ne. Au nord de Lyon, la chaleur fatale n\u2019est pas fatalement perdue\u00a0!"},"content":{"rendered":"<p>Le r\u00e9seau s\u2019est agrandi, mais il reste une marge de progression pour atteindre les 25\u00a0000 logements chauff\u00e9s gr\u00e2ce au grand incin\u00e9rateur bas\u00e9 \u00e0 Rillieux. Walter Roy, le directeur de Plateau Nord \u00c9nergie, filiale \u00e0 100\u00a0% d\u2019Engie, le conc\u00e8de, mais se tourne plut\u00f4t vers l\u2019avenir\u00a0: \u00ab\u00a0Il reste du potentiel pour d\u00e9velopper le r\u00e9seau sur trois ans\u00a0\u00bb.<\/p>\n<p>Depuis les ann\u00e9es 90, de nombreux b\u00e2timents de Rillieux-la-Pape b\u00e9n\u00e9ficient de ce r\u00e9seau de chaleur aliment\u00e9 en grande partie par le grand incin\u00e9rateur de d\u00e9chets, qu\u2019on pr\u00e9f\u00e8re appeler UTVE (usine de traitement et de valorisation \u00e9nerg\u00e9tique). C\u2019est d\u2019ici que les gros tuyaux d\u00e9marrent. Au fil des ans, les antennes de ce r\u00e9seau se sont allong\u00e9es jusqu\u2019au 4 e arrondissement lyonnais. La chaleur y est achemin\u00e9e, ce qui permet \u00e0 des milliers de personnes d\u2019\u00eatre chauff\u00e9es \u00e0 peu de frais.<\/p>\n<p>  252 abonn\u00e9s dans cinq communes<\/p>\n<p>Selon Walter Roy, il s\u2019agit du r\u00e9seau le moins cher de la M\u00e9tropole de Lyon. Surtout, il \u00e9conomise une quantit\u00e9 consid\u00e9rable de CO2\u00a0: selon le directeur, sur l\u2019ann\u00e9e 2024, cela repr\u00e9sente 20\u00a0000 tonnes en moins rejet\u00e9es dans l\u2019atmosph\u00e8re par rapport \u00e0 une alimentation au gaz.<\/p>\n<p>Ces tuyaux alimentent des stations, des \u00e9changeurs qui remplacent les chaudi\u00e8res, en majorit\u00e9 des copropri\u00e9t\u00e9s, mais aussi des infrastructures tel que l\u2019h\u00f4pital de la Croix-Rousse. Cela repr\u00e9sente 252 abonn\u00e9s dans cinq communes. Mais pas encore les 25\u00a0000 logements escompt\u00e9s \u00e0 court terme en octobre\u00a02022.<\/p>\n<p>  Exit les grandes cuves<\/p>\n<p>\u00c0 la m\u00eame p\u00e9riode, le repr\u00e9sentant de la filiale d\u2019Engie (l\u2019ancien directeur du Plateau Nord \u00c9nergie) annon\u00e7ait aussi\u00a0l\u2019implantation d\u2019immenses cuves d\u2019une capacit\u00e9 de 6\u00a0000\u00a0m\u00b3, destin\u00e9es \u00e0 emmagasiner de la chaleur et \u00e0 la restituer lors de pics de demande, le matin et le soir. Ce devait \u00eatre le \u00ab\u00a0plus grand stockage a\u00e9rien pr\u00e9vu en France\u00a0\u00bb. Trois ans plus tard, le nouveau directeur indique que cela n\u2019a pas \u00e9t\u00e9 r\u00e9alis\u00e9 \u00ab\u00a0en raison de difficult\u00e9s administratives\u00a0\u00bb.<\/p>\n<p>Alors, quoi de neuf\u00a0? Le pilotage du r\u00e9seau s\u2019est am\u00e9lior\u00e9. Il n\u2019y a pas eu d\u2019incident majeur depuis deux ans, pas de rupture d\u2019approvisionnement. Si on compare les chiffres d\u00e9livr\u00e9s il y a trois ans \u00e0 ceux d\u2019aujourd\u2019hui, le gaz et le bois compl\u00e8tent pour une part un peu plus importante l\u2019alimentation du r\u00e9seau.<\/p>\n<p>  Un\u00a0hypercondenseur \u00e0 venir<\/p>\n<p>En revanche, une \u00e9conomie suppl\u00e9mentaire est r\u00e9alis\u00e9e gr\u00e2ce \u00e0 un nouvel \u00e9quipement qui sera r\u00e9ellement mis en service cet automne. Un hypercondenseur qui r\u00e9cup\u00e8re l\u2019\u00e9nergie des fours \u00e0 bois. Un peu plus de chaleur fatale qui n\u2019est pas perdue.<\/p>\n","protected":false},"excerpt":{"rendered":"Le r\u00e9seau s\u2019est agrandi, mais il reste une marge de progression pour atteindre les 25\u00a0000 logements chauff\u00e9s gr\u00e2ce&hellip;\n","protected":false},"author":2,"featured_media":184993,"comment_status":"","ping_status":"","sticky":false,"template":"","format":"standard","meta":{"footnotes":""},"categories":[1889],"tags":[1111,11,2430,3153,436,1777,674,107,1011,27,9588,2428,12,25,2429,17092],"class_list":{"0":"post-184992","1":"post","2":"type-post","3":"status-publish","4":"format-standard","5":"has-post-thumbnail","7":"category-lyon","8":"tag-actu","9":"tag-actualites","10":"tag-auvergne-rhone-alpes","11":"tag-edition-ouest-lyonnais","12":"tag-environnement","13":"tag-eu","14":"tag-europe","15":"tag-fil-info","16":"tag-fr","17":"tag-france","18":"tag-ici-on-agit","19":"tag-lyon","20":"tag-news","21":"tag-republique-francaise","22":"tag-rhone","23":"tag-rillieux-la-pape"},"share_on_mastodon":{"url":"https:\/\/pubeurope.com\/@fr\/114702495481501885","error":""},"_links":{"self":[{"href":"https:\/\/www.europesays.com\/fr\/wp-json\/wp\/v2\/posts\/184992","targetHints":{"allow":["GET"]}}],"collection":[{"href":"https:\/\/www.europesays.com\/fr\/wp-json\/wp\/v2\/posts"}],"about":[{"href":"https:\/\/www.europesays.com\/fr\/wp-json\/wp\/v2\/types\/post"}],"author":[{"embeddable":true,"href":"https:\/\/www.europesays.com\/fr\/wp-json\/wp\/v2\/users\/2"}],"replies":[{"embeddable":true,"href":"https:\/\/www.europesays.com\/fr\/wp-json\/wp\/v2\/comments?post=184992"}],"version-history":[{"count":0,"href":"https:\/\/www.europesays.com\/fr\/wp-json\/wp\/v2\/posts\/184992\/revisions"}],"wp:featuredmedia":[{"embeddable":true,"href":"https:\/\/www.europesays.com\/fr\/wp-json\/wp\/v2\/media\/184993"}],"wp:attachment":[{"href":"https:\/\/www.europesays.com\/fr\/wp-json\/wp\/v2\/media?parent=184992"}],"wp:term":[{"taxonomy":"category","embeddable":true,"href":"https:\/\/www.europesays.com\/fr\/wp-json\/wp\/v2\/categories?post=184992"},{"taxonomy":"post_tag","embeddable":true,"href":"https:\/\/www.europesays.com\/fr\/wp-json\/wp\/v2\/tags?post=184992"}],"curies":[{"name":"wp","href":"https:\/\/api.w.org\/{rel}","templated":true}]}}