{"id":184997,"date":"2025-06-18T04:35:16","date_gmt":"2025-06-18T04:35:16","guid":{"rendered":"https:\/\/www.europesays.com\/fr\/184997\/"},"modified":"2025-06-18T04:35:16","modified_gmt":"2025-06-18T04:35:16","slug":"psg-feminin-enquete-ouverte-apres-la-plainte-pour-harcelement-moral-de-kheira-hamraoui","status":"publish","type":"post","link":"https:\/\/www.europesays.com\/fr\/184997\/","title":{"rendered":"PSG f\u00e9minin : enqu\u00eate ouverte apr\u00e8s la plainte pour harc\u00e8lement moral de Kheira Hamraoui"},"content":{"rendered":"<p class=\"paragraph text_align_left lp-f-body-02\">Une enqu\u00eate est ouverte \u00e0 Paris apr\u00e8s la plainte de l\u2019ex-joueuse du <a href=\"https:\/\/www.leparisien.fr\/sports\/football\/psg-feminin\/\" target=\"_blank\" rel=\"noreferrer noopener\">PSG f\u00e9minin<\/a> Kheira Hamraoui mi-mai contre le club de football qu\u2019elle accuse de harc\u00e8lement moral, a indiqu\u00e9 mardi le parquet de Paris, interrog\u00e9 par l\u2019AFP.<\/p>\n<p class=\"paragraph text_align_left lp-f-body-02\">La Brigade de r\u00e9pression de la d\u00e9linquance aux personnes (BRDP) est charg\u00e9e des investigations, selon le minist\u00e8re public.<\/p>\n<p class=\"paragraph text_align_left lp-f-body-02\">Kheira Hamraoui a \u00e9t\u00e9 agress\u00e9e fin 2021, possiblement <a href=\"https:\/\/www.leparisien.fr\/sports\/football\/psg-feminin\/justice-aminata-diallo-obtient-la-condamnation-pour-diffamation-publique-du-journaliste-daniel-riolo-12-06-2025-STUSZGFJLZHGJITCCPYZNGFZSI.php\" target=\"_blank\" rel=\"noreferrer noopener\">sur fond de rivalit\u00e9 avec sa co\u00e9quipi\u00e8re Aminata Diallo<\/a>. Les investigations \u00e0 Versailles <a href=\"https:\/\/www.leparisien.fr\/sports\/football\/psg\/affaire-hamraoui-fin-de-lenquete-portant-sur-lagression-de-lex-joueuse-du-psg-05-02-2025-OHFCU6R7JZEBHBCCKLWEJCJT2Q.php\" target=\"_blank\" rel=\"noreferrer noopener\">sont closes depuis le 31 janvier<\/a>, avec sept personnes mises en examen, dont Aminata Diallo.<\/p>\n<p class=\"paragraph text_align_left lp-f-body-02\">Kheira Hamraoui, qui n\u2019a pas r\u00e9pondu \u00e0 l\u2019AFP, affirme que le PSG l\u2019a mise \u00e0 l\u2019\u00e9cart apr\u00e8s sa convalescence afin de l\u2019inciter \u00e0 partir, selon une source proche du dossier. Parall\u00e8lement, la joueuse, qui a quitt\u00e9 le PSG en juin 2023 et joue d\u00e9sormais \u00e0 Al-Shabab en Arabie saoudite, a saisi les prud\u2019hommes.<\/p>\n<p>\u00ab Les joueuses de football ne sont pas des objets \u00bb<\/p>\n<p class=\"paragraph text_align_left lp-f-body-02\">\u00ab Ma cliente a voulu d\u00e9noncer, par cette plainte en harc\u00e8lement, les m\u00e9thodes du PSG qu\u2019elle a subies d\u00e8s lors que, pour des raisons tr\u00e8s \u00e9loign\u00e9es de sa valeur sur le terrain, elle a \u00e9t\u00e9 \u00e9cart\u00e9e de l\u2019\u00e9quipe \u00bb, avait expliqu\u00e9 en mai son avocat Me Pascal Garbarini, qui n\u2019a pas r\u00e9pondu mardi \u00e0 l\u2019AFP.<\/p>\n<p class=\"paragraph text_align_left lp-f-body-02\">\u00ab Les joueuses de <a href=\"https:\/\/www.leparisien.fr\/sports\/football\/\" target=\"_blank\" rel=\"noreferrer noopener\">football <\/a>ne sont pas des objets que l\u2019on prend ou que l\u2019on jette au gr\u00e9 de d\u00e9cisions manag\u00e9riales de pure opportunit\u00e9. Il est temps que ces atteintes cessent et soient sanctionn\u00e9es p\u00e9nalement. La gestion humaine d\u2019une joueuse par son club est aussi importante que ses qualit\u00e9s sportives \u00bb, avait-il insist\u00e9.<\/p>\n<p class=\"paragraph text_align_left lp-f-body-02\">Le PSG n\u2019a pas souhait\u00e9 commenter ces informations, tandis que son avocat, Me Antoine Maisonneuve, n\u2019a pas r\u00e9pondu \u00e0 l\u2019AFP dans l\u2019imm\u00e9diat.<\/p>\n","protected":false},"excerpt":{"rendered":"Une enqu\u00eate est ouverte \u00e0 Paris apr\u00e8s la plainte de l\u2019ex-joueuse du PSG f\u00e9minin Kheira Hamraoui mi-mai contre&hellip;\n","protected":false},"author":2,"featured_media":184998,"comment_status":"","ping_status":"","sticky":false,"template":"","format":"standard","meta":{"footnotes":""},"categories":[1888],"tags":[1111,1928,11,1927,1777,674,118,63,1011,27,12,1926,626,1925,13887,25,60],"class_list":{"0":"post-184997","1":"post","2":"type-post","3":"status-publish","4":"format-standard","5":"has-post-thumbnail","7":"category-paris","8":"tag-actu","9":"tag-actu-paris","10":"tag-actualites","11":"tag-actualites-paris","12":"tag-eu","13":"tag-europe","14":"tag-faits-divers","15":"tag-football","16":"tag-fr","17":"tag-france","18":"tag-news","19":"tag-news-paris","20":"tag-paris","21":"tag-paris-news","22":"tag-psg-feminin","23":"tag-republique-francaise","24":"tag-sports"},"share_on_mastodon":{"url":"https:\/\/pubeurope.com\/@fr\/114702511281508590","error":""},"_links":{"self":[{"href":"https:\/\/www.europesays.com\/fr\/wp-json\/wp\/v2\/posts\/184997","targetHints":{"allow":["GET"]}}],"collection":[{"href":"https:\/\/www.europesays.com\/fr\/wp-json\/wp\/v2\/posts"}],"about":[{"href":"https:\/\/www.europesays.com\/fr\/wp-json\/wp\/v2\/types\/post"}],"author":[{"embeddable":true,"href":"https:\/\/www.europesays.com\/fr\/wp-json\/wp\/v2\/users\/2"}],"replies":[{"embeddable":true,"href":"https:\/\/www.europesays.com\/fr\/wp-json\/wp\/v2\/comments?post=184997"}],"version-history":[{"count":0,"href":"https:\/\/www.europesays.com\/fr\/wp-json\/wp\/v2\/posts\/184997\/revisions"}],"wp:featuredmedia":[{"embeddable":true,"href":"https:\/\/www.europesays.com\/fr\/wp-json\/wp\/v2\/media\/184998"}],"wp:attachment":[{"href":"https:\/\/www.europesays.com\/fr\/wp-json\/wp\/v2\/media?parent=184997"}],"wp:term":[{"taxonomy":"category","embeddable":true,"href":"https:\/\/www.europesays.com\/fr\/wp-json\/wp\/v2\/categories?post=184997"},{"taxonomy":"post_tag","embeddable":true,"href":"https:\/\/www.europesays.com\/fr\/wp-json\/wp\/v2\/tags?post=184997"}],"curies":[{"name":"wp","href":"https:\/\/api.w.org\/{rel}","templated":true}]}}