{"id":185001,"date":"2025-06-18T04:37:10","date_gmt":"2025-06-18T04:37:10","guid":{"rendered":"https:\/\/www.europesays.com\/fr\/185001\/"},"modified":"2025-06-18T04:37:10","modified_gmt":"2025-06-18T04:37:10","slug":"le-business-des-pop-up-stores-prend-il-trop-dampleur-a-paris","status":"publish","type":"post","link":"https:\/\/www.europesays.com\/fr\/185001\/","title":{"rendered":"Le business des pop up stores prend-il trop d\u2019ampleur \u00e0 Paris\u00a0?"},"content":{"rendered":"<p class=\"paragraph text_align_left lp-f-body-02\">\u00ab Excusez-moi, c\u2019est quoi cette boutique ? \u00bb Dans le <a href=\"https:\/\/www.leparisien.fr\/paris-75\/paris-75012\/\" target=\"_self\" rel=\"nofollow noopener\">XIIe arrondissement<\/a> de <a href=\"https:\/\/www.leparisien.fr\/paris-75\/\" target=\"_self\" rel=\"nofollow noopener\">Paris<\/a>, cette question na\u00efve lanc\u00e9e par une passante devant un improbable m\u00e9lange de sauces piquantes, de tatouages et de nail art, r\u00e9sume \u00e0 elle seule la magie des pop up stores. Ces boutiques \u00e9ph\u00e9m\u00e8res, <a href=\"https:\/\/www.leparisien.fr\/culture-loisirs\/musique\/je-suis-arrive-a-6h30-les-fans-de-jul-se-ruent-dans-sa-boutique-ephemere-a-paris-des-son-ouverture-25-04-2025-YIOCFAT62VBE3ELS4Q45RZJVAY.php\" target=\"_self\" rel=\"nofollow noopener\">ovnis du commerce<\/a>, ne cessent de surprendre et de s\u00e9duire la capitale.<\/p>\n<p class=\"paragraph text_align_left lp-f-body-02\">Dans quelques heures, ce local d\u2019une vingtaine de m\u00e8tres carr\u00e9s n\u2019aura plus du tout la m\u00eame allure. Les \u00e9tag\u00e8res remplies de <a href=\"https:\/\/www.leparisien.fr\/societe\/etoile-aop-en-sauce-ou-meme-en-sorbet-le-piment-assaisonne-de-plus-en-plus-la-vie-des-francais-21-10-2023-AVAKIWS6I5EMFCOSUJAER4BVBM.php\" target=\"_self\" rel=\"nofollow noopener\">300 sauces piquantes<\/a> et la d\u00e9coration piment\u00e9e laisseront place \u00e0 l\u2019exposition \u00ab Elles dansent avant la temp\u00eate \u00bb de Clara Marti, peintre, photographe et vid\u00e9aste. En attendant, Julie Le Carrour, fondatrice de Sweet Pepper, conseille ses clients qui h\u00e9sitent entre une sauce marocaine aux citrons confits et une autre aux parfums asiatiques.<\/p>\n","protected":false},"excerpt":{"rendered":"\u00ab Excusez-moi, c\u2019est quoi cette boutique ? \u00bb Dans le XIIe arrondissement de Paris, cette question na\u00efve lanc\u00e9e&hellip;\n","protected":false},"author":2,"featured_media":185002,"comment_status":"","ping_status":"","sticky":false,"template":"","format":"standard","meta":{"footnotes":""},"categories":[1888],"tags":[11,33,1777,674,1011,27,1944,12,626,25],"class_list":{"0":"post-185001","1":"post","2":"type-post","3":"status-publish","4":"format-standard","5":"has-post-thumbnail","7":"category-paris","8":"tag-actualites","9":"tag-economie","10":"tag-eu","11":"tag-europe","12":"tag-fr","13":"tag-france","14":"tag-ma-ville","15":"tag-news","16":"tag-paris","17":"tag-republique-francaise"},"share_on_mastodon":{"url":"https:\/\/pubeurope.com\/@fr\/114702519111926477","error":""},"_links":{"self":[{"href":"https:\/\/www.europesays.com\/fr\/wp-json\/wp\/v2\/posts\/185001","targetHints":{"allow":["GET"]}}],"collection":[{"href":"https:\/\/www.europesays.com\/fr\/wp-json\/wp\/v2\/posts"}],"about":[{"href":"https:\/\/www.europesays.com\/fr\/wp-json\/wp\/v2\/types\/post"}],"author":[{"embeddable":true,"href":"https:\/\/www.europesays.com\/fr\/wp-json\/wp\/v2\/users\/2"}],"replies":[{"embeddable":true,"href":"https:\/\/www.europesays.com\/fr\/wp-json\/wp\/v2\/comments?post=185001"}],"version-history":[{"count":0,"href":"https:\/\/www.europesays.com\/fr\/wp-json\/wp\/v2\/posts\/185001\/revisions"}],"wp:featuredmedia":[{"embeddable":true,"href":"https:\/\/www.europesays.com\/fr\/wp-json\/wp\/v2\/media\/185002"}],"wp:attachment":[{"href":"https:\/\/www.europesays.com\/fr\/wp-json\/wp\/v2\/media?parent=185001"}],"wp:term":[{"taxonomy":"category","embeddable":true,"href":"https:\/\/www.europesays.com\/fr\/wp-json\/wp\/v2\/categories?post=185001"},{"taxonomy":"post_tag","embeddable":true,"href":"https:\/\/www.europesays.com\/fr\/wp-json\/wp\/v2\/tags?post=185001"}],"curies":[{"name":"wp","href":"https:\/\/api.w.org\/{rel}","templated":true}]}}