{"id":185006,"date":"2025-06-18T04:40:11","date_gmt":"2025-06-18T04:40:11","guid":{"rendered":"https:\/\/www.europesays.com\/fr\/185006\/"},"modified":"2025-06-18T04:40:11","modified_gmt":"2025-06-18T04:40:11","slug":"les-delegations-et-industriels-plus-focalises-sur-la-guerre-en-ukraine-que-le-conflit-israel-iran","status":"publish","type":"post","link":"https:\/\/www.europesays.com\/fr\/185006\/","title":{"rendered":"Les d\u00e9l\u00e9gations et industriels plus focalis\u00e9s sur la guerre en Ukraine que le conflit Isra\u00ebl-Iran"},"content":{"rendered":"<p><a href=\"https:\/\/www.20minutes.fr\/societe\/4158192-20250616-salon-bourget-chez-arianegroup-fusees-cohabitent-missiles-tete-nucleaire-m51\" class=\"color-ultramarine c-link\" rel=\"nofollow noopener\" target=\"_blank\">L\u2019\u00e9dition 2025 du Salon du Bourget<\/a> a ouvert lundi sur une grosse pol\u00e9mique. Plusieurs stands isra\u00e9liens de l\u2019armement exposant des \u00ab\u00a0armes offensives\u00a0\u00bb <a href=\"https:\/\/www.20minutes.fr\/economie\/4158795-20250616-fermeture-certains-stands-israeliens-salon-bourget-bayrou-assume-israel-denonce-decision-scandaleuse\" class=\"color-ultramarine c-link\" rel=\"nofollow noopener\" target=\"_blank\">ont vu leurs acc\u00e8s condamn\u00e9s<\/a>, sur d\u00e9cision du gouvernement fran\u00e7ais, provoquant la col\u00e8re d\u2019<a href=\"https:\/\/www.20minutes.fr\/societe\/reforme_des_retraites\/4158871-20250617-toute-info-2-minutes-aucun-repit-entre-israel-iran-fin-conclave-retraites-coup-chaud\" class=\"color-ultramarine c-link\" rel=\"nofollow noopener\" target=\"_blank\">Isra\u00ebl<\/a>. Pour le minist\u00e8re isra\u00e9lien de la D\u00e9fense, qui a d\u00e9nonc\u00e9 une \u00ab\u00a0s\u00e9gr\u00e9gation\u00a0\u00bb, cette mesure \u00ab\u00a0rompt avec les pratiques habituelles des expositions de d\u00e9fense dans le monde\u00a0\u00bb.<\/p>\n<blockquote class=\"twitter-tweet\" align=\"center\" data-lang=\"fr_FR\">\n<p lang=\"fr\" dir=\"ltr\">Premi\u00e8re journ\u00e9e au Paris Air Show, salon de l\u2019a\u00e9ronautique et de l\u2019espace du Bourget, avec la pr\u00e9sentation de la maquette du futur drone furtif accompagnateur du Rafale F5 <a href=\"https:\/\/t.co\/t9ScIMcnd2\" rel=\"nofollow\">pic.twitter.com\/t9ScIMcnd2<\/a><\/p>\n<p>\u2014 mibosredon (@mibosredon) <a href=\"https:\/\/twitter.com\/mibosredon\/status\/1935075457185030305?ref_src=twsrc%5Etfw\" rel=\"nofollow noopener\" target=\"_blank\">June 17, 2025<\/a><\/p><\/blockquote>\n<p class=\"mb-m@xs text-l@xs\">En cliquant sur\u00ab J\u2019accepte \u00bb, vous acceptez le d\u00e9p\u00f4t de cookies par des services externes et aurez ainsi acc\u00e8s aux contenus de nos partenaires.<\/p>\n<p class=\"mb-xl@xs text-s@xs\">Plus d\u2019informations sur la page<a href=\"https:\/\/www.20minutes.fr\/gestion-cookies\" class=\"mx-xxs@xs color-ultramarine\" rel=\"nofollow noopener\" target=\"_blank\">Politique de gestion des cookies<\/a><\/p>\n<p>J\u2019accepte<\/p>\n<p>Officiellement, aucun des industriels de l\u2019armement que nous avons interrog\u00e9s n\u2019a souhait\u00e9 s\u2019exprimer sur cette pol\u00e9mique. En \u00ab\u00a0off\u00a0\u00bb, certains nous glissent cependant qu\u2019elle serait pass\u00e9e relativement inaper\u00e7ue dans les trav\u00e9es du salon. \u00ab\u00a0Il n\u2019y aurait pas eu de news l\u00e0-dessus lundi, je n\u2019en aurais rien su\u00a0\u00bb, nous assure l\u2019un d\u2019eux, mardi.<\/p>\n<p>\u00ab\u00a0Deux fois plus de d\u00e9l\u00e9gations qu\u2019il y a deux ans\u00a0\u00bb<\/p>\n<p>Plusieurs d\u2019entre eux nous expliquent que les nombreuses d\u00e9l\u00e9gations pr\u00e9sentes au salon, se soucient d\u2019ailleurs \u00ab\u00a0davantage du <a href=\"https:\/\/www.20minutes.fr\/monde\/ukraine\/\" class=\"color-ultramarine c-link\" rel=\"nofollow noopener\" target=\"_blank\">conflit en Ukraine<\/a> que de <a href=\"https:\/\/www.20minutes.fr\/monde\/israel\/4158911-20250617-face-israel-iran-bat-main-dos\" class=\"color-ultramarine c-link\" rel=\"nofollow noopener\" target=\"_blank\">l\u2019opposition entre Isra\u00ebl et Iran<\/a>\u00a0\u00bb, m\u00eame si tout le monde suit \u00e9videmment de pr\u00e8s les \u00e9volutions du conflit entre ces deux derniers.<\/p>\n<p>\u00ab\u00a0La guerre entre l\u2019Ukraine et la Russie regroupe tous les types de batailles, puisque cela se joue dans les airs, sur terre, avec des drones et un bon nombre d\u2019innovations\u2026 Et c\u2019est un conflit qui s\u2019inscrit dans la dur\u00e9e\u00a0\u00bb, explique ainsi un industriel. C\u2019est \u00e9galement \u00ab\u00a0une guerre qui se d\u00e9roule sur le territoire europ\u00e9en, pas loin de chez nous\u00a0\u00bb, pointe un autre exposant. \u00ab On ne discute pas n\u00e9cessairement d&rsquo;un conflit en particulier, mais les tensions internationales se font ressentir \u00bb explique encore un autre.<\/p>\n<p>Que ce soit au <a href=\"https:\/\/www.20minutes.fr\/dossier\/moyen_orient\" class=\"color-ultramarine c-link\" rel=\"nofollow noopener\" target=\"_blank\">Moyen-Orient<\/a> ou en <a href=\"https:\/\/www.20minutes.fr\/dossier\/europe\" class=\"color-ultramarine c-link\" rel=\"nofollow noopener\" target=\"_blank\">Europe<\/a>, l\u2019\u00e9volution du contexte g\u00e9opolitique marque en effet les esprits, et fait se bousculer les d\u00e9l\u00e9gations \u00e9trang\u00e8res, notamment europ\u00e9ennes, \u00e0 ce salon, toutes \u00e0 la recherche de solutions souveraines pour assurer leur d\u00e9fense. \u00ab\u00a0Par rapport \u00e0 il y a deux ans, qui \u00e9tait d\u00e9j\u00e0 une grosse \u00e9dition, nous recevons deux fois plus de d\u00e9l\u00e9gations\u00a0\u00bb, nous affirme ainsi un industriel.<\/p>\n<p>Des innovations appel\u00e9es One Way Effector, Veloce 330, Foudre ou RapidFire<\/p>\n<p>Cette \u00e9dition 2025 du Salon a\u00e9ronautique et de l\u2019espace, ou Paris Air Show, est d\u2019ailleurs marqu\u00e9e par une kyrielle d\u2019innovations c\u00f4t\u00e9 d\u00e9fense, surtout inspir\u00e9es de la guerre en Ukraine. L\u2019offre de munitions t\u00e9l\u00e9op\u00e9r\u00e9es (MTO), ou <a href=\"https:\/\/www.20minutes.fr\/societe\/4118627-20241031-guerre-ukraine-capacites-premier-drone-suicide-francais-bientot-livre-kiev\" class=\"color-ultramarine c-link\" rel=\"nofollow noopener\" target=\"_blank\">drones kamikazes<\/a>, se d\u00e9veloppe ainsi comme jamais. Comme la Veloce 330, l\u2019une des plus abouties, con\u00e7ue par EOS Technologie en partenariat avec KNDS. Dix-sept de ces MTO, d\u2019une port\u00e9e comprise entre 80 et 100\u00a0km pour une autonomie de 3 heures, vont \u00eatre livr\u00e9es aux arm\u00e9es fran\u00e7aises, pour des exp\u00e9rimentations. On peut aussi citer le partenariat entre KNDS (encore) et Delair, pour une MTO capable d\u2019emporter une charge de 500 grammes sur une vingtaine de kilom\u00e8tres.<\/p>\n<p>Turgis et Gaillard pr\u00e9sente de son c\u00f4t\u00e9 <a href=\"https:\/\/www.20minutes.fr\/societe\/4151879-20250506-defense-foudre-lance-roquettes-100-francais-capable-tirer-missiles-1-000-km\" class=\"color-ultramarine c-link\" rel=\"nofollow noopener\" target=\"_blank\">son Foudre, un lance-roquettes multiple de nouvelle g\u00e9n\u00e9ration<\/a> \u00e0 longue port\u00e9e (jusqu\u2019\u00e0 1.000\u00a0km), con\u00e7u pour op\u00e9rer dans des sc\u00e9narios de haute intensit\u00e9.<\/p>\n<p><img decoding=\"async\" alt=\"Le Foudre, projet de lance-roquettes pr\u00e9sent\u00e9 par Turgis Gaillard.\" class=\"c-img\" loading=\"lazy\" fetchpriority=\"auto\" width=\"718\"  src=\"https:\/\/img.20mn.fr\/oMFNTT9-QLGZqwElT04TOyk\/718x0\" \/>Le Foudre, projet de lance-roquettes pr\u00e9sent\u00e9 par Turgis Gaillard.\u2002-\u00a0M.Bosredon<\/p>\n<p>D\u00e9velopp\u00e9e par KNDS et Thales, la tourelle t\u00e9l\u00e9op\u00e9r\u00e9e de 40\u00a0mm RapidFire, capable de cibler un \u00ab\u00a0large \u00e9ventail de menaces allant des avions l\u00e9gers aux drones en passant par les munitions r\u00f4deuses, ou encore les missiles, jusqu\u2019\u00e0 4\u00a0km\u00a0\u00bb, se d\u00e9cline d\u00e9sormais en version terrestre apr\u00e8s sa version navale.<\/p>\n<p>La guerre en Ukraine apporte \u00ab\u00a0un retour d\u2019exp\u00e9rience\u00a0\u00bb<\/p>\n<p>Mais l\u2019une des grandes surprises de ce salon se trouve sur le stand de MBDA, leader europ\u00e9en de la conception de missiles, qui a d\u00e9voil\u00e9 son \u00ab\u00a0One Way Effector\u00a0\u00bb. \u00ab\u00a0C\u2019est une munition adapt\u00e9e \u00e0 la haute intensit\u00e9, et au n\u00e9cessaire retour \u00e0 la masse dans les forces arm\u00e9es, pour mener \u00e0 bien les missions de frappes de saturation longue port\u00e9e, nous explique Hugo Coqueret, responsable du Business Development dans le domaine du champ de bataille. Pour la produire \u00e0 haute cadence, nous nous sommes alli\u00e9s \u00e0 un industriel automobile fran\u00e7ais, afin de capitaliser sur leur cha\u00eene de production\u00a0\u00bb ajoute-t-il. Les cadences envisag\u00e9es seront de l\u2019ordre de \u00ab\u00a01.000 munitions par mois\u00a0\u00bb, quand, \u00e0 titre de comparaison, MBDA produit 40 Mistral [missile sol-air courte port\u00e9e] par mois, un produit certes plus complexe.<\/p>\n<p><img decoding=\"async\" alt=\"Maquette, \u00e0 l'\u00e9chelle 1\/2, du One Way Effector, munition de saturation longue port\u00e9e pr\u00e9sent\u00e9e par MBDA.\" class=\"c-img\" loading=\"lazy\" fetchpriority=\"auto\" width=\"718\"  src=\"https:\/\/img.20mn.fr\/hyCbz32mS66tMS7MDYmXxyk\/718x0\" \/>Maquette, \u00e0 l&rsquo;\u00e9chelle 1\/2, du One Way Effector, munition de saturation longue port\u00e9e pr\u00e9sent\u00e9e par MBDA.\u2002-\u00a0M. Bosredon \/ 20 Minutes<\/p>\n<p>Propuls\u00e9e par un turbor\u00e9acteur, le One Way Effector atteindrait une vitesse jusqu\u2019\u00e0 400\u00a0km\/h, et emportera une charge militaire d\u2019une quarantaine de kilos, \u00e0 une port\u00e9e de 500\u00a0km. \u00ab\u00a0Cette munition est tir\u00e9e au sol depuis une rampe, vole \u00e0 1.000 m\u00e8tres d\u2019altitude, et atteint sa cible par coordonn\u00e9e GPS, d\u00e9taille Hugo Coqueret. L\u2019id\u00e9e est de saturer la d\u00e9fense antia\u00e9rienne ennemie, pour l\u2019occuper \u00e0 traiter cette munition. C\u2019est clairement le retour d\u2019exp\u00e9rience de l\u2019Ukraine qui nous a amen\u00e9s vers cette solution, car il nous a montr\u00e9 qu\u2019il est n\u00e9cessaire de produire \u00e0 bas co\u00fbt, et de retrouver de la masse.\u00a0\u00bb<\/p>\n<\/p>\n<p>Habitu\u00e9 aux programmes sur de longues dur\u00e9es, parfois sup\u00e9rieures \u00e0 dix ans, les industriels de l\u2019armement se retrouvent bouscul\u00e9s par la cadence des innovations port\u00e9es sur le front en Ukraine. \u00ab\u00a0Outre le retour \u00e0 la masse, la guerre en Ukraine nous enseigne la rapidit\u00e9, l\u2019agilit\u00e9 et l\u2019innovation, confirme une responsable de MBDA. Les menaces \u00e9voluant rapidement, il faut que nous soyons en capacit\u00e9 de suivre ce rythme.\u00a0\u00bb \u00ab\u00a0Nous sommes partis d\u2019une feuille blanche en d\u00e9cembre dernier, et aujourd\u2019hui nous annon\u00e7ons qu\u2019un d\u00e9monstrateur volera d&rsquo;ici septembre ou octobre de cette ann\u00e9e, souligne Hugo Coqueret. L\u2019objectif \u00e9tant de sortir un premier lot de munitions, qualifi\u00e9es, \u00e0 horizon\u00a02027.\u00a0\u00bb<\/p>\n<p>\u00ab\u00a0Une production de missiles doubl\u00e9e en deux ans\u00a0\u00bb<\/p>\n<p>MBDA travaille parall\u00e8lement sur de nouveaux missiles longue port\u00e9e, \u00ab\u00a0qui sont davantage des armes de d\u00e9cision, tr\u00e8s sophistiqu\u00e9es, avec beaucoup de technologie. Le One Way Effector est, lui, pens\u00e9 comme une arme de saturation, simple et bas co\u00fbt.\u00a0\u00bb Pour MBDA, l\u2019objectif est de rendre ces syst\u00e8mes d\u2019armes \u00ab\u00a0compl\u00e9mentaires\u00a0\u00bb.<\/p>\n<p><a href=\"https:\/\/www.20minutes.fr\/monde\/armement\/\" class=\"c-link c-btn c-btn--primary\" rel=\"nofollow noopener\" target=\"_blank\">Notre dossier sur l&rsquo;armement<\/a><\/p>\n<p>L\u2019industriel porte en tout une cinquantaine de programmes de missiles diff\u00e9rents en Europe, et en a une trentaine suppl\u00e9mentaire en d\u00e9veloppement. \u00ab\u00a0Dans le cadre de l\u2019\u00e9conomie de guerre, nous avons r\u00e9alis\u00e9 \u00e9norm\u00e9ment d\u2019efforts pour acc\u00e9l\u00e9rer notre production, ajoute une responsable chez MBDA, puisque entre\u00a02023 et\u00a02025, nous avons doubl\u00e9 la production de missiles, ce qui est \u00e9norme.\u00a0\u00bb<\/p>\n<p><script async src=\"https:\/\/platform.twitter.com\/widgets.js\" charset=\"utf-8\"><\/script><\/p>\n","protected":false},"excerpt":{"rendered":"L\u2019\u00e9dition 2025 du Salon du Bourget a ouvert lundi sur une grosse pol\u00e9mique. Plusieurs stands isra\u00e9liens de l\u2019armement&hellip;\n","protected":false},"author":2,"featured_media":185007,"comment_status":"","ping_status":"","sticky":false,"template":"","format":"standard","meta":{"footnotes":""},"categories":[1590],"tags":[47,11,1813,1924,4755,554,564,1777,674,1146,131,3019,664,3343,12,32145,104,544,220],"class_list":{"0":"post-185006","1":"post","2":"type-post","3":"status-publish","4":"format-standard","5":"has-post-thumbnail","7":"category-ukraine","8":"tag-actualite","9":"tag-actualites","10":"tag-armee","11":"tag-armement","12":"tag-bombardement","13":"tag-defense","14":"tag-drone","15":"tag-eu","16":"tag-europe","17":"tag-guerre","18":"tag-guerre-en-ukraine","19":"tag-iran","20":"tag-israel","21":"tag-missile","22":"tag-news","23":"tag-salon-du-bourget","24":"tag-societe","25":"tag-thales","26":"tag-ukraine"},"share_on_mastodon":{"url":"https:\/\/pubeurope.com\/@fr\/114702530943377308","error":""},"_links":{"self":[{"href":"https:\/\/www.europesays.com\/fr\/wp-json\/wp\/v2\/posts\/185006","targetHints":{"allow":["GET"]}}],"collection":[{"href":"https:\/\/www.europesays.com\/fr\/wp-json\/wp\/v2\/posts"}],"about":[{"href":"https:\/\/www.europesays.com\/fr\/wp-json\/wp\/v2\/types\/post"}],"author":[{"embeddable":true,"href":"https:\/\/www.europesays.com\/fr\/wp-json\/wp\/v2\/users\/2"}],"replies":[{"embeddable":true,"href":"https:\/\/www.europesays.com\/fr\/wp-json\/wp\/v2\/comments?post=185006"}],"version-history":[{"count":0,"href":"https:\/\/www.europesays.com\/fr\/wp-json\/wp\/v2\/posts\/185006\/revisions"}],"wp:featuredmedia":[{"embeddable":true,"href":"https:\/\/www.europesays.com\/fr\/wp-json\/wp\/v2\/media\/185007"}],"wp:attachment":[{"href":"https:\/\/www.europesays.com\/fr\/wp-json\/wp\/v2\/media?parent=185006"}],"wp:term":[{"taxonomy":"category","embeddable":true,"href":"https:\/\/www.europesays.com\/fr\/wp-json\/wp\/v2\/categories?post=185006"},{"taxonomy":"post_tag","embeddable":true,"href":"https:\/\/www.europesays.com\/fr\/wp-json\/wp\/v2\/tags?post=185006"}],"curies":[{"name":"wp","href":"https:\/\/api.w.org\/{rel}","templated":true}]}}