{"id":18501,"date":"2025-04-11T23:16:08","date_gmt":"2025-04-11T23:16:08","guid":{"rendered":"https:\/\/www.europesays.com\/fr\/18501\/"},"modified":"2025-04-11T23:16:08","modified_gmt":"2025-04-11T23:16:08","slug":"rugby-il-ny-a-pas-un-joueur-en-france-qui-joue-sans-avoir-mal-quelque-part","status":"publish","type":"post","link":"https:\/\/www.europesays.com\/fr\/18501\/","title":{"rendered":"Rugby. \u00ab\u00a0Il n&rsquo;y a pas un joueur en France qui joue sans avoir mal quelque part\u00a0\u00bb"},"content":{"rendered":"<p>            Par<br \/>\n        <strong><br \/>\n            <a href=\"https:\/\/actu.fr\/auteur\/thomas-corbet-actu-fr\" title=\"Consulter tous les articles de Thomas Corbet\" target=\"_blank\" rel=\"noopener\">Thomas Corbet<\/a><br \/>\n        <\/strong><\/p>\n<p>        Publi\u00e9 le<\/p>\n<p>            11 avr. 2025 \u00e0 11h28        <\/p>\n<p>Sport traumatique par nature, le rugby laisse des <strong>s\u00e9quelles<\/strong>. Parfois \u00e0 long terme comme <a href=\"https:\/\/actu.fr\/sports\/rugby\/pro\/nouvelle-polemique-sur-les-commotions-dans-le-rugby-sebastien-chabal-n-a-aucun-souvenir-de-ces-matches_62496732.html\" target=\"_blank\" rel=\"noopener\">celles que doit g\u00e9rer S\u00e9bastien Chabal<\/a>, parfois moins graves sans pour autant qu\u2019on puisse les ignorer totalement. Cette <strong>gestion des blessures<\/strong> fait partie du quotidien des \u00e9quipes professionnelles, impact\u00e9es par l\u2019usure des corps notamment quand approche la fin de la saison et que les <strong>organismes sont mis \u00e0 rude \u00e9preuve<\/strong>.\u00a0Les \u00e9quipes comme Toulon,\u00a0 Toulouse et <a href=\"https:\/\/actu.fr\/rugby\/equipe\/castres_64dd31537b8c09c4fec88161\/\" target=\"_blank\" rel=\"noopener\">Castres<\/a>, qui jouent sur deux tableaux, sont particuli\u00e8rement sollicit\u00e9es puisqu\u2019elles ont moins de p\u00e9riodes de r\u00e9cup\u00e9ration. Elles travaillent en cons\u00e9quence.\u00a0<\/p>\n<p>Obligation de performance et gestion des blessures<\/p>\n<p class=\" wall-content\">\u00ab\u00a0On va les g\u00e9rer, c\u2019est un quart de finale mais ce n\u2019est pas une finale\u00a0\u00bb, nous soufflait-on du c\u00f4t\u00e9 du Stade Toulousain en d\u00e9but de semaine au sujet de Richie Arnold et Joshua Brennan. Comprendre : pas de risque pour cette fois, mais dans un match \u00e0 plus gros enjeu, s\u2019il avait fallu qu\u2019ils jouent malgr\u00e9 un petit p\u00e9pin physique, ils l\u2019auraient probablement fait.<\/p>\n<p class=\" wall-content\">Cette gestion des organismes, elle n\u2019a rien de nouveau ni d\u2019exceptionnel. C\u2019est tout simplement le lot de toutes les \u00e9quipes professionnelles. C\u2019est en tout cas le point de vue de Xavier Sadourny, manager de Castres.<\/p>\n<p class=\" wall-content\">\u00ab\u00a0Il n\u2019y a pas une semaine o\u00f9 il n\u2019y a pas un joueur qu\u2019il faut prot\u00e9ger. \u00c7a fait encore partie de notre comp\u00e9tition, de notre m\u00e9tier. Je pense qu\u2019il n\u2019y a pas un joueur en France qui joue sans avoir mal quelque part. \u00c7a fait partie du rugby. Apr\u00e8s, on essaye de contr\u00f4ler le maximum de choses qu\u2019on peut contr\u00f4ler. Mais notre semaine n\u2019est pas diff\u00e9rente des autres semaines\u00a0\u00bb, nous explique-t-il avant son quart de finale de Champions Cup contre Northampton.<\/p>\n<p>Castres face \u00e0 une h\u00e9catombe en 2e ligne<\/p>\n<p class=\" wall-content\">Florent Vanverberghe, Paul Jedrasiak (dont les retours devraient \u00eatre assez rapides), Guillaume Ducat, Tom Staniforth. Voil\u00e0 pour les joueurs qui ne pourront pas pr\u00e9tendre participer au quart de finale de Champions Cup\u2026 Force est de constater que \u00e7a fait du beau monde.<\/p>\n<p class=\" wall-content\">\u00ab\u00a0C\u2019est vrai qu\u2019on a quelques joueurs d\u2019un coup qui sont un peu bless\u00e9s, notamment au m\u00eame poste, en 2e ligne et au centre. Mais on travaille aussi en cons\u00e9quence depuis un petit moment. On a fait beaucoup de turnovers depuis le d\u00e9but de la saison. C\u2019est aussi pour parer \u00e0 tout \u00e7a. Donc, pas d\u2019inqui\u00e9tude par rapport \u00e0 \u00e7a. On aura une tr\u00e8s belle \u00e9quipe ce week-end\u00a0\u00bb, rassure Xavier Sadourny.<\/p>\n<p class=\" wall-content\">Qui par ailleurs, voit cette accumulation de blessures avec un \u0153il fataliste : \u00ab\u00a0Ce qui est emmerdant, c\u2019est quand tu te blesses aux entra\u00eenements sur des probl\u00e8mes musculaires. Tu te dis peut-\u00eatre qu\u2019on ne travaille pas comme il faut, peut-\u00eatre qu\u2019on travaille trop, tu te remets beaucoup en question. L\u00e0, ce sont des chocs traumatiques. \u00c7a fait partie de l\u2019al\u00e9a de la pratique. C\u2019est du rugby, c\u2019est un sport de contact.\u00a0\u00bb<\/p>\n<p class=\" wall-content\">On pourra sans doute arguer que des saisons moins denses permettraient aux joueurs de se r\u00e9g\u00e9n\u00e9rer plus souvent et pleinement. Mais \u00e7a, \u00e7a ne fait pas partie des donn\u00e9es que les staffs peuvent ma\u00eetriser.\u00a0<\/p>\n<p class=\" wall-content\">Suivez toute l\u2019actualit\u00e9 de vos villes et m\u00e9dias favoris en vous inscrivant \u00e0 <a href=\"https:\/\/moncompte.actu.fr\" title=\"D\u00e9couvez Mon Actu\" rel=\"nofollow noopener\" data-trk=\"{&quot;cta&quot;:{&quot;action&quot;:&quot;https:\\\/\\\/moncompte.actu.fr&quot;,&quot;category&quot;:&quot;mon compte&quot;,&quot;from&quot;:&quot;article footer&quot;,&quot;name&quot;:&quot;Mon actu&quot;,&quot;type&quot;:&quot;cta&quot;}}\" target=\"_blank\">Mon Actu<\/a>.<\/p>\n","protected":false},"excerpt":{"rendered":"Par Thomas Corbet Publi\u00e9 le 11 avr. 2025 \u00e0 11h28 Sport traumatique par nature, le rugby laisse des&hellip;\n","protected":false},"author":2,"featured_media":18502,"comment_status":"","ping_status":"","sticky":false,"template":"","format":"standard","meta":{"footnotes":""},"categories":[1416],"tags":[7336,1011,27,3788,479,1468,60],"class_list":{"0":"post-18501","1":"post","2":"type-post","3":"status-publish","4":"format-standard","5":"has-post-thumbnail","7":"category-rugby","8":"tag-castres-olympique","9":"tag-fr","10":"tag-france","11":"tag-pro","12":"tag-rugby","13":"tag-rugby-football","14":"tag-sports"},"share_on_mastodon":{"url":"https:\/\/pubeurope.com\/@fr\/114321881991523646","error":""},"_links":{"self":[{"href":"https:\/\/www.europesays.com\/fr\/wp-json\/wp\/v2\/posts\/18501","targetHints":{"allow":["GET"]}}],"collection":[{"href":"https:\/\/www.europesays.com\/fr\/wp-json\/wp\/v2\/posts"}],"about":[{"href":"https:\/\/www.europesays.com\/fr\/wp-json\/wp\/v2\/types\/post"}],"author":[{"embeddable":true,"href":"https:\/\/www.europesays.com\/fr\/wp-json\/wp\/v2\/users\/2"}],"replies":[{"embeddable":true,"href":"https:\/\/www.europesays.com\/fr\/wp-json\/wp\/v2\/comments?post=18501"}],"version-history":[{"count":0,"href":"https:\/\/www.europesays.com\/fr\/wp-json\/wp\/v2\/posts\/18501\/revisions"}],"wp:featuredmedia":[{"embeddable":true,"href":"https:\/\/www.europesays.com\/fr\/wp-json\/wp\/v2\/media\/18502"}],"wp:attachment":[{"href":"https:\/\/www.europesays.com\/fr\/wp-json\/wp\/v2\/media?parent=18501"}],"wp:term":[{"taxonomy":"category","embeddable":true,"href":"https:\/\/www.europesays.com\/fr\/wp-json\/wp\/v2\/categories?post=18501"},{"taxonomy":"post_tag","embeddable":true,"href":"https:\/\/www.europesays.com\/fr\/wp-json\/wp\/v2\/tags?post=18501"}],"curies":[{"name":"wp","href":"https:\/\/api.w.org\/{rel}","templated":true}]}}