{"id":185012,"date":"2025-06-18T04:43:13","date_gmt":"2025-06-18T04:43:13","guid":{"rendered":"https:\/\/www.europesays.com\/fr\/185012\/"},"modified":"2025-06-18T04:43:13","modified_gmt":"2025-06-18T04:43:13","slug":"conflit-en-iran-israel-fait-le-sale-boulot-pour-nous-tous-juge-le-chancelier-allemand","status":"publish","type":"post","link":"https:\/\/www.europesays.com\/fr\/185012\/","title":{"rendered":"Conflit en Iran\u00a0: Isra\u00ebl fait \u00ab\u00a0le sale boulot pour nous tous\u00a0\u00bb, juge le chancelier allemand"},"content":{"rendered":"<p class=\"paragraph text_align_left lp-f-body-02\">Un mal n\u00e9cessaire ? Ce mardi, le chancelier allemand, Friedrich Merz, a estim\u00e9 qu\u2019Isra\u00ebl avait \u00ab le courage \u00bb de faire \u00ab le sale boulot pour nous tous \u00bb <a href=\"https:\/\/www.leparisien.fr\/international\/israel\/attaque-disrael-sur-liran-drones-caches-espionnage-armada-aerienne-les-dessous-de-loperation-lion-debout-13-06-2025-3CAOEEN5UFBMPE22IIMM7OU6MU.php\" target=\"_blank\" rel=\"noreferrer nofollow noopener\">en attaquant l\u2019Iran<\/a>, dont le pouvoir \u00ab a apport\u00e9 la mort et la destruction dans le monde \u00bb.<\/p>\n<p class=\"paragraph text_align_left lp-f-body-02\">Sans ces frappes isra\u00e9liennes, lanc\u00e9es sur le pays des Mollahs depuis vendredi dernier avec l\u2019op\u00e9ration \u00ab Lion Debout \u00bb, \u00ab nous aurions peut-\u00eatre continu\u00e9 \u00e0 subir pendant des mois et des ann\u00e9es le terrorisme de ce r\u00e9gime, qui aurait peut-\u00eatre m\u00eame fini par se doter de l\u2019arme atomique \u00bb, a-t-il dit sur la cha\u00eene <a href=\"https:\/\/www.zdf.de\/video\/magazine\/zdfheute-live-102\/g7-gipfel-kanada-merz-trump-video-100\" target=\"_blank\" rel=\"noreferrer nofollow noopener\">ZDF<\/a> en marge <a href=\"https:\/\/www.leparisien.fr\/international\/les-dirigeants-du-g7-dont-donald-trump-reunis-au-canada-en-plein-conflit-entre-liran-et-israel-16-06-2025-H44EEFFKMVBQ5A76QIK4N3NE24.php\" target=\"_blank\" rel=\"noreferrer nofollow noopener\">du sommet du G7<\/a>.<\/p>\n<p>Le r\u00e9gime \u00ab consid\u00e9rablement affaibli \u00bb<\/p>\n<p class=\"paragraph text_align_left lp-f-body-02\">\u00c0 ses yeux, en quelques jours, les attaques ont \u00ab d\u00e9j\u00e0 conduit \u00e0 ce que ce <a href=\"https:\/\/www.leparisien.fr\/international\/iran\/tous-les-scenarios-sont-sur-la-table-israel-peut-il-aller-jusqua-eliminer-layatollah-ali-khamenei-17-06-2025-XKNYPTTL2JGPRI6KDUZO5Z5WDY.php\" target=\"_blank\" rel=\"noreferrer nofollow noopener\">r\u00e9gime des mollahs soit consid\u00e9rablement affaibli<\/a>, et il est peu probable qu\u2019il retrouve sa force d\u2019avant. Par cons\u00e9quent, l\u2019avenir du pays est incertain \u00bb, a estim\u00e9 le dirigeant allemand lors d\u2019un entretien accord\u00e9 cette fois \u00e0 la cha\u00eene Welt TV depuis le Canada o\u00f9 se r\u00e9unissent les principales puissances.<\/p>\n<p><img decoding=\"async\" class=\"image \" loading=\"lazy\" src=\"https:\/\/www.europesays.com\/fr\/wp-content\/uploads\/2025\/06\/OEJIARLBUJFVBDL3OIU5DVFJ4Q.jpg\" alt=\"\" align=\"\" data-rubrique-principale=\"\" data-article-type=\"\" fetchpriority=\"auto\"\/><\/p>\n<p class=\"paragraph text_align_left lp-f-body-02\">Isra\u00ebl, qui cible essentiellement des infrastructures militaires et nucl\u00e9aires &#8211; mais qui a aussi <a href=\"https:\/\/www.leparisien.fr\/international\/iran\/lecrivaine-delphine-minoui-on-ne-peut-pas-pretendre-aider-le-peuple-iranien-en-le-bombardant-quotidiennement-17-06-2025-GJSLZYAGQVDEPABPUCYHEUACDA.php\" target=\"_blank\" rel=\"noreferrer nofollow noopener\">tu\u00e9 des civils<\/a> &#8211; a abattu de <a href=\"https:\/\/www.leparisien.fr\/international\/israel\/chefs-des-gardiens-de-la-revolution-chercheurs-nucleaires-qui-sont-les-iraniens-tues-par-les-forces-israeliennes-16-06-2025-B2WBQMFBZZCZRPHWPNNJUJWZG4.php\" target=\"_blank\" rel=\"noreferrer nofollow noopener\">nombreux hauts plac\u00e9s dans la hi\u00e9rarchie des Gardiens de la r\u00e9volution<\/a> et des forces arm\u00e9es d\u2019Iran.<\/p>\n","protected":false},"excerpt":{"rendered":"Un mal n\u00e9cessaire ? Ce mardi, le chancelier allemand, Friedrich Merz, a estim\u00e9 qu\u2019Isra\u00ebl avait \u00ab le courage&hellip;\n","protected":false},"author":2,"featured_media":185013,"comment_status":"","ping_status":"","sticky":false,"template":"","format":"standard","meta":{"footnotes":""},"categories":[1587],"tags":[11,672,1804,1805,1803,1777,674,1801,14,3019,12,1802],"class_list":{"0":"post-185012","1":"post","2":"type-post","3":"status-publish","4":"format-standard","5":"has-post-thumbnail","7":"category-allemagne","8":"tag-actualites","9":"tag-allemagne","10":"tag-bundesrepublik-deutschland","11":"tag-de","12":"tag-deutschland","13":"tag-eu","14":"tag-europe","15":"tag-germany","16":"tag-international","17":"tag-iran","18":"tag-news","19":"tag-republique-federale-dallemagne"},"share_on_mastodon":{"url":"https:\/\/pubeurope.com\/@fr\/114702542879084344","error":""},"_links":{"self":[{"href":"https:\/\/www.europesays.com\/fr\/wp-json\/wp\/v2\/posts\/185012","targetHints":{"allow":["GET"]}}],"collection":[{"href":"https:\/\/www.europesays.com\/fr\/wp-json\/wp\/v2\/posts"}],"about":[{"href":"https:\/\/www.europesays.com\/fr\/wp-json\/wp\/v2\/types\/post"}],"author":[{"embeddable":true,"href":"https:\/\/www.europesays.com\/fr\/wp-json\/wp\/v2\/users\/2"}],"replies":[{"embeddable":true,"href":"https:\/\/www.europesays.com\/fr\/wp-json\/wp\/v2\/comments?post=185012"}],"version-history":[{"count":0,"href":"https:\/\/www.europesays.com\/fr\/wp-json\/wp\/v2\/posts\/185012\/revisions"}],"wp:featuredmedia":[{"embeddable":true,"href":"https:\/\/www.europesays.com\/fr\/wp-json\/wp\/v2\/media\/185013"}],"wp:attachment":[{"href":"https:\/\/www.europesays.com\/fr\/wp-json\/wp\/v2\/media?parent=185012"}],"wp:term":[{"taxonomy":"category","embeddable":true,"href":"https:\/\/www.europesays.com\/fr\/wp-json\/wp\/v2\/categories?post=185012"},{"taxonomy":"post_tag","embeddable":true,"href":"https:\/\/www.europesays.com\/fr\/wp-json\/wp\/v2\/tags?post=185012"}],"curies":[{"name":"wp","href":"https:\/\/api.w.org\/{rel}","templated":true}]}}