{"id":185048,"date":"2025-06-18T05:04:08","date_gmt":"2025-06-18T05:04:08","guid":{"rendered":"https:\/\/www.europesays.com\/fr\/185048\/"},"modified":"2025-06-18T05:04:08","modified_gmt":"2025-06-18T05:04:08","slug":"covid-19-que-sait-on-du-nouveau-variant-nb-1-8-1-place-sous-surveillance-en-france-et-dans-le-reste-de-leurope-centre-presse-aveyron","status":"publish","type":"post","link":"https:\/\/www.europesays.com\/fr\/185048\/","title":{"rendered":"Covid-19 : que sait-on du nouveau variant NB.1.8.1, plac\u00e9 sous-surveillance en France et dans le reste de l\u2019Europe &#8211; Centre Presse Aveyron"},"content":{"rendered":"<ol>\n<li><a href=\"https:\/\/news.google.com\/rss\/articles\/CBMi-gFBVV95cUxPWi1heS1qQWxvam9nTG01WUR6MkxNRDhYSllRb1A3eXZSWjZiTnVXTHk0Yl8wYVRiZ1dRMm1vZ0tWTzhOaXhxSEtGNUhaNi1aeUVfbmxkZXc4Z0NjdENUWEp1bk9nMlc0Ty02c0s3bWtEV0NuZTNBbG9uOWQ3a2dTclBjSmJicmJQdGtwQmV4NjFpR1B1dzZGZk0zVlNnVUNXT29vVG5nX0tJUGEwNEFmVjBBMUxNN29sMWhhV3hqZ19HUkRGcDdjeWNTSVhhbUZRR0JYVlUzd1FVLXFGZElBVmc3aEdjeVdUR3EyZ011SF9xdVltSG4yNkZR?oc=5\" target=\"_blank\" rel=\"nofollow noopener\">Covid-19 : que sait-on du nouveau variant NB.1.8.1, plac\u00e9 sous-surveillance en France et dans le reste de l\u2019Europe<\/a>&nbsp;&nbsp;Centre Presse Aveyron<\/li>\n<li><a href=\"https:\/\/news.google.com\/rss\/articles\/CBMi0AFBVV95cUxNanFCM0FHUW5QOHRYTFpHaEtVSFA2RVZheWNqcDJIbWxNX25tME10QmJ3a243WmxRRC14TDJSdHotTDVpMmM3RHQ3Wi15aUE0aURJY0I2YmJDVlhCQXctLTBSOWY3WjdzTTN2Sk0xRW14dVV1YkFFeHVsdTFGU0Y5eHFheERYcXgwb0s0UVBocUdVc2pGbi1jVDhpc2YtVXRhVFVvZHFhQWFobHNuc2ozRlRPOVNWUUZiWnQ1RTBOSGN4Z2E5RjZHTXhJemJEcDJK?oc=5\" target=\"_blank\" rel=\"nofollow noopener\">Covid-19 : ce sympt\u00f4me pourrait \u00eatre le signe de la pr\u00e9sence d\u2019un variant<\/a>&nbsp;&nbsp;Sant\u00e9 Magazine<\/li>\n<li><a href=\"https:\/\/news.google.com\/rss\/articles\/CBMibkFVX3lxTE1HUVREZEctbkNoUTZDVmNYanBlRG9vVUJ1cEdDQ2RnVFM3dFQ0RVAxSGtKYmhVQzl0cklhd21fUWltdWZKTmt2ZmlNTGFvV3ZHLUFjRkpjcW5JYUxkQnA4Y05qb05fbjRPY0RTakNn?oc=5\" target=\"_blank\" rel=\"nofollow noopener\">O\u00f9 en est-on avec le COVID-19 ?<\/a>&nbsp;&nbsp;Hit West<\/li>\n<li><a href=\"https:\/\/news.google.com\/rss\/articles\/CBMiuAFBVV95cUxNUlJuRDZaakl2WC15dV92clA1YWx1cGdGZHZaOGgyRDF5eXI1alN2UGd2NXROU0NvZEFRdFAzVzVGSTN0ODB6aVdOcE9wLV9FdVluZ2l6N0tzdS1MNWZ1c0xHazlyLTNBeVh3X3FTZTBxQ3NiMURoSHVEdFAxcmhuREk5NlRfcG1vV0hoMHh2V3JxbnFodTNTZGwtQTJaeDE2Z19XWl8xMVU2ZXVYR1hNdU1Xa2daM0ht?oc=5\" target=\"_blank\" rel=\"nofollow noopener\">Nouveau variant du Covid : l&rsquo;Europe se veut rassurante mais reste vigilante<\/a>&nbsp;&nbsp;Egora<\/li>\n<li><a href=\"https:\/\/news.google.com\/rss\/articles\/CBMizgFBVV95cUxPdl9tWTdZZERraE9SZ3VLWmFJSW1vbkNJWGtRWXRTMGtpQ1p4WUl3QkwzYTFrQXZyRFRNQWxwdUFrMk5iQmxSNnFOWmowcDd3OHp0azJRQ1owOFFMRXlPNEFWQ3dsVEZLLU13ZjlLZU1TYnlpTUZDb2lzOXFObC1wVTdyQm9hdWxId2NUVDZkZ2hTMl9NSDhrWGlRdXQxOTFFN29RUFJ1OTJ4TnZVck1ZOUFiX0pNX0stNjVKUzlrTkZEOGc0bnJnV05TbmpsZw?oc=5\" target=\"_blank\" rel=\"nofollow noopener\">Covid Nimbus : apr\u00e8s le \u00ab\u00a0rasoir dans la gorge\u00a0\u00bb, ces autres sympt\u00f4mes tr\u00e8s g\u00eanants du nouveau variant<\/a>&nbsp;&nbsp;Closer<\/li>\n<\/ol>\n","protected":false},"excerpt":{"rendered":"Covid-19 : que sait-on du nouveau variant NB.1.8.1, plac\u00e9 sous-surveillance en France et dans le reste de l\u2019Europe&nbsp;&nbsp;Centre&hellip;\n","protected":false},"author":2,"featured_media":1445,"comment_status":"","ping_status":"","sticky":false,"template":"","format":"standard","meta":{"footnotes":""},"categories":[10],"tags":[1011,27,72,71],"class_list":{"0":"post-185048","1":"post","2":"type-post","3":"status-publish","4":"format-standard","5":"has-post-thumbnail","7":"category-sante","8":"tag-fr","9":"tag-france","10":"tag-health","11":"tag-sante"},"share_on_mastodon":{"url":"https:\/\/pubeurope.com\/@fr\/114702625683957296","error":""},"_links":{"self":[{"href":"https:\/\/www.europesays.com\/fr\/wp-json\/wp\/v2\/posts\/185048","targetHints":{"allow":["GET"]}}],"collection":[{"href":"https:\/\/www.europesays.com\/fr\/wp-json\/wp\/v2\/posts"}],"about":[{"href":"https:\/\/www.europesays.com\/fr\/wp-json\/wp\/v2\/types\/post"}],"author":[{"embeddable":true,"href":"https:\/\/www.europesays.com\/fr\/wp-json\/wp\/v2\/users\/2"}],"replies":[{"embeddable":true,"href":"https:\/\/www.europesays.com\/fr\/wp-json\/wp\/v2\/comments?post=185048"}],"version-history":[{"count":0,"href":"https:\/\/www.europesays.com\/fr\/wp-json\/wp\/v2\/posts\/185048\/revisions"}],"wp:featuredmedia":[{"embeddable":true,"href":"https:\/\/www.europesays.com\/fr\/wp-json\/wp\/v2\/media\/1445"}],"wp:attachment":[{"href":"https:\/\/www.europesays.com\/fr\/wp-json\/wp\/v2\/media?parent=185048"}],"wp:term":[{"taxonomy":"category","embeddable":true,"href":"https:\/\/www.europesays.com\/fr\/wp-json\/wp\/v2\/categories?post=185048"},{"taxonomy":"post_tag","embeddable":true,"href":"https:\/\/www.europesays.com\/fr\/wp-json\/wp\/v2\/tags?post=185048"}],"curies":[{"name":"wp","href":"https:\/\/api.w.org\/{rel}","templated":true}]}}