{"id":185053,"date":"2025-06-18T05:07:11","date_gmt":"2025-06-18T05:07:11","guid":{"rendered":"https:\/\/www.europesays.com\/fr\/185053\/"},"modified":"2025-06-18T05:07:11","modified_gmt":"2025-06-18T05:07:11","slug":"un-doctorant-propose-de-faire-exploser-une-bombe-nucleaire-sous-locean-mais-cest-pour-la-bonne-cause","status":"publish","type":"post","link":"https:\/\/www.europesays.com\/fr\/185053\/","title":{"rendered":"Un doctorant propose de faire exploser une bombe nucl\u00e9aire sous l\u2019oc\u00e9an (mais c&rsquo;est pour la bonne cause)"},"content":{"rendered":"<p data-start=\"264\" data-end=\"640\">Quand une id\u00e9e pour \u201csauver la<br \/>\nplan\u00e8te\u201d commence par une explosion nucl\u00e9aire, on se dit qu\u2019il y a<br \/>\ns\u00fbrement eu un bug quelque part. Pourtant, c\u2019est tr\u00e8s s\u00e9rieusement<br \/>\nce qu\u2019a propos\u00e9 Andy Haverly, jeune doctorant am\u00e9ricain en<br \/>\ninformatique quantique : d\u00e9clencher une gigantesque d\u00e9tonation atomique au fond de<br \/>\nl\u2019oc\u00e9an pour lutter contre le <a href=\"https:\/\/sciencepost.fr\/cartographie-zones-ou-changement-climatique-menace-securite-alimentaire\/\" target=\"_blank\" rel=\"noopener nofollow\">changement climatique<\/a>. Oui,<br \/>\nvraiment.<\/p>\n<p data-start=\"642\" data-end=\"870\">Et si cette proposition, aussi<br \/>\nfolle qu\u2019originale, est aujourd\u2019hui critiqu\u00e9e de toutes parts, elle<br \/>\nt\u00e9moigne aussi d\u2019un \u00e9tat de d\u00e9sespoir de plus en plus palpable chez<br \/>\ncertains scientifiques face \u00e0 l\u2019inaction climatique mondiale.<\/p>\n<p>Le climat s\u2019emballe, la science<br \/>\ns\u2019impatiente<\/p>\n<p data-start=\"930\" data-end=\"1264\">Le d\u00e9r\u00e8glement climatique est<br \/>\nune r\u00e9alit\u00e9 de plus en plus violente : vagues de chaleur,<br \/>\ns\u00e9cheresses, catastrophes naturelles, mont\u00e9e des eaux\u2026 Si rien<br \/>\nn\u2019est fait, les experts pr\u00e9voient des centaines de millions de<br \/>\nd\u00e9plac\u00e9s climatiques, des pertes \u00e9conomiques colossales, et des<br \/>\nd\u00e9g\u00e2ts \u00e9cologiques irr\u00e9versibles d\u2019ici la fin du si\u00e8cle.<\/p>\n<p data-start=\"1266\" data-end=\"1684\">Face \u00e0 cette urgence, de<br \/>\nnombreux chercheurs travaillent sur des solutions appel\u00e9es<br \/>\ntechnologies \u00e0 \u00e9missions n\u00e9gatives : elles visent \u00e0 retirer du<br \/>\ndioxyde de carbone (CO\u2082) de l\u2019atmosph\u00e8re, principal gaz responsable<br \/>\nde l\u2019effet de serre. On conna\u00eet d\u00e9j\u00e0 certaines pistes : planter des<br \/>\narbres, capter le carbone \u00e0 la source industrielle, utiliser du<br \/>\nb\u00e9ton qui le pi\u00e8ge, ou encore r\u00e9pandre du biochar sur les sols.<\/p>\n<p data-start=\"1686\" data-end=\"1992\">Mais une autre approche attire<br \/>\nde plus en plus d\u2019attention : l\u2019alt\u00e9ration acc\u00e9l\u00e9r\u00e9e des roches,<br \/>\nqui consiste \u00e0 broyer certaines roches volcaniques (comme le<br \/>\nbasalte) pour qu\u2019elles absorbent naturellement du CO\u2082 au contact de<br \/>\nl\u2019eau et de l\u2019air. Simple sur le papier, mais tr\u00e8s complexe \u00e0<br \/>\ngrande \u00e9chelle.<\/p>\n<p>Un plan radical : pulv\u00e9riser<br \/>\ndes montagnes de roche\u2026 avec une bombe atomique<\/p>\n<p data-start=\"2084\" data-end=\"2440\">C\u2019est l\u00e0 qu\u2019intervient l\u2019id\u00e9e<br \/>\nde Haverly. Dans une pr\u00e9publication publi\u00e9e sur le site <a href=\"https:\/\/arxiv.org\/abs\/2501.06623\" target=\"_blank\" rel=\"noopener nofollow\">arXiv<\/a> (non relue par des pairs), il propose de<br \/>\nr\u00e9soudre le probl\u00e8me logistique de cette m\u00e9thode\u2026 avec une<br \/>\nexplosion nucl\u00e9aire sous-marine d\u2019une puissance sans pr\u00e9c\u00e9dent : 81<br \/>\ngigatonnes, soit plus de 1 600 fois la Tsar Bomba, la plus grosse<br \/>\nbombe jamais test\u00e9e.<\/p>\n<p data-start=\"2442\" data-end=\"2870\">L\u2019objectif ? Pulv\u00e9riser plus<br \/>\nde 3 800 milliards de tonnes de basalte situ\u00e9es sous le plancher<br \/>\noc\u00e9anique, dans une zone \u00e9loign\u00e9e de l\u2019oc\u00e9an Austral. Une fois<br \/>\nr\u00e9duites en poussi\u00e8re, ces roches r\u00e9agiraient chimiquement avec le<br \/>\nCO\u2082, l\u2019emprisonnant durablement. Et comme la bombe serait enfouie \u00e0<br \/>\nplus de 3 km sous les fonds marins, il esp\u00e8re que l\u2019explosion<br \/>\nserait \u00ab\u00a0contenue\u00a0\u00bb et que les retomb\u00e9es nucl\u00e9aires<br \/>\nseraient \u00ab\u00a0limit\u00e9es\u00a0\u00bb.<\/p>\n<p><img loading=\"lazy\" data-lazyloaded=\"1\" decoding=\"async\" class=\"size-full wp-image-309952\" src=\"https:\/\/www.europesays.com\/fr\/wp-content\/uploads\/2025\/06\/iStock-1253853268-1-scaled.jpg\" alt=\"fonds oc\u00e9aniques explosion nucl\u00e9aire\" width=\"2048\" height=\"1365\"  data-\/><\/p>\n<p class=\"istock-credit\" style=\"text-align:center\">Cr\u00e9dit :<br \/>\niStock<\/p>\n<p>Cr\u00e9dits : :AndrisBarbans\/istockUne id\u00e9e loin d\u2019\u00eatre sans<br \/>\ncons\u00e9quences<\/p>\n<p data-start=\"2924\" data-end=\"3052\">Naturellement, l\u2019id\u00e9e est<br \/>\nhautement risqu\u00e9e, technologiquement incertaine, et largement<br \/>\ncritiqu\u00e9e.<\/p>\n<p data-start=\"3054\" data-end=\"3306\">D\u2019abord, il faut souligner que<br \/>\nl\u2019auteur n\u2019est ni climatologue, ni g\u00e9ologue, ni ing\u00e9nieur<br \/>\nnucl\u00e9aire. Il n\u2019explique pas comment une bombe de cette taille<br \/>\npourrait \u00eatre fabriqu\u00e9e, ni comment elle serait transport\u00e9e et<br \/>\ninstall\u00e9e \u00e0 une telle profondeur.<\/p>\n<p data-start=\"3308\" data-end=\"3560\">Ensuite, les cons\u00e9quences<br \/>\nenvironnementales seraient potentiellement catastrophiques :<br \/>\nirradiation durable, perturbations des fonds marins, risques pour<br \/>\nles \u00e9cosyst\u00e8mes marins, et bien s\u00fbr, diffusion de mati\u00e8res<br \/>\nradioactives \u00e0 l\u2019\u00e9chelle plan\u00e9taire.<\/p>\n<p data-start=\"3562\" data-end=\"3855\">M\u00eame Haverly reconna\u00eet que<br \/>\nl\u2019explosion \u00ab\u00a0entra\u00eenerait des pertes humaines \u00e0 long<br \/>\nterme\u00a0\u00bb, mais relativise : ce serait \u00ab\u00a0une goutte d\u2019eau<br \/>\ndans l\u2019oc\u00e9an\u00a0\u00bb compar\u00e9, selon lui, aux cons\u00e9quences des<br \/>\ncentrales \u00e0 charbon. Une logique du \u00ab\u00a0moindre mal\u00a0\u00bb qui<br \/>\nne convainc ni les experts\u2026 ni l\u2019opinion publique.<\/p>\n<p>Le vrai probl\u00e8me : l\u2019illusion<br \/>\nde ne rien changer<\/p>\n<p data-start=\"3919\" data-end=\"4272\">Si cette id\u00e9e a fait tant de<br \/>\nbruit, c\u2019est qu\u2019elle cristallise un dilemme inqui\u00e9tant : faut-il<br \/>\nrecourir \u00e0 des solutions extr\u00eames pour \u00e9viter de remettre en cause<br \/>\nnos modes de vie ? Haverly propose une mani\u00e8re de \u201cnettoyer\u201d le<br \/>\ncarbone sans que personne n\u2019ait \u00e0 consommer moins, \u00e0 prendre moins<br \/>\nl\u2019avion ou \u00e0 toucher aux profits des industries fossiles.<\/p>\n<p data-start=\"4274\" data-end=\"4347\">En clair : et si on r\u00e9glait le probl\u00e8me sans changer<br \/>\nquoi que ce soit ?<\/p>\n<p data-start=\"4349\" data-end=\"4602\">Ce fantasme techno-salvateur<br \/>\nest s\u00e9duisant, mais dangereux. Car il risque de repousser encore<br \/>\nl\u2019action concr\u00e8te sur les causes profondes du probl\u00e8me. Et dans le<br \/>\ncas d\u2019une explosion nucl\u00e9aire sous-marine, le rem\u00e8de pourrait<br \/>\ns\u2019av\u00e9rer bien pire que le mal.<\/p>\n<p>Une id\u00e9e folle\u2026 qui en dit<br \/>\nlong sur notre \u00e9poque<\/p>\n<p data-start=\"4666\" data-end=\"5053\">En soi, la proposition de<br \/>\nHaverly a peu de chances de voir le jour. Elle est techniquement<br \/>\nirr\u00e9aliste, moralement discutable, et rejet\u00e9e par la majorit\u00e9 des<br \/>\nexperts. Mais le simple fait qu\u2019elle existe, qu\u2019elle soit d\u00e9battue,<br \/>\net que certains y voient une solution, montre \u00e0 quel point la crise<br \/>\nclimatique pousse certains cerveaux brillants dans leurs<br \/>\nretranchements les plus extr\u00eames.<\/p>\n<p data-start=\"5055\" data-end=\"5202\">Ce n\u2019est plus seulement la<br \/>\nplan\u00e8te qui surchauffe. C\u2019est aussi notre imagination collective,<br \/>\nface \u00e0 un avenir qu\u2019on ne sait plus comment refroidir.<\/p>\n","protected":false},"excerpt":{"rendered":"Quand une id\u00e9e pour \u201csauver la plan\u00e8te\u201d commence par une explosion nucl\u00e9aire, on se dit qu\u2019il y a&hellip;\n","protected":false},"author":2,"featured_media":185054,"comment_status":"","ping_status":"","sticky":false,"template":"","format":"standard","meta":{"footnotes":""},"categories":[7],"tags":[1011,27,43,40,41,39,42,44],"class_list":{"0":"post-185053","1":"post","2":"type-post","3":"status-publish","4":"format-standard","5":"has-post-thumbnail","7":"category-sciences-et-technologies","8":"tag-fr","9":"tag-france","10":"tag-science","11":"tag-science-and-technology","12":"tag-sciences","13":"tag-sciences-et-technologies","14":"tag-technologies","15":"tag-technology"},"share_on_mastodon":{"url":"https:\/\/pubeurope.com\/@fr\/114702637115333748","error":""},"_links":{"self":[{"href":"https:\/\/www.europesays.com\/fr\/wp-json\/wp\/v2\/posts\/185053","targetHints":{"allow":["GET"]}}],"collection":[{"href":"https:\/\/www.europesays.com\/fr\/wp-json\/wp\/v2\/posts"}],"about":[{"href":"https:\/\/www.europesays.com\/fr\/wp-json\/wp\/v2\/types\/post"}],"author":[{"embeddable":true,"href":"https:\/\/www.europesays.com\/fr\/wp-json\/wp\/v2\/users\/2"}],"replies":[{"embeddable":true,"href":"https:\/\/www.europesays.com\/fr\/wp-json\/wp\/v2\/comments?post=185053"}],"version-history":[{"count":0,"href":"https:\/\/www.europesays.com\/fr\/wp-json\/wp\/v2\/posts\/185053\/revisions"}],"wp:featuredmedia":[{"embeddable":true,"href":"https:\/\/www.europesays.com\/fr\/wp-json\/wp\/v2\/media\/185054"}],"wp:attachment":[{"href":"https:\/\/www.europesays.com\/fr\/wp-json\/wp\/v2\/media?parent=185053"}],"wp:term":[{"taxonomy":"category","embeddable":true,"href":"https:\/\/www.europesays.com\/fr\/wp-json\/wp\/v2\/categories?post=185053"},{"taxonomy":"post_tag","embeddable":true,"href":"https:\/\/www.europesays.com\/fr\/wp-json\/wp\/v2\/tags?post=185053"}],"curies":[{"name":"wp","href":"https:\/\/api.w.org\/{rel}","templated":true}]}}