{"id":185062,"date":"2025-06-18T05:12:15","date_gmt":"2025-06-18T05:12:15","guid":{"rendered":"https:\/\/www.europesays.com\/fr\/185062\/"},"modified":"2025-06-18T05:12:15","modified_gmt":"2025-06-18T05:12:15","slug":"loire-saint-etienne-est-toujours-une-ville-daccueil-pour-le-martinet","status":"publish","type":"post","link":"https:\/\/www.europesays.com\/fr\/185062\/","title":{"rendered":"Loire. Saint-\u00c9tienne est toujours une ville d\u2019accueil pour le martinet"},"content":{"rendered":"<p class=\"insetTitle\">Un oiseau qui \u00ab\u00a0ne se pose jamais\u00a0\u00bb<\/p>\n<p>Si Saint-\u00c9tienne est la ville qui h\u00e9berge la plus grande colonie connue de martinets noirs et \u00e0 ventre blanc, c\u2019est sans doute gr\u00e2ce au travail de Maryse Hermelin. B\u00e9n\u00e9vole \u00e0 la LPO et passionn\u00e9e par les oiseaux, elle l\u2019est encore plus par ces esp\u00e8ces arriv\u00e9es dans la pr\u00e9fecture de la Loire en 1989. \u00ab\u00a0Nous avions un point z\u00e9ro, puis il y en avait de plus en plus. Alors, je voulais savoir pourquoi.\u00a0\u00bb<\/p>\n<p>D\u2019abord dans le secteur H\u00f4tel de ville\/Carnot, \u00e0 partir de 2019, elle a ensuite \u00e9largi son p\u00e9rim\u00e8tre de recherches et arpent\u00e9 toutes les rues de la ville, tous les matins, de 6 \u00e0 11 heures. La t\u00eate en l\u2019air, mais aussi face au trottoir. \u00ab\u00a0S\u2019il y a des traces de fiente par terre, c\u2019est que des martinets nichent au-dessus.\u00a0\u00bb<\/p>\n<p>Il \u00e9limine une grande partie des moustiques de l&rsquo;\u00e9t\u00e9<\/p>\n<p>Aujourd\u2019hui, elle estime que \u00ab\u00a080\u00a0% du travail de recensement est fait. Il nous manque certainement quelques individus qui seraient dans des cours d\u2019immeuble\u00a0\u00bb.<\/p>\n<p>En tout cas, cet oiseau est un alli\u00e9 pour ses riverains puisque, insectivore, il \u00e9limine une grande partie des moustiques qui g\u00e2chent nos nuits d\u2019\u00e9t\u00e9. \u00ab\u00a0Le martinet \u00e0 ventre blanc peut attraper jusqu\u2019\u00e0 15\u00a0000 insectes par jour. Uniquement en volant.\u00a0\u00bb<\/p>\n<p>Car quand il ne niche pas, il vole\u00a0: \u00ab\u00a0Il mange, boit, dort m\u00eame en volant. Il ne se pose jamais\u00a0\u00bb. Un oiseau fascinant, que tout un chacun peut observer actuellement dans le ciel st\u00e9phanois.<\/p>\n<p class=\"note\">Pour rejoindre Maryse Hermelin et l\u2019\u00e9quipe de b\u00e9n\u00e9voles\u00a0: <a href=\"https:\/\/www.leprogres.fr\/environnement\/2025\/06\/18\/maeline.escurat-besset@lpo.fr\" target=\"_blank\" rel=\"noopener\">maeline.escurat-besset@lpo.fr<\/a><\/p>\n","protected":false},"excerpt":{"rendered":"Un oiseau qui \u00ab\u00a0ne se pose jamais\u00a0\u00bb Si Saint-\u00c9tienne est la ville qui h\u00e9berge la plus grande colonie&hellip;\n","protected":false},"author":2,"featured_media":185063,"comment_status":"","ping_status":"","sticky":false,"template":"","format":"standard","meta":{"footnotes":""},"categories":[9653],"tags":[1111,11,1867,2430,7539,436,1777,674,107,1011,27,9588,3367,12,32309,25,4001],"class_list":{"0":"post-185062","1":"post","2":"type-post","3":"status-publish","4":"format-standard","5":"has-post-thumbnail","7":"category-saint-etienne","8":"tag-actu","9":"tag-actualites","10":"tag-animaux","11":"tag-auvergne-rhone-alpes","12":"tag-edition-loire-sud","13":"tag-environnement","14":"tag-eu","15":"tag-europe","16":"tag-fil-info","17":"tag-fr","18":"tag-france","19":"tag-ici-on-agit","20":"tag-loire","21":"tag-news","22":"tag-oiseaux-de-bonheur","23":"tag-republique-francaise","24":"tag-saint-etienne"},"share_on_mastodon":{"url":"https:\/\/pubeurope.com\/@fr\/114702656723581023","error":""},"_links":{"self":[{"href":"https:\/\/www.europesays.com\/fr\/wp-json\/wp\/v2\/posts\/185062","targetHints":{"allow":["GET"]}}],"collection":[{"href":"https:\/\/www.europesays.com\/fr\/wp-json\/wp\/v2\/posts"}],"about":[{"href":"https:\/\/www.europesays.com\/fr\/wp-json\/wp\/v2\/types\/post"}],"author":[{"embeddable":true,"href":"https:\/\/www.europesays.com\/fr\/wp-json\/wp\/v2\/users\/2"}],"replies":[{"embeddable":true,"href":"https:\/\/www.europesays.com\/fr\/wp-json\/wp\/v2\/comments?post=185062"}],"version-history":[{"count":0,"href":"https:\/\/www.europesays.com\/fr\/wp-json\/wp\/v2\/posts\/185062\/revisions"}],"wp:featuredmedia":[{"embeddable":true,"href":"https:\/\/www.europesays.com\/fr\/wp-json\/wp\/v2\/media\/185063"}],"wp:attachment":[{"href":"https:\/\/www.europesays.com\/fr\/wp-json\/wp\/v2\/media?parent=185062"}],"wp:term":[{"taxonomy":"category","embeddable":true,"href":"https:\/\/www.europesays.com\/fr\/wp-json\/wp\/v2\/categories?post=185062"},{"taxonomy":"post_tag","embeddable":true,"href":"https:\/\/www.europesays.com\/fr\/wp-json\/wp\/v2\/tags?post=185062"}],"curies":[{"name":"wp","href":"https:\/\/api.w.org\/{rel}","templated":true}]}}