{"id":185081,"date":"2025-06-18T05:23:11","date_gmt":"2025-06-18T05:23:11","guid":{"rendered":"https:\/\/www.europesays.com\/fr\/185081\/"},"modified":"2025-06-18T05:23:11","modified_gmt":"2025-06-18T05:23:11","slug":"nominations-marie-cabrieres-alexia-de-courcel-severine-vernet-les-mouvements-du-jour","status":"publish","type":"post","link":"https:\/\/www.europesays.com\/fr\/185081\/","title":{"rendered":"Nominations. Marie Cabri\u00e8res, Alexia De Courcel, S\u00e9verine Vernet&#8230; : les mouvements du jour"},"content":{"rendered":"<p>P\u00e9pite du quantique grenobloise, Quobly vient de recruter\u00a0Marie Cabri\u00e8res comme nouvelle\u00a0directrice de la communication. Dipl\u00f4m\u00e9e de Science Po Aix et d\u2019un Master de gestion des risques et crises de la Sorbonne,\u00a0cette derni\u00e8re a exerc\u00e9 des postes au sein de nombreuses entreprises du territoire : chez Soitec \u00e0 Grenoble en tant que communication manager puis\u00a0au sein de la start-up is\u00e9roise de robotique chirurgicale eCential Robotics en tant que directrice des affaires publiques et de la communication.<\/p>\n<p>Elle \u00e9tait r\u00e9cemment\u00a0responsable de la communication d\u2019Haventure, acc\u00e9l\u00e9rateur d\u00e9di\u00e9 aux start-up de la robotique chirurgicale.<\/p>\n<p>\u00ab\u00a0Je me r\u00e9jouis d\u00e9sormais d&rsquo;accompagner Quobly dans cette phase de croissance, o\u00f9 la communication strat\u00e9gique est essentielle pour renforcer la r\u00e9putation et l&rsquo;engagement des parties prenantes, et p\u00e9renniser la croissance \u00e0 long terme\u00a0\u00bb, partage\u00a0Marie Cabri\u00e8res sur son compte LinkedIn.<\/p>\n","protected":false},"excerpt":{"rendered":"P\u00e9pite du quantique grenobloise, Quobly vient de recruter\u00a0Marie Cabri\u00e8res comme nouvelle\u00a0directrice de la communication. Dipl\u00f4m\u00e9e de Science Po&hellip;\n","protected":false},"author":2,"featured_media":185082,"comment_status":"","ping_status":"","sticky":false,"template":"","format":"standard","meta":{"footnotes":""},"categories":[9566],"tags":[1111,11,2430,9810,33,1777,674,1011,27,2731,12,9350,25,216],"class_list":{"0":"post-185081","1":"post","2":"type-post","3":"status-publish","4":"format-standard","5":"has-post-thumbnail","7":"category-grenoble","8":"tag-actu","9":"tag-actualites","10":"tag-auvergne-rhone-alpes","11":"tag-direct-entreprises","12":"tag-economie","13":"tag-eu","14":"tag-europe","15":"tag-fr","16":"tag-france","17":"tag-grenoble","18":"tag-news","19":"tag-nominations","20":"tag-republique-francaise","21":"tag-vie-des-entreprises"},"share_on_mastodon":{"url":"","error":""},"_links":{"self":[{"href":"https:\/\/www.europesays.com\/fr\/wp-json\/wp\/v2\/posts\/185081","targetHints":{"allow":["GET"]}}],"collection":[{"href":"https:\/\/www.europesays.com\/fr\/wp-json\/wp\/v2\/posts"}],"about":[{"href":"https:\/\/www.europesays.com\/fr\/wp-json\/wp\/v2\/types\/post"}],"author":[{"embeddable":true,"href":"https:\/\/www.europesays.com\/fr\/wp-json\/wp\/v2\/users\/2"}],"replies":[{"embeddable":true,"href":"https:\/\/www.europesays.com\/fr\/wp-json\/wp\/v2\/comments?post=185081"}],"version-history":[{"count":0,"href":"https:\/\/www.europesays.com\/fr\/wp-json\/wp\/v2\/posts\/185081\/revisions"}],"wp:featuredmedia":[{"embeddable":true,"href":"https:\/\/www.europesays.com\/fr\/wp-json\/wp\/v2\/media\/185082"}],"wp:attachment":[{"href":"https:\/\/www.europesays.com\/fr\/wp-json\/wp\/v2\/media?parent=185081"}],"wp:term":[{"taxonomy":"category","embeddable":true,"href":"https:\/\/www.europesays.com\/fr\/wp-json\/wp\/v2\/categories?post=185081"},{"taxonomy":"post_tag","embeddable":true,"href":"https:\/\/www.europesays.com\/fr\/wp-json\/wp\/v2\/tags?post=185081"}],"curies":[{"name":"wp","href":"https:\/\/api.w.org\/{rel}","templated":true}]}}