{"id":185100,"date":"2025-06-18T05:35:10","date_gmt":"2025-06-18T05:35:10","guid":{"rendered":"https:\/\/www.europesays.com\/fr\/185100\/"},"modified":"2025-06-18T05:35:10","modified_gmt":"2025-06-18T05:35:10","slug":"4-ans-de-prison-pour-un-sexagenaire-qui-trouvait-ses-victimes-au-rayon-bonbon-dun-supermarche","status":"publish","type":"post","link":"https:\/\/www.europesays.com\/fr\/185100\/","title":{"rendered":"4 ans de prison pour un sexag\u00e9naire qui trouvait ses victimes au rayon \u00abbonbon\u00bb d\u2019un supermarch\u00e9"},"content":{"rendered":"<p>Un homme de 60 ans a \u00e9t\u00e9 condamn\u00e9, lundi 16 juin, pour corruption de mineurs et agression sexuelle sur mineurs, au tribunal correctionnel de Bordeaux.<\/p>\n<p class=\"fig-paragraph\">D\u00e9j\u00e0 condamn\u00e9 pour des infractions sexuelles sur des enfants, un sexag\u00e9naire a r\u00e9guli\u00e8rement abord\u00e9 six\u00a0<a href=\"https:\/\/www.lefigaro.fr\/vox\/societe\/michel-desmurget-le-cerveau-des-adolescents-n-est-pas-arme-pour-affronter-les-reseaux-sociaux-20250615?msockid=258c4318a154643d05395665a0ed65f9\" target=\"_blank\" data-fig-type=\"Article\" rel=\"noopener\" data-gtm-custom-categorie=\"navigation\" data-gtm-custom-action=\"crossclick\" data-gtm-custom-label=\"Contextuel\" data-gtm-event=\"customEventSPE\" data-fig-domain=\"LEFIGARO\">adolescents<\/a>, \u00e2g\u00e9s entre 12 et 13 ans, \u00e0 l\u2019int\u00e9rieur mais aussi \u00e0 l\u2019ext\u00e9rieur d\u2019un supermarch\u00e9 de\u00a0<a href=\"https:\/\/www.lefigaro.fr\/bordeaux\/bordeaux-gradignan-face-a-la-surpopulation-carcerale-un-syndicat-penitentiaire-demande-la-reouverture-de-l-ancienne-prison-20250612?msockid=258c4318a154643d05395665a0ed65f9\" target=\"_blank\" data-fig-type=\"NewsFlash\" rel=\"noopener\" data-gtm-custom-categorie=\"navigation\" data-gtm-custom-action=\"crossclick\" data-gtm-custom-label=\"Contextuel\" data-gtm-event=\"customEventSPE\" data-fig-domain=\"LEFIGARO\">Gradignan<\/a>, pr\u00e8s de\u00a0<a href=\"http:\/\/www.lefigaro.fr\/bordeaux\/un-avion-deroute-en-urgence-vers-l-aeroport-de-bordeaux-merignac-a-cause-d-une-odeur-de-chaud-dans-la-cabine-20250617\" data-fig-type=\"NewsFlash\" data-gtm-custom-categorie=\"navigation\" data-gtm-custom-action=\"crossclick\" data-gtm-custom-label=\"Contextuel\" data-gtm-event=\"customEventSPE\" data-fig-domain=\"LEFIGARO\" target=\"_blank\" rel=\"noopener\">Bordeaux<\/a>\u00a0entre fin mars et mi-avril 2025. Il a \u00e9t\u00e9 condamn\u00e9 \u00e0 quatre ans et trois mois de prison ferme, \u00e0 un suivi sociojudiciaire de cinq ans, et maintenu en d\u00e9tention.<\/p>\n<p class=\"fig-paragraph\">L\u2019agresseur r\u00f4dait fr\u00e9quemment \u00e0 proximit\u00e9 du magasin et avait pris pour habitude de se rendre au rayon des confiseries pour retrouver et suivre le groupe de jeunes. Il se rendait aussi sur un banc situ\u00e9 \u00e0 l\u2019ext\u00e9rieur du b\u00e2timent, o\u00f9 les enfants se retrouvaient souvent, pour engager la discussion avec eux.<\/p>\n<p class=\"fig-paragraph\">Au d\u00e9tour d\u2019une conversation banale, il finissait toujours par faire des avances \u00e0 ce groupe d\u2019amis, avec des propos \u00e0 connotation sexuelle. Parfois, il allait jusqu\u2019\u00e0 leur proposer son num\u00e9ro de t\u00e9l\u00e9phone. Deux d\u2019entre eux ont \u00e9galement rapport\u00e9 des attouchements.<\/p>\n<p>\u00abLe profil typique du r\u00e9cidiviste\u00bb<\/p>\n<p class=\"fig-paragraph\">Lors du jugement, le mis en cause a affirm\u00e9 \u00e0 la barre qu\u2019il avait besoin d\u2019aide. \u00abMon client est le profil typique du r\u00e9cidiviste qui n\u2019a pas eu suffisamment de soins. Il est sorti de prison en janvier et a commis ces actes deux mois plus tard. Le probl\u00e8me, c\u2019est qu\u2019il n\u2019avait pas de rendez-vous chez un psychiatre avant mai. Ce type de profil demande un suivi th\u00e9rapeutique r\u00e9gulier et rigoureux\u00bb, nous a indiqu\u00e9 Ma\u00eetre Sara Herent, son avocate.<\/p>\n<p class=\"fig-paragraph\">\u00abPour moi, c\u2019est le type de profil qui n\u2019a pas sa place en prison. On est ici face \u00e0 un effet boule de neige. Face au ph\u00e9nom\u00e8ne de surpopulation carc\u00e9rale, les services et les unit\u00e9s de soins sont sous l\u2019eau dans les prisons. Les psychologues et psychiatres sont en trop faible quantit\u00e9 pour subvenir aux demandes. Au Canada, par exemple, on offre des structures o\u00f9 les gens vont purger des peines, mais o\u00f9 le syst\u00e8me carc\u00e9ral va accorder une place importante aux soins. Ce n\u2019est pas le cas en France\u00bb, conclut-elle.<\/p>\n","protected":false},"excerpt":{"rendered":"Un homme de 60 ans a \u00e9t\u00e9 condamn\u00e9, lundi 16 juin, pour corruption de mineurs et agression sexuelle&hellip;\n","protected":false},"author":2,"featured_media":185101,"comment_status":"","ping_status":"","sticky":false,"template":"","format":"standard","meta":{"footnotes":""},"categories":[2817],"tags":[1111,11,1267,1401,1997,2916,2911,2910,2915,2909,2904,2913,2912,2914,2906,2907,1777,674,1011,27,2905,2908,6636,12,2219,874,25],"class_list":{"0":"post-185100","1":"post","2":"type-post","3":"status-publish","4":"format-standard","5":"has-post-thumbnail","7":"category-bordeaux","8":"tag-actu","9":"tag-actualites","10":"tag-agression-sexuelle","11":"tag-agressions-sexuelles","12":"tag-bordeaux","13":"tag-bordeaux-cauderan","14":"tag-bordeaux-centre-ville","15":"tag-bordeaux-chartrons-grand-parc-jardin-public","16":"tag-bordeaux-la-bastide","17":"tag-bordeaux-maritime","18":"tag-bordeaux-metropole","19":"tag-bordeaux-nansouty-st-genes","20":"tag-bordeaux-st-augustin-tauzin-alphonse-dupeux","21":"tag-bordeaux-sud","22":"tag-capitale-de-gaule","23":"tag-cathedrale-gothique-de-saint-andre","24":"tag-eu","25":"tag-europe","26":"tag-fr","27":"tag-france","28":"tag-gironde","29":"tag-girondins-de-bordeaux","30":"tag-mineurs","31":"tag-news","32":"tag-nouvelle-aquitaine","33":"tag-pedophilie","34":"tag-republique-francaise"},"share_on_mastodon":{"url":"","error":"Validation failed: Text character limit of 500 exceeded"},"_links":{"self":[{"href":"https:\/\/www.europesays.com\/fr\/wp-json\/wp\/v2\/posts\/185100","targetHints":{"allow":["GET"]}}],"collection":[{"href":"https:\/\/www.europesays.com\/fr\/wp-json\/wp\/v2\/posts"}],"about":[{"href":"https:\/\/www.europesays.com\/fr\/wp-json\/wp\/v2\/types\/post"}],"author":[{"embeddable":true,"href":"https:\/\/www.europesays.com\/fr\/wp-json\/wp\/v2\/users\/2"}],"replies":[{"embeddable":true,"href":"https:\/\/www.europesays.com\/fr\/wp-json\/wp\/v2\/comments?post=185100"}],"version-history":[{"count":0,"href":"https:\/\/www.europesays.com\/fr\/wp-json\/wp\/v2\/posts\/185100\/revisions"}],"wp:featuredmedia":[{"embeddable":true,"href":"https:\/\/www.europesays.com\/fr\/wp-json\/wp\/v2\/media\/185101"}],"wp:attachment":[{"href":"https:\/\/www.europesays.com\/fr\/wp-json\/wp\/v2\/media?parent=185100"}],"wp:term":[{"taxonomy":"category","embeddable":true,"href":"https:\/\/www.europesays.com\/fr\/wp-json\/wp\/v2\/categories?post=185100"},{"taxonomy":"post_tag","embeddable":true,"href":"https:\/\/www.europesays.com\/fr\/wp-json\/wp\/v2\/tags?post=185100"}],"curies":[{"name":"wp","href":"https:\/\/api.w.org\/{rel}","templated":true}]}}