{"id":185106,"date":"2025-06-18T05:38:16","date_gmt":"2025-06-18T05:38:16","guid":{"rendered":"https:\/\/www.europesays.com\/fr\/185106\/"},"modified":"2025-06-18T05:38:16","modified_gmt":"2025-06-18T05:38:16","slug":"une-nouvelle-candidate-annoncee-a-gauche","status":"publish","type":"post","link":"https:\/\/www.europesays.com\/fr\/185106\/","title":{"rendered":"une nouvelle candidate annonc\u00e9e \u00e0 gauche"},"content":{"rendered":"<p>            Par<br \/>\n        <strong><br \/>\n            <a href=\"https:\/\/actu.fr\/auteur\/nicolas-demollien\" title=\"Consulter tous les articles de Nicolas Demollien\" rel=\"nofollow noopener\" target=\"_blank\">Nicolas Demollien<\/a><br \/>\n        <\/strong><\/p>\n<p>        Publi\u00e9 le<\/p>\n<p>            18 juin 2025 \u00e0 6h26        <\/p>\n<p><b>Faustine Balmelle-Delauzun<\/b>, 33 ans, se lance dans la bataille des <a href=\"https:\/\/actu.fr\/tag\/municipales-2026\" rel=\"nofollow noopener\" target=\"_blank\">\u00e9lections municipales 2026<\/a> \u00e0 <a href=\"https:\/\/actu.fr\/hauts-de-france\/lille_59350\" rel=\"nofollow noopener\" target=\"_blank\">Lille<\/a> (Nord). Elle m\u00e8nera la <b>liste G\u00e9n\u00e9ration.s<\/b>, le <b>mouvement politique de gauche<\/b> fond\u00e9 en 2017 par Beno\u00eet Hamon. Faustine Balmelle-Delauzun est actuellement <b>\u00e9lue au conseil municipal<\/b> de Lille (co-pr\u00e9sidente du <b>groupe Lille Verte<\/b>) et <b>conseill\u00e8re m\u00e9tropolitaine<\/b> \u00e0 la <a href=\"https:\/\/actu.fr\/tag\/metropole-europeenne-de-lille\" rel=\"nofollow noopener\" target=\"_blank\">M\u00e9tropole europ\u00e9enne de Lille<\/a>.<\/p>\n<p>Municipales 2026 : Faustine Balmelle-Delauzun dans la course au beffroi \u00e0 Lille<\/p>\n<p data-end=\"733\" class=\" wall-content\">Originaire d\u2019un petit village du sud de l\u2019Ard\u00e8che, la trentenaire \u00ab\u00a0a grandi au sein d\u2019une famille nombreuse o\u00f9 elle a appris tr\u00e8s t\u00f4t les valeurs de partage et de solidarit\u00e9\u00a0\u00bb, explique-t-on du c\u00f4t\u00e9 du parti.<\/p>\n<p data-end=\"733\" class=\" wall-content\"><b>Petite-fille d\u2019agriculteurs<\/b>, elle est d\u00e9crite comme sensible \u00e0 la nature, antifasciste et r\u00e9solument engag\u00e9e contre l\u2019extr\u00eame droite.<\/p>\n<p data-end=\"1044\" class=\" wall-content\">\u00c0 15 ans, elle avait d\u00e9cid\u00e9 de s\u2019engager \u00e0 gauche en adh\u00e9rant au <a href=\"https:\/\/actu.fr\/tag\/parti-socialiste-ps\" rel=\"nofollow noopener\" target=\"_blank\">Parti socialiste<\/a> suite \u00e0 l\u2019\u00e9lection de <a href=\"https:\/\/actu.fr\/tag\/nicolas-sarkozy\" rel=\"nofollow noopener\" target=\"_blank\">Nicolas Sarkozy<\/a>. Elle y restera dix ans et exercera diff\u00e9rentes responsabilit\u00e9s au sein du Parti socialiste du Nord.<\/p>\n<p data-end=\"1593\" class=\" wall-content\">En 2017, d\u00e9\u00e7ue par <a href=\"https:\/\/actu.fr\/tag\/francois-hollande\" rel=\"nofollow noopener\" target=\"_blank\">Fran\u00e7ois Hollande<\/a> et par l\u2019arriv\u00e9e sur la sc\u00e8ne politique de <a href=\"https:\/\/actu.fr\/tag\/manuel-valls\" rel=\"nofollow noopener\" target=\"_blank\">Manuel Valls<\/a> et <a href=\"https:\/\/actu.fr\/tag\/emmanuel-macron\" rel=\"nofollow noopener\" target=\"_blank\">Emmanuel Macron<\/a>, elle <b>quitte finalement le PS<\/b> pour s\u2019engager dans le nouveau parti cr\u00e9\u00e9 par Beno\u00eet Hamon.\u00a0<\/p>\n<p>Vid\u00e9os : en ce moment sur Actu<\/p>\n<p data-end=\"1593\" class=\" wall-content\">Faustine Balmelle-Delauzun est arriv\u00e9e \u00e0 Lille en 2012 pour ses \u00e9tudes. \u00ab\u00a0C\u2019est l\u00e0 que na\u00eet son engagement pour les quartiers populaires et pour la d\u00e9fense du logement social. En 2014, elle devient <b>conseill\u00e8re de quartier \u00e0 Vauban-Esquermes<\/b>, le quartier o\u00f9 elle \u00e9tudie alors.<\/p>\n<p data-end=\"2276\" class=\" wall-content\">En 2020, elle est \u00e9lue \u00e0 la Ville de Lille et \u00e0 la M\u00e9tropole avec G\u00e9n\u00e9ration.s Lille, sur une liste commune avec Lille Verte.\u00a0 En parall\u00e8le de son engagement politique, elle est <b>fonctionnaire, responsable d\u2019un service de coh\u00e9sion sociale<\/b> dans une collectivit\u00e9, et <b>repr\u00e9sentante syndicale<\/b> CGT.<\/p>\n<p>    <a href=\"https:\/\/www.facebook.com\/plugins\/post.php?href=https%3A%2F%2Fwww.facebook.com%2Ffaustine.balmelle%2Fposts%2Fpfbid02RDFu2JxbjS8TZhC85dn2cfdr6WKxU41W12XeMDvw4krPR8CaYiqxb8Fz7AZgFwztl&amp;show_text=true&amp;width=350\" title=\"Ouvrie le lien\" rel=\"nofollow noopener\" target=\"_blank\">Cliquez ici pour visualiser le contenu<\/a><\/p>\n<p data-end=\"2276\" class=\" wall-content\">Nous reviendrons sur les id\u00e9es de G\u00e9n\u00e9ration.s dans les semaines \u00e0 venir. Plus d\u2019infos sur le site <a href=\"https:\/\/generations-lille.fr\/\" rel=\"nofollow noopener\" target=\"_blank\">generations-lille.fr<\/a><\/p>\n<p class=\" wall-content\">Suivez toute l\u2019actualit\u00e9 de vos villes et m\u00e9dias favoris en vous inscrivant \u00e0 <a href=\"https:\/\/moncompte.actu.fr\" title=\"D\u00e9couvez Mon Actu\" rel=\"nofollow noopener\" data-trk=\"{&quot;cta&quot;:{&quot;action&quot;:&quot;https:\\\/\\\/moncompte.actu.fr&quot;,&quot;category&quot;:&quot;mon compte&quot;,&quot;from&quot;:&quot;article footer&quot;,&quot;name&quot;:&quot;Mon actu&quot;,&quot;type&quot;:&quot;cta&quot;}}\" target=\"_blank\">Mon Actu<\/a>.<\/p>\n","protected":false},"excerpt":{"rendered":"Par Nicolas Demollien Publi\u00e9 le 18 juin 2025 \u00e0 6h26 Faustine Balmelle-Delauzun, 33 ans, se lance dans la&hellip;\n","protected":false},"author":2,"featured_media":185107,"comment_status":"","ping_status":"","sticky":false,"template":"","format":"standard","meta":{"footnotes":""},"categories":[2815],"tags":[1111,11,1777,674,1011,27,811,1307,3434,12,316,25],"class_list":{"0":"post-185106","1":"post","2":"type-post","3":"status-publish","4":"format-standard","5":"has-post-thumbnail","7":"category-lille","8":"tag-actu","9":"tag-actualites","10":"tag-eu","11":"tag-europe","12":"tag-fr","13":"tag-france","14":"tag-hauts-de-france","15":"tag-lille","16":"tag-municipales-2026","17":"tag-news","18":"tag-politique","19":"tag-republique-francaise"},"share_on_mastodon":{"url":"https:\/\/pubeurope.com\/@fr\/114702759461741328","error":""},"_links":{"self":[{"href":"https:\/\/www.europesays.com\/fr\/wp-json\/wp\/v2\/posts\/185106","targetHints":{"allow":["GET"]}}],"collection":[{"href":"https:\/\/www.europesays.com\/fr\/wp-json\/wp\/v2\/posts"}],"about":[{"href":"https:\/\/www.europesays.com\/fr\/wp-json\/wp\/v2\/types\/post"}],"author":[{"embeddable":true,"href":"https:\/\/www.europesays.com\/fr\/wp-json\/wp\/v2\/users\/2"}],"replies":[{"embeddable":true,"href":"https:\/\/www.europesays.com\/fr\/wp-json\/wp\/v2\/comments?post=185106"}],"version-history":[{"count":0,"href":"https:\/\/www.europesays.com\/fr\/wp-json\/wp\/v2\/posts\/185106\/revisions"}],"wp:featuredmedia":[{"embeddable":true,"href":"https:\/\/www.europesays.com\/fr\/wp-json\/wp\/v2\/media\/185107"}],"wp:attachment":[{"href":"https:\/\/www.europesays.com\/fr\/wp-json\/wp\/v2\/media?parent=185106"}],"wp:term":[{"taxonomy":"category","embeddable":true,"href":"https:\/\/www.europesays.com\/fr\/wp-json\/wp\/v2\/categories?post=185106"},{"taxonomy":"post_tag","embeddable":true,"href":"https:\/\/www.europesays.com\/fr\/wp-json\/wp\/v2\/tags?post=185106"}],"curies":[{"name":"wp","href":"https:\/\/api.w.org\/{rel}","templated":true}]}}