{"id":185108,"date":"2025-06-18T05:39:43","date_gmt":"2025-06-18T05:39:43","guid":{"rendered":"https:\/\/www.europesays.com\/fr\/185108\/"},"modified":"2025-06-18T05:39:43","modified_gmt":"2025-06-18T05:39:43","slug":"inauguration-des-rues-pierre-mauroy-et-du-molinel-actualites","status":"publish","type":"post","link":"https:\/\/www.europesays.com\/fr\/185108\/","title":{"rendered":"Inauguration des rues Pierre Mauroy et du Molinel \/ Actualit\u00e9s"},"content":{"rendered":"<p>Profitez d&rsquo;un moment convivial pour f\u00eater l&rsquo;inauguration de vos rues, le samedi 21 juin 2025 !<\/p>\n<p>            <img loading=\"lazy\" decoding=\"async\" src=\"\/var\/www\/storage\/images\/mediatheque\/mairie-de-lille\/images-openagenda\/inauguration-des-rues-pierre-mauroy-et-du-molinel\/3784858-1-fre-FR\/Inauguration-des-rues-Pierre-Mauroy-et-du-Molinel_news_image_top.jpg\" width=\"779\" height=\"517\" alt=\"Inauguration des rues Pierre Mauroy et du Molinel\"\/><\/p>\n<p>Les m\u00e9tamorphoses des rues Pierre Mauroy et du Molinel s\u2019inscrivent pleinement dans l\u2019ambition de la Ville de Lille de construire une ville bas carbone, plus durable, plus apais\u00e9e. Ces projets traduisent l\u2019engagement en faveur des mobilit\u00e9s douces et du renforcement de la place du v\u00e9g\u00e9tal en c\u0153ur de ville.<\/p>\n<p>Inauguration le samedi 21 juin 2025<\/p>\n<p>Dans ce cadre, rendez-vous samedi 21 juin 2025, de 14h \u00e0 18h pour l\u2019inauguration de vos rues !<\/p>\n<p>Animations musicales, jeux pour enfant, go\u00fbter&#8230; un beau moment convivial \u00e0 ne pas rater, <strong>avec un temps fort pr\u00e9vu \u00e0 15h.\u00a0<\/strong><\/p>\n<p>Des ateliers \u00e0 destination des enfants seront \u00e9galement propos\u00e9s :\u00a0<\/p>\n<ul class=\"listPuce\">\n<li>Un atelier maquillage organis\u00e9 par 3 animatrices<\/li>\n<li>Un atelier \u00ab\u00a0jeux anciens\u00a0\u00bb (9 jeux) organis\u00e9 par 1 animateur\u00a0<\/li>\n<li>Un atelier confection de badges.<\/li>\n<\/ul>\n<p>Zoom sur la rue Pierre Mauroy<\/p>\n<p>\nLa Ville de Lille a souhait\u00e9 transformer la rue Pierre Mauroy, une art\u00e8re importante de la ville. Les travaux ont pris fin en mai 2025.<br \/>Le projet en quelques chiffres :<\/p>\n<ul class=\"listPuce\">\n<li>41 820m\u00b2 d\u2019espace public r\u00e9nov\u00e9 entre le centre-ville et le parc Jean-Baptiste Lebas<\/li>\n<li>15M d\u2019euros de budget pris en charge par la ville pour 3,4 M d\u2019euros (plantations, \u00e9clairage, mobilier) et la M\u00e9tropole europ\u00e9enne de Lille (voirie, r\u00e9seaux)<\/li>\n<li>Une consultation des citoyens organis\u00e9e en 2017<\/li>\n<li>3 grandes s\u00e9quences de travaux de 2019 \u00e0 2025<\/li>\n<\/ul>\n<p>&gt; Les d\u00e9tails :\u00a0<a href=\"https:\/\/www.lille.fr\/Actualites\/Rue-Pierre-Mauroy-fin-des-travaux\" target=\"_self\" class=\"lien_interne\" rel=\"nofollow noopener\">https:\/\/www.lille.fr\/Actualites\/Rue-Pierre-Mauroy-fin-des-travaux<\/a><\/p>\n<p>Zoom sur la rue du Molinel<\/p>\n<p>\nLes travaux de m\u00e9tamorphose de la rue du Molinel ont pris fin en mai 2025. Les am\u00e9nagements r\u00e9alis\u00e9s permettent de rendre la rue attractive pour en faire un lieu agr\u00e9able, o\u00f9 circuler, se d\u00e9tendre ou encore se divertir.<br \/>Ce chantier repr\u00e9sente plus de 5,5 millions d\u2019euros dont 1,2 million mobilis\u00e9s par la Ville.<\/p>\n<p>&gt; Les d\u00e9tails :\u00a0<a href=\"https:\/\/www.lille.fr\/Actualites\/Rue-du-Molinel-fin-des-travaux\" target=\"_self\" class=\"lien_interne\" rel=\"nofollow noopener\">https:\/\/www.lille.fr\/Actualites\/Rue-du-Molinel-fin-des-travaux<\/a><\/p>\n","protected":false},"excerpt":{"rendered":"Profitez d&rsquo;un moment convivial pour f\u00eater l&rsquo;inauguration de vos rues, le samedi 21 juin 2025 ! Les m\u00e9tamorphoses&hellip;\n","protected":false},"author":2,"featured_media":185109,"comment_status":"","ping_status":"","sticky":false,"template":"","format":"standard","meta":{"footnotes":""},"categories":[2815],"tags":[1111,11,4763,1777,674,1011,27,811,1307,5415,12,25],"class_list":{"0":"post-185108","1":"post","2":"type-post","3":"status-publish","4":"format-standard","5":"has-post-thumbnail","7":"category-lille","8":"tag-actu","9":"tag-actualites","10":"tag-agenda","11":"tag-eu","12":"tag-europe","13":"tag-fr","14":"tag-france","15":"tag-hauts-de-france","16":"tag-lille","17":"tag-mairie","18":"tag-news","19":"tag-republique-francaise"},"share_on_mastodon":{"url":"https:\/\/pubeurope.com\/@fr\/114702763048962414","error":""},"_links":{"self":[{"href":"https:\/\/www.europesays.com\/fr\/wp-json\/wp\/v2\/posts\/185108","targetHints":{"allow":["GET"]}}],"collection":[{"href":"https:\/\/www.europesays.com\/fr\/wp-json\/wp\/v2\/posts"}],"about":[{"href":"https:\/\/www.europesays.com\/fr\/wp-json\/wp\/v2\/types\/post"}],"author":[{"embeddable":true,"href":"https:\/\/www.europesays.com\/fr\/wp-json\/wp\/v2\/users\/2"}],"replies":[{"embeddable":true,"href":"https:\/\/www.europesays.com\/fr\/wp-json\/wp\/v2\/comments?post=185108"}],"version-history":[{"count":0,"href":"https:\/\/www.europesays.com\/fr\/wp-json\/wp\/v2\/posts\/185108\/revisions"}],"wp:featuredmedia":[{"embeddable":true,"href":"https:\/\/www.europesays.com\/fr\/wp-json\/wp\/v2\/media\/185109"}],"wp:attachment":[{"href":"https:\/\/www.europesays.com\/fr\/wp-json\/wp\/v2\/media?parent=185108"}],"wp:term":[{"taxonomy":"category","embeddable":true,"href":"https:\/\/www.europesays.com\/fr\/wp-json\/wp\/v2\/categories?post=185108"},{"taxonomy":"post_tag","embeddable":true,"href":"https:\/\/www.europesays.com\/fr\/wp-json\/wp\/v2\/tags?post=185108"}],"curies":[{"name":"wp","href":"https:\/\/api.w.org\/{rel}","templated":true}]}}