{"id":185110,"date":"2025-06-18T05:40:10","date_gmt":"2025-06-18T05:40:10","guid":{"rendered":"https:\/\/www.europesays.com\/fr\/185110\/"},"modified":"2025-06-18T05:40:10","modified_gmt":"2025-06-18T05:40:10","slug":"a-marseille-une-femme-setait-reveillee-avec-un-voleur-au-pied-de-son-lit","status":"publish","type":"post","link":"https:\/\/www.europesays.com\/fr\/185110\/","title":{"rendered":"\u00c0 Marseille, une femme s&rsquo;\u00e9tait r\u00e9veill\u00e9e avec un voleur au pied de son lit"},"content":{"rendered":"<p>Dire que Marie-Rose* ne s&rsquo;est pas d\u00e9mont\u00e9e est un doux euph\u00e9misme. Lorsqu&rsquo;elle s&rsquo;est r\u00e9veill\u00e9e \u00e0 6 h 30 du matin, le 12 juin dernier dans son appartement du 14e arrondissement de <a href=\"https:\/\/www.laprovence.com\/bouches-du-rhone\/marseille-13055\" target=\"_blank\" rel=\"noopener\">Marseille<\/a> avec un inconnu au pied de son lit, elle l&rsquo;a attrap\u00e9 par le col et lui a intim\u00e9\u00a0: \u00ab\u00a0Casse-toi\u00a0!\u00a0\u00bb Son mari, travailleur matinal, \u00e9tait parti peu de temps avant. Sans demander son reste, l&rsquo;homme a fil\u00e9 en sautant par le balcon, emportant avec lui le sac \u00e0 main de sa victime.<\/p>\n<p>D\u00e9crit pr\u00e9cis\u00e9ment par Marie-Rose et capt\u00e9 par sa cam\u00e9ra de vid\u00e9osurveillance, <a href=\"https:\/\/www.laprovence.com\/article\/faits-divers-justice\/674783301304514\/a-marseille-le-voleur-de-cartes-bancaires-ne-travaillait-que-le-dimanche\" target=\"_blank\" rel=\"noopener\">le voleur<\/a> a \u00e9t\u00e9 reconnu quelques heures plus tard et interpell\u00e9 en fin de journ\u00e9e par la police. Du moins, c&rsquo;est ce qu&rsquo;estimaient les enqu\u00eateurs. Car face aux juges, ce lundi 16 juin, Safeddine C. a ni\u00e9 en bloc les faits, assurant avoir \u00e9t\u00e9 arr\u00eat\u00e9, alors qu&rsquo;il faisait juste \u00ab\u00a0un jogging\u00a0\u00bb en direction de La Maurelette pour aller y travailler, avec plus de 1 000 euros en liquide et plusieurs bijoux personnalis\u00e9s (gourmette grav\u00e9e \u00ab\u00a0Christophe\u00a0\u00bb, m\u00e9daillon d\u00e9di\u00e9 \u00e0 \u00ab\u00a0Papi ch\u00e9ri\u00a0\u00bb\u2026) dans les poches.\u00a0<\/p>\n<p>D\u00e9j\u00e0 interdit de territoire\u00a0<\/p>\n<p>Une explication rocambolesque qui n&rsquo;a convaincu aucun des magistrats, d&rsquo;autant que le pr\u00e9venu portait encore ce short que sa victime avait si pr\u00e9cis\u00e9ment d\u00e9crit en appelant la police. D\u00e9j\u00e0 condamn\u00e9 \u00e0 deux reprises pour vol, l&rsquo;Alg\u00e9rien, en situation irr\u00e9guli\u00e8re, \u00e9tait frapp\u00e9 d&rsquo;une interdiction du territoire qu&rsquo;il n&rsquo;avait pas respect\u00e9e\u2026 pour se faire prochainement op\u00e9rer et \u00f4ter des broches chirurgicales \u00e0 la jambe, a-t-il assur\u00e9. \u00ab\u00a0\u00c7a ne vous emp\u00eachait pas de faire du footing, visiblement\u00a0\u00bb, lui a r\u00e9torqu\u00e9, acide, la pr\u00e9sidente Anne Tertian.<\/p>\n<p>Le procureur Nicolas Ruby a requis sa condamnation \u00e0 18 mois de prison ferme, les juges l&rsquo;ont suivi. Et ce, malgr\u00e9 la plaidoirie de l&rsquo;avocate du pr\u00e9venu, Me Anne-Marine Magnin, qui avait tent\u00e9 d&rsquo;instiller le doute, rappelant que la tenue vestimentaire de son client \u00e9tait relativement courante, et que Marie-Rose n&rsquo;avait pas su le reconna\u00eetre sur planche photographique. Sans succ\u00e8s.<\/p>\n<p>* Le pr\u00e9nom a \u00e9t\u00e9 modifi\u00e9.<\/p>\n","protected":false},"excerpt":{"rendered":"Dire que Marie-Rose* ne s&rsquo;est pas d\u00e9mont\u00e9e est un doux euph\u00e9misme. Lorsqu&rsquo;elle s&rsquo;est r\u00e9veill\u00e9e \u00e0 6 h 30&hellip;\n","protected":false},"author":2,"featured_media":185111,"comment_status":"","ping_status":"","sticky":false,"template":"","format":"standard","meta":{"footnotes":""},"categories":[2814],"tags":[17,1111,11,3396,1777,674,274,1294,1011,27,884,12,882,25,32322,32321,96,10912],"class_list":{"0":"post-185110","1":"post","2":"type-post","3":"status-publish","4":"format-standard","5":"has-post-thumbnail","7":"category-marseille","8":"tag-17","9":"tag-actu","10":"tag-actualites","11":"tag-avec","12":"tag-eu","13":"tag-europe","14":"tag-faits-divers-justice","15":"tag-femme","16":"tag-fr","17":"tag-france","18":"tag-marseille","19":"tag-news","20":"tag-provence-alpes-cote-dazur","21":"tag-republique-francaise","22":"tag-reveillee","23":"tag-setait","24":"tag-une","25":"tag-voleur"},"share_on_mastodon":{"url":"https:\/\/pubeurope.com\/@fr\/114702766897185639","error":""},"_links":{"self":[{"href":"https:\/\/www.europesays.com\/fr\/wp-json\/wp\/v2\/posts\/185110","targetHints":{"allow":["GET"]}}],"collection":[{"href":"https:\/\/www.europesays.com\/fr\/wp-json\/wp\/v2\/posts"}],"about":[{"href":"https:\/\/www.europesays.com\/fr\/wp-json\/wp\/v2\/types\/post"}],"author":[{"embeddable":true,"href":"https:\/\/www.europesays.com\/fr\/wp-json\/wp\/v2\/users\/2"}],"replies":[{"embeddable":true,"href":"https:\/\/www.europesays.com\/fr\/wp-json\/wp\/v2\/comments?post=185110"}],"version-history":[{"count":0,"href":"https:\/\/www.europesays.com\/fr\/wp-json\/wp\/v2\/posts\/185110\/revisions"}],"wp:featuredmedia":[{"embeddable":true,"href":"https:\/\/www.europesays.com\/fr\/wp-json\/wp\/v2\/media\/185111"}],"wp:attachment":[{"href":"https:\/\/www.europesays.com\/fr\/wp-json\/wp\/v2\/media?parent=185110"}],"wp:term":[{"taxonomy":"category","embeddable":true,"href":"https:\/\/www.europesays.com\/fr\/wp-json\/wp\/v2\/categories?post=185110"},{"taxonomy":"post_tag","embeddable":true,"href":"https:\/\/www.europesays.com\/fr\/wp-json\/wp\/v2\/tags?post=185110"}],"curies":[{"name":"wp","href":"https:\/\/api.w.org\/{rel}","templated":true}]}}