{"id":185112,"date":"2025-06-18T05:41:11","date_gmt":"2025-06-18T05:41:11","guid":{"rendered":"https:\/\/www.europesays.com\/fr\/185112\/"},"modified":"2025-06-18T05:41:11","modified_gmt":"2025-06-18T05:41:11","slug":"marseille-place-castellane-la-magnifique","status":"publish","type":"post","link":"https:\/\/www.europesays.com\/fr\/185112\/","title":{"rendered":"Marseille\u00a0: place Castellane, la magnifique\u00a0!"},"content":{"rendered":"<p>Apr\u00e8s deux ans d&rsquo;attente, les Marseillais comme les touristes peuvent enfin profiter pleinement de ce nouvel espace urbain, ouvert, pi\u00e9ton et lumineux.<\/p>\n<p style=\"text-align: justify;\">\u00c0 Marseille, dans le 6\u1d49 arrondissement, la nouvelle place Castellane vient d&rsquo;\u00eatre inaugur\u00e9e. L\u00e0 o\u00f9, dans le pass\u00e9, voitures et bus tournaient en rond-point autour de l&rsquo;ob\u00e9lisque et de sa monumentale fontaine Cantini, les pi\u00e9tons ont \u00e0 pr\u00e9sent toute la place pour fl\u00e2ner ou s&rsquo;asseoir sur l&rsquo;immense banc de plus de 100 m\u00e8tres de long, dessin\u00e9 par l&rsquo;architecte Ora-\u00efto. Un nouvel arr\u00eat de tramway T3 dessert le quartier \u00e0 deux pas de la place, o\u00f9 36 micocouliers ont \u00e9t\u00e9 plant\u00e9s, mais ne donnent, pour l&rsquo;instant, que tr\u00e8s peu d&rsquo;ombre, car encore un peu jeunes. Comment les commer\u00e7ants du quartier, ainsi que les passants, jugent-ils cette nouvelle place Castellane ?<\/p>\n<p style=\"text-align: justify;\">D\u00e9couvrez leurs r\u00e9actions dans cette vid\u00e9o.<\/p>\n<p style=\"text-align: justify;\">\u00a0<\/p>\n<p style=\"text-align: justify;\">\n<p style=\"text-align: justify;\">(Interviews, images et montage : R\u00e9my Reponty pour Maritima M\u00e9dias.)<\/p>\n<p style=\"text-align: justify;\">\u00a0<\/p>\n<p style=\"text-align: justify;\">La ville de Marseille pr\u00e9voit d&rsquo;organiser des animations sur sa nouvelle place Castellane, avec notamment un march\u00e9.<\/p>\n","protected":false},"excerpt":{"rendered":"Apr\u00e8s deux ans d&rsquo;attente, les Marseillais comme les touristes peuvent enfin profiter pleinement de ce nouvel espace urbain,&hellip;\n","protected":false},"author":2,"featured_media":185113,"comment_status":"","ping_status":"","sticky":false,"template":"","format":"standard","meta":{"footnotes":""},"categories":[2814],"tags":[1111,11,1777,674,1011,27,884,12,32323,882,25,1352],"class_list":{"0":"post-185112","1":"post","2":"type-post","3":"status-publish","4":"format-standard","5":"has-post-thumbnail","7":"category-marseille","8":"tag-actu","9":"tag-actualites","10":"tag-eu","11":"tag-europe","12":"tag-fr","13":"tag-france","14":"tag-marseille","15":"tag-news","16":"tag-place-castellane","17":"tag-provence-alpes-cote-dazur","18":"tag-republique-francaise","19":"tag-urbanisme"},"share_on_mastodon":{"url":"https:\/\/pubeurope.com\/@fr\/114702771317960760","error":""},"_links":{"self":[{"href":"https:\/\/www.europesays.com\/fr\/wp-json\/wp\/v2\/posts\/185112","targetHints":{"allow":["GET"]}}],"collection":[{"href":"https:\/\/www.europesays.com\/fr\/wp-json\/wp\/v2\/posts"}],"about":[{"href":"https:\/\/www.europesays.com\/fr\/wp-json\/wp\/v2\/types\/post"}],"author":[{"embeddable":true,"href":"https:\/\/www.europesays.com\/fr\/wp-json\/wp\/v2\/users\/2"}],"replies":[{"embeddable":true,"href":"https:\/\/www.europesays.com\/fr\/wp-json\/wp\/v2\/comments?post=185112"}],"version-history":[{"count":0,"href":"https:\/\/www.europesays.com\/fr\/wp-json\/wp\/v2\/posts\/185112\/revisions"}],"wp:featuredmedia":[{"embeddable":true,"href":"https:\/\/www.europesays.com\/fr\/wp-json\/wp\/v2\/media\/185113"}],"wp:attachment":[{"href":"https:\/\/www.europesays.com\/fr\/wp-json\/wp\/v2\/media?parent=185112"}],"wp:term":[{"taxonomy":"category","embeddable":true,"href":"https:\/\/www.europesays.com\/fr\/wp-json\/wp\/v2\/categories?post=185112"},{"taxonomy":"post_tag","embeddable":true,"href":"https:\/\/www.europesays.com\/fr\/wp-json\/wp\/v2\/tags?post=185112"}],"curies":[{"name":"wp","href":"https:\/\/api.w.org\/{rel}","templated":true}]}}