{"id":185125,"date":"2025-06-18T05:49:09","date_gmt":"2025-06-18T05:49:09","guid":{"rendered":"https:\/\/www.europesays.com\/fr\/185125\/"},"modified":"2025-06-18T05:49:09","modified_gmt":"2025-06-18T05:49:09","slug":"linquietude-gagne-les-salaries-du-palais-de-la-decouverte","status":"publish","type":"post","link":"https:\/\/www.europesays.com\/fr\/185125\/","title":{"rendered":"l&rsquo;inqui\u00e9tude gagne les salari\u00e9s du Palais de la D\u00e9couverte"},"content":{"rendered":"<p>            Par<br \/>\n        <strong><br \/>\n            <a href=\"https:\/\/actu.fr\/auteur\/joel-nandjui\" title=\"Consulter tous les articles de Joel Nandjui\" rel=\"nofollow noopener\" target=\"_blank\">Joel Nandjui<\/a><br \/>\n        <\/strong><\/p>\n<p>        Publi\u00e9 le<\/p>\n<p>            18 juin 2025 \u00e0 7h38        <\/p>\n<p>Devant le Palais de la D\u00e9couverte (8e), les travailleurs en chasuble fluo ont remplac\u00e9 le flot de visiteurs qui arpentait les all\u00e9es de ce lieu d\u00e9di\u00e9 aux sciences. Depuis cinq ans et le d\u00e9but du chantier de r\u00e9novation, le mus\u00e9e install\u00e9 dans une aile du <a href=\"https:\/\/actu.fr\/ile-de-france\/paris_75056\/culture-fermeture-de-pompidou-reouverture-du-grand-palais-ce-qui-vous-attend-a-paris-en-2025_62090778.html\" rel=\"nofollow noopener\" target=\"_blank\">Grand Palais (8e)<\/a> \u00e0 Paris n\u2019a plus accueilli de visiteurs. Le 11\u00a0juin devait marquer la date de leur retour. Au lieu de \u00e7a, l<a href=\"https:\/\/actu.fr\/ile-de-france\/paris_75056\/paris-le-palais-de-la-decouverte-annonce-sa-reouverture-le-ministere-de-la-culture-dement_62435830.html\" rel=\"nofollow noopener\" target=\"_blank\">\u2019annulation de la r\u00e9ouverture<\/a> et <strong>le limogeage de Bruno Maquart,<\/strong> pr\u00e9sident d\u2019Universcience, l\u2019\u00e9tablissement qui g\u00e8re le Palais de la D\u00e9couverte, ont plong\u00e9 les salari\u00e9s de l\u2019\u00e9tablissement dans l\u2019incertitude. \u201cOn craint que le Palais de la D\u00e9couverte ne rouvre jamais au Grand Palais\u201d, confesse l\u2019une d\u2019entre eux.<\/p>\n<p>Une mobilisation des salari\u00e9s<\/p>\n<p class=\" wall-content\">Pour marquer leur inqui\u00e9tude et faire entendre leur voix, ils ont d\u00e9cid\u00e9 de lancer une <a href=\"https:\/\/actu.fr\/ile-de-france\/paris_75056\/petition-critiques-menaces-dans-le-13e-arrondissement-le-nouveau-plan-de-circulation-agace-les-habitants_62405855.html\" rel=\"nofollow noopener\" target=\"_blank\">p\u00e9tition<\/a>\u2009: \u201c<a href=\"https:\/\/www.change.org\/p\/sauvons-le-palais-de-la-d%C3%A9couverte\" rel=\"nofollow noopener\" target=\"_blank\">Sauvons le Palais de la D\u00e9couverte\u201d<\/a>. Cette initiative, port\u00e9e par 200 salari\u00e9s sur les 1\u2009000 que compte l\u2019institution, totalisait mardi 17 juin 2025 au soir plus de 54\u2009000 signatures\u00a0sur la plateforme <a href=\"https:\/\/www.change.org\/?redirect=false\" rel=\"nofollow noopener\" target=\"_blank\">Change.org<\/a>. Le philosophe des sciences \u00c9tienne Klein, l\u2019astrophysicienne Fran\u00e7oise Combes, ou encore le physicien et vulgarisateur Julien Bobroff, ainsi que d\u2019autres personnalit\u00e9s du monde scientifique, ont apport\u00e9 leur soutien \u00e0 cette action.<\/p>\n<p class=\" wall-content\">L\u2019objectif, pour les initiateurs de ce projet, est de faire pression sur les deux minist\u00e8res de tutelle (le minist\u00e8re de l\u2019Enseignement sup\u00e9rieur et de la Recherche, et le minist\u00e8re de la Culture) pour que\u2009: \u00ab\u2009le projet initial de la r\u00e9ouverture du Palais de la D\u00e9couverte dans le <a href=\"https:\/\/actu.fr\/societe\/chantier-du-grand-palais-a-paris-les-ambitions-du-projet-pharaonique-revues-a-la-baisse_36405359.html\" rel=\"nofollow noopener\" target=\"_blank\">Grand Palais<\/a> soit confirm\u00e9\u2009\u00bb, confie une porte-parole du mouvement.<\/p>\n<p class=\" wall-content\">\n<p class=\" wall-content\">Les craintes des salari\u00e9s ont trouv\u00e9 un \u00e9cho aupr\u00e8s de la communaut\u00e9 scientifique internationale, qui a publi\u00e9 une <a href=\"https:\/\/www.lemonde.fr\/sciences\/article\/2025\/06\/13\/la-fermeture-du-palais-de-la-decouverte-ou-sa-reduction-serait-une-perte-pour-l-ensemble-de-la-communaute-internationale_6612692_1650684.html\" rel=\"nofollow noopener\" target=\"_blank\">tribune<\/a> dans le journal Le Monde \u00ab\u2009appelant la France \u00e0 garantir l\u2019avenir du Palais de la d\u00e9couverte\u2009\u00bb. Elle a rassembl\u00e9 une cinquantaine de repr\u00e9sentants d\u2019institutions scientifiques internationales qui militent pour un acc\u00e8s \u00e0 la culture scientifique.<\/p>\n<p>Le minist\u00e8re de la Culture entretient le flou<\/p>\n<p class=\" wall-content\">Le d\u00e9part de Bruno Maquart, d\u00e9cid\u00e9 lors d\u2019un Conseil des ministres le 12\u00a0juin 2025, n\u2019est que l\u2019\u00e9l\u00e9ment d\u00e9clencheur d\u2019une crise qui couvait depuis longtemps, avec plusieurs \u00e9v\u00e9nements qui laissaient planer le doute sur l\u2019avenir de l\u2019institution <strong>fond\u00e9e en 1937.<\/strong><\/p>\n<p class=\" wall-content\">D\u00e9j\u00e0 en mars\u00a02025, le <a href=\"https:\/\/actu.fr\/ile-de-france\/paris_75056\/rachida-dati-au-ministere-de-la-culture-a-quoi-s-attendre-pour-les-municipales-de-2026-a-paris_60555460.html\" rel=\"nofollow noopener\" target=\"_blank\">minist\u00e8re de la Culture<\/a> d\u00e9savouait l\u2019ex-dirigeant en publiant un d\u00e9menti au sujet de la date d\u2019ouverture qu\u2019il avait annonc\u00e9e. \u00ab\u2009\u00c0 ce stade, le minist\u00e8re de la Culture ne peut confirmer ni prendre \u00e0 son compte aucune des annonces faites par le pr\u00e9sident d\u2019Universcience, qui s\u2019est exprim\u00e9 sans l\u2019aval de ses tutelles\u2009\u00bb, pouvait-on lire dans le communiqu\u00e9 publi\u00e9 par la rue de Valois (1er). Dans une interview au<a href=\"https:\/\/www.lefigaro.fr\/culture\/rachida-dati-au-figaro-la-france-peut-devenir-le-premier-pays-producteur-de-musique-20250611\" rel=\"nofollow noopener\" target=\"_blank\"> Figaro<\/a>, <a href=\"https:\/\/actu.fr\/ile-de-france\/paris_75056\/rachida-dati-ou-pas-renaissance-garde-le-suspens-jusqu-a-la-fin-de-l-ete-pour-les-municipales-2026-a-paris_62756290.html\" rel=\"nofollow noopener\" target=\"_blank\">Rachida Dati<\/a> semait encore plus le trouble en affirmant\u2009: \u00ab\u2009La question de la culture scientifique en France n\u2019est pas une question de site, mais<strong> une question de vision et de projet.<\/strong>\u2009\u00bb<\/p>\n<p class=\" wall-content\">Outre les propos de la ministre, les prises de parole de Didier Fusillier, le pr\u00e9sident du mus\u00e9e parisien, qui milite pour que le Palais de la D\u00e9couverte soit d\u00e9plac\u00e9 \u00e0<strong> la Cit\u00e9 des sciences et de l\u2019industrie (19e)<\/strong>, et la r\u00e9duction en 2024 de la surface qui lui est attribu\u00e9e au sein du Grand Palais ont contribu\u00e9 \u00e0 faire grandir le sentiment d\u2019inqui\u00e9tude chez les employ\u00e9s d\u2019Universcience.<\/p>\n<p>Une date d\u2019ouverture toujours inconnue<\/p>\n<p class=\" wall-content\">Les minist\u00e8res de tutelle ne se sont pas encore exprim\u00e9s sur les attentes des salari\u00e9s. Ces derniers pr\u00e9voient de <strong>continuer leur mobilisation.<\/strong> \u00ab\u2009Nous pr\u00e9voyons de mener d\u2019autres actions\u2009\u00bb, soutient une des porte-parole du mouvement.<\/p>\n<p class=\" wall-content\">Jeudi 19\u00a0juin 2025, les travailleurs se feront plus discrets\u2009: une premi\u00e8re exposition, \u00ab\u2009Transparence\u2009\u00bb, sera inaugur\u00e9e et marquera l\u2019ouverture du Palais des enfants, am\u00e9nag\u00e9 sous la rotonde du Palais de la d\u00e9couverte. En attendant, le Palais, lui, n\u2019a toujours pas de date de r\u00e9ouverture, et son pr\u00e9sident n\u2019a toujours pas \u00e9t\u00e9 remplac\u00e9.<\/p>\n<p class=\" wall-content\">Suivez toute l\u2019actualit\u00e9 de vos villes et m\u00e9dias favoris en vous inscrivant \u00e0 <a href=\"https:\/\/moncompte.actu.fr\" title=\"D\u00e9couvez Mon Actu\" rel=\"nofollow noopener\" data-trk=\"{&quot;cta&quot;:{&quot;action&quot;:&quot;https:\\\/\\\/moncompte.actu.fr&quot;,&quot;category&quot;:&quot;mon compte&quot;,&quot;from&quot;:&quot;article footer&quot;,&quot;name&quot;:&quot;Mon actu&quot;,&quot;type&quot;:&quot;cta&quot;}}\" target=\"_blank\">Mon Actu<\/a>.<\/p>\n","protected":false},"excerpt":{"rendered":"Par Joel Nandjui Publi\u00e9 le 18 juin 2025 \u00e0 7h38 Devant le Palais de la D\u00e9couverte (8e), les&hellip;\n","protected":false},"author":2,"featured_media":185126,"comment_status":"","ping_status":"","sticky":false,"template":"","format":"standard","meta":{"footnotes":""},"categories":[1888],"tags":[11,1777,674,1011,27,1398,12,626,25,104],"class_list":{"0":"post-185125","1":"post","2":"type-post","3":"status-publish","4":"format-standard","5":"has-post-thumbnail","7":"category-paris","8":"tag-actualites","9":"tag-eu","10":"tag-europe","11":"tag-fr","12":"tag-france","13":"tag-grand-palais","14":"tag-news","15":"tag-paris","16":"tag-republique-francaise","17":"tag-societe"},"share_on_mastodon":{"url":"https:\/\/pubeurope.com\/@fr\/114702802327344876","error":""},"_links":{"self":[{"href":"https:\/\/www.europesays.com\/fr\/wp-json\/wp\/v2\/posts\/185125","targetHints":{"allow":["GET"]}}],"collection":[{"href":"https:\/\/www.europesays.com\/fr\/wp-json\/wp\/v2\/posts"}],"about":[{"href":"https:\/\/www.europesays.com\/fr\/wp-json\/wp\/v2\/types\/post"}],"author":[{"embeddable":true,"href":"https:\/\/www.europesays.com\/fr\/wp-json\/wp\/v2\/users\/2"}],"replies":[{"embeddable":true,"href":"https:\/\/www.europesays.com\/fr\/wp-json\/wp\/v2\/comments?post=185125"}],"version-history":[{"count":0,"href":"https:\/\/www.europesays.com\/fr\/wp-json\/wp\/v2\/posts\/185125\/revisions"}],"wp:featuredmedia":[{"embeddable":true,"href":"https:\/\/www.europesays.com\/fr\/wp-json\/wp\/v2\/media\/185126"}],"wp:attachment":[{"href":"https:\/\/www.europesays.com\/fr\/wp-json\/wp\/v2\/media?parent=185125"}],"wp:term":[{"taxonomy":"category","embeddable":true,"href":"https:\/\/www.europesays.com\/fr\/wp-json\/wp\/v2\/categories?post=185125"},{"taxonomy":"post_tag","embeddable":true,"href":"https:\/\/www.europesays.com\/fr\/wp-json\/wp\/v2\/tags?post=185125"}],"curies":[{"name":"wp","href":"https:\/\/api.w.org\/{rel}","templated":true}]}}