{"id":185131,"date":"2025-06-18T05:52:11","date_gmt":"2025-06-18T05:52:11","guid":{"rendered":"https:\/\/www.europesays.com\/fr\/185131\/"},"modified":"2025-06-18T05:52:11","modified_gmt":"2025-06-18T05:52:11","slug":"aux-etats-unis-trump-joue-encore-avec-lavenir-de-tiktok","status":"publish","type":"post","link":"https:\/\/www.europesays.com\/fr\/185131\/","title":{"rendered":"Aux \u00c9tats-Unis, Trump joue encore avec l\u2019avenir de TikTok"},"content":{"rendered":"<p>Toujours pas parvenu \u00e0 atteindre un accord qui permettrait \u00e0 TikTok de passer sous pavillon am\u00e9ricain, Donald Trump vient de redonner 3 mois de d\u00e9lai \u00e0 l\u2019application avant un \u00e9ventuel bannissement du territoire.<\/p>\n<p><img decoding=\"async\" class=\"wp-image wp-image\" src=\"https:\/\/www.europesays.com\/fr\/wp-content\/uploads\/2025\/06\/tiktok-smartphone-1200x900.jpg\" alt=\"\"\/>Cr\u00e9dit : Frandroid<\/p>\n<p>Jamais deux sans trois. Sans grande surprise, l\u2019Administration Trump vient de redonner un peu d\u2019air \u00e0 <a href=\"https:\/\/www.frandroid.com\/telecharger\/apps\/tik-tok\" rel=\"nofollow noopener\" target=\"_blank\">TikTok<\/a> en repoussant une nouvelle fois de 90 jours son \u00e9ventuelle \u00e9jection du territoire. Cela marque <a href=\"https:\/\/www.frandroid.com\/culture-tech\/politique\/2572859_lavenir-de-tiktok-toujours-incertain-au-pays-de-donald-trump\" rel=\"nofollow noopener\" target=\"_blank\">la troisi\u00e8me fois que le pr\u00e9sident am\u00e9ricain emploie cette tactique<\/a> face \u00e0 l\u2019absence d\u2019un accord pleinement satisfaisant entre les deux parties.<\/p>\n<p><a href=\"https:\/\/edition.cnn.com\/2025\/06\/17\/tech\/tiktok-trump-ban-delay\" target=\"_blank\" rel=\"noreferrer noopener nofollow\">Comme le raconte CNN Business<\/a>, ce nouveau report s\u2019inscrit dans une situation g\u00e9opolitique tendue avec une guerre \u00e9conomique fluctuante entre la Chine et les \u00c9tats-Unis.<\/p>\n<p>Apple et Google en porte-\u00e0-faux<\/p>\n<p>En effet, alors qu\u2019en avril dernier, Oracle et ByteDance (la maison-m\u00e8re de TikTok) <a href=\"https:\/\/www.frandroid.com\/marques\/microsoft\/2484462_oracle-et-microsoft-pourraient-racheter-tiktok-avec-la-benediction-de-donald-trump\" rel=\"nofollow noopener\" target=\"_blank\">semblaient sur le point de signer un accord<\/a> permettant \u00e0 l\u2019application de rester de fa\u00e7on p\u00e9renne sur le territoire \u00e9tasunien, les n\u00e9gociations ont \u00e9t\u00e9 gel\u00e9es suite \u00e0 <a href=\"https:\/\/www.frandroid.com\/culture-tech\/economie\/2576527_vers-une-flambee-des-prix-de-la-tech-la-chine-fait-monter-ses-taxes-a-84-en-reponse-aux-104-de-donald-trump\" rel=\"nofollow noopener\" target=\"_blank\">l\u2019annonce des taxes \u00e0 l\u2019importation de Donald Trump<\/a>. Depuis, les deux pays ont sign\u00e9 des accords limitant l\u2019escalade des droits de douane.<\/p>\n<p>Bravache, la responsable de la communication de la Maison-Blanche a pr\u00e9cis\u00e9 que \u00ab\u2009le pr\u00e9sident Trump ne veut pas que TikTok disparaisse. Cette reconduction durera 90 jours, que l\u2019administration mettra \u00e0 profit pour s\u2019assurer qu\u2019un accord est conclu\u2009\u00bb. Pourtant, les reports \u00e0 r\u00e9p\u00e9tition pourraient bien compliquer l\u2019avenir de TikTok dans le pays et plus largement mettre Apple et Google en porte-\u00e0-faux.<\/p>\n<p><img class=\"wp-image\" decoding=\"async\" src=\"https:\/\/www.europesays.com\/fr\/wp-content\/uploads\/2025\/06\/46502727661_3ec3a51525_o.jpg\" alt=\"\"\/>Donald Trump \/\/ Cr\u00e9dit : Official White House Photo, Shealah Craighead<\/p>\n<p>L\u2019expulsion de TikTok <a href=\"https:\/\/www.frandroid.com\/culture-tech\/juridique\/2433534_enorme-coup-dur-pour-tiktok-risque-de-bannissement-imminent-aux-etats-unis-mais-tout-nest-pas-joue\" rel=\"nofollow noopener\" target=\"_blank\">a en effet \u00e9t\u00e9 vot\u00e9 \u00e0 une marge majorit\u00e9 par le congr\u00e8s et valid\u00e9e par la Cour supr\u00eame<\/a>. Les reports successifs, bien que d\u00e9cid\u00e9s par Donald Trump, n\u2019ont pas la m\u00eame valeur l\u00e9gale et les magasins d\u2019application d\u2019iOS et Android pourraient donc \u00eatre consid\u00e9r\u00e9s comme hors la loi \u00e0 la premi\u00e8re secousse juridique.<\/p>\n<p>Un avenir tr\u00e8s flou<\/p>\n<p>De ce point de vue l\u00e0, de nombreux \u00e9lus et d\u00e9mocrates et quelques r\u00e9publicains en rupture de rang avaient d\u00e9j\u00e0 affirm\u00e9 que la strat\u00e9gie des reports ne pouvait pas \u00eatre viable sur le long terme et que le \u00ab\u2009parti communiste chinois ne pouvait pas avoir acc\u00e8s aux donn\u00e9es des utilisateurs et utilisatrices am\u00e9ricains\u2009\u00bb. Si le pouvoir l\u00e9gislatif local n\u2019a pas les moyens de tordre le bras de Donald Trump, un passage par les tribunaux pourrait faire changer les choses.<\/p>\n<p class=\"shortcode-container see-more\">\n    Pour aller plus loin<br \/><a href=\"https:\/\/www.frandroid.com\/culture-tech\/2542291_tiktok-est-il-dangereux-pour-la-sante-la-france-lance-son-enquete\" rel=\"nofollow noopener\" target=\"_blank\">TikTok est-il dangereux pour la sant\u00e9 ? La France lance son enqu\u00eate<\/a>\n            <\/p>\n<p>Comme toujours, le d\u00e9bat se concentre autour du fameux algorithme de TikTok qui devra \u00eatre inclus dans un \u00e9ventuel accord sans quoi \u00ab\u2009tout cela n\u2019aura \u00e9t\u00e9 qu\u2019une imposture\u2009\u00bb, veut croire un \u00e9lu.<\/p>\n","protected":false},"excerpt":{"rendered":"Toujours pas parvenu \u00e0 atteindre un accord qui permettrait \u00e0 TikTok de passer sous pavillon am\u00e9ricain, Donald Trump&hellip;\n","protected":false},"author":2,"featured_media":185132,"comment_status":"","ping_status":"","sticky":false,"template":"","format":"standard","meta":{"footnotes":""},"categories":[1589],"tags":[11,9006,75,73,1866,12,2439,1864,1865,1863,308],"class_list":{"0":"post-185131","1":"post","2":"type-post","3":"status-publish","4":"format-standard","5":"has-post-thumbnail","7":"category-etats-unis","8":"tag-actualites","9":"tag-censure","10":"tag-donald-trump","11":"tag-etats-unis","12":"tag-etats-unis-damerique","13":"tag-news","14":"tag-tiktok","15":"tag-united-states","16":"tag-united-states-of-america","17":"tag-us","18":"tag-usa"},"share_on_mastodon":{"url":"https:\/\/pubeurope.com\/@fr\/114702814045198216","error":""},"_links":{"self":[{"href":"https:\/\/www.europesays.com\/fr\/wp-json\/wp\/v2\/posts\/185131","targetHints":{"allow":["GET"]}}],"collection":[{"href":"https:\/\/www.europesays.com\/fr\/wp-json\/wp\/v2\/posts"}],"about":[{"href":"https:\/\/www.europesays.com\/fr\/wp-json\/wp\/v2\/types\/post"}],"author":[{"embeddable":true,"href":"https:\/\/www.europesays.com\/fr\/wp-json\/wp\/v2\/users\/2"}],"replies":[{"embeddable":true,"href":"https:\/\/www.europesays.com\/fr\/wp-json\/wp\/v2\/comments?post=185131"}],"version-history":[{"count":0,"href":"https:\/\/www.europesays.com\/fr\/wp-json\/wp\/v2\/posts\/185131\/revisions"}],"wp:featuredmedia":[{"embeddable":true,"href":"https:\/\/www.europesays.com\/fr\/wp-json\/wp\/v2\/media\/185132"}],"wp:attachment":[{"href":"https:\/\/www.europesays.com\/fr\/wp-json\/wp\/v2\/media?parent=185131"}],"wp:term":[{"taxonomy":"category","embeddable":true,"href":"https:\/\/www.europesays.com\/fr\/wp-json\/wp\/v2\/categories?post=185131"},{"taxonomy":"post_tag","embeddable":true,"href":"https:\/\/www.europesays.com\/fr\/wp-json\/wp\/v2\/tags?post=185131"}],"curies":[{"name":"wp","href":"https:\/\/api.w.org\/{rel}","templated":true}]}}