{"id":185135,"date":"2025-06-18T05:54:14","date_gmt":"2025-06-18T05:54:14","guid":{"rendered":"https:\/\/www.europesays.com\/fr\/185135\/"},"modified":"2025-06-18T05:54:14","modified_gmt":"2025-06-18T05:54:14","slug":"euro-feminin-2025-le-profil-de-lallemagne","status":"publish","type":"post","link":"https:\/\/www.europesays.com\/fr\/185135\/","title":{"rendered":"Euro f\u00e9minin 2025 : Le profil de l&rsquo;Allemagne"},"content":{"rendered":"<p>Alors que le championnat d\u2019Europe f\u00e9minin 2025 commence le 2 juillet, d\u00e9couvrez le profil des 16 s\u00e9lections participantes. Ici, l\u2019Allemagne.<\/p>\n<p><strong>Classement mondial : <\/strong>3e<\/p>\n<p><strong>Joueuse phare : <\/strong>Lea Sch\u00fcller<\/p>\n<p>Les Allemandes viennent avec une id\u00e9e claire : reconqu\u00e9rir le titre qu\u2019elles ont conserv\u00e9 sans discontinuer pendant 22 ans entre 1995 et 2017. Elles en sont pass\u00e9 tout pr\u00e8s il y a trois ans, s\u2019inclinant en prolongations de la finale contre l\u2019Angleterre. Cette ann\u00e9e, elles semblent en mesure de le faire, notamment gr\u00e2ce \u00e0 leur ligne d\u2019attaque. <\/p>\n<p>Parmi les 5 meilleures buteuses de Bundesliga, Selina Cerci, Nicole Anyomi, Laura Freigang \u00e9voluent toutes en s\u00e9lection. Juste derri\u00e8re, c\u2019est la Bavaroise L\u00e9a Sch\u00fcller qui boucle un nouvel exercice brillant (11 buts, 4 passes). \u00c0 27 ans, elle fait partie des cadres et fait r\u00e9guli\u00e8rement la diff\u00e9rence.<\/p>\n<p><strong>Joueuse \u00e0 suivre :<\/strong> Jule Brand<\/p>\n<p>C\u2019est la toute nouvelle p\u00e9pite de l\u2019OL Lyonnes. Jule Brand (22 ans) est une attaquante lat\u00e9rale qui n\u2019h\u00e9site ni \u00e0 prendre sa chance ni \u00e0 servir ses co\u00e9quipi\u00e8res. Elle a marqu\u00e9 aux JO contre l\u2019Australie et fait r\u00e9guli\u00e8rement parler ses qualit\u00e9s de vitesse. Brand peut aussi jouer dans l\u2019axe et a un excellent niveau technique.<\/p>\n<p class=\"has-background\" style=\"background-color:#eeeeee\">\u00c0 lire aussi : <a href=\"https:\/\/footeuses.com\/bordeaux-saint-maur-lorient-le-point-sur-les-promus-en-d3-nationale\/\" rel=\"nofollow noopener\" target=\"_blank\">Bordeaux, Saint-Maur, Lorient, le point sur les promus en D3 nationale<\/a><\/p>\n<p><strong>S\u00e9lectionneur<\/strong><\/p>\n<p>Christian W\u00fcck, ancien joueur de Bundesliga, a entra\u00een\u00e9 les \u00e9quipes jeunes masculines allemandes, remportant l\u2019EURO U17 et la Coupe du Monde U17 en 2023. Depuis 2024, il est s\u00e9lectionneur de l\u2019\u00e9quipe f\u00e9minine d\u2019Allemagne.<\/p>\n<p><strong>Parcours en qualification<\/strong><\/p>\n<p>L\u2019Allemagne s\u2019est qualifi\u00e9e en terminant premi\u00e8re du Groupe A4. Elle a notamment remport\u00e9 des matchs importants \u00e0 l\u2019ext\u00e9rieur contre l\u2019Autriche (3-2) et la Pologne (3-1), ainsi que des victoires \u00e0 domicile face \u00e0 l\u2019Islande (3-1), la Pologne (4-1) et l\u2019Autriche (4-0). En revanche, elle a connu une d\u00e9faite \u00e0 l\u2019ext\u00e9rieur contre l\u2019Islande (0-3).<\/p>\n<p><strong>Pr\u00e9c\u00e9dent \u00e0 l\u2019Euro<\/strong><\/p>\n<p>L\u2019Allemagne est la nation la plus titr\u00e9e de l\u2019histoire de l\u2019Euro f\u00e9minin avec huit victoires. Elle a longtemps domin\u00e9 la comp\u00e9tition, s\u2019imposant comme une r\u00e9f\u00e9rence du football f\u00e9minin europ\u00e9en. Lors de l\u2019\u00e9dition 2017, l\u2019\u00e9quipe allemande a connu un coup d\u2019arr\u00eat en \u00e9tant \u00e9limin\u00e9e d\u00e8s les quarts de finale, une contre-performance in\u00e9dite depuis 1987. Elle a su rebondir cinq ans plus tard, atteignant la finale de l\u2019Euro 2022, qu\u2019elle a perdue face \u00e0 l\u2019Angleterre<\/p>\n<p><strong>Programme de la phase de groupe :\u00a0<\/strong><\/p>\n<ul class=\"wp-block-list\">\n<li>Vendredi 4 juillet : Allemagne vs Pologne \u00e0 21h au Stadion St. Gallen, Saint-Gall<\/li>\n<li>Mardi 8 juillet : Allemagne vs Danemark \u00e0 18h au Parc Saint-Jacques, B\u00e2le<\/li>\n<li>Samedi 12 juillet : Allemagne vs Su\u00e8de \u00e0 21h au Stadion Letzigrund, Zurich<\/li>\n<\/ul>\n","protected":false},"excerpt":{"rendered":"Alors que le championnat d\u2019Europe f\u00e9minin 2025 commence le 2 juillet, d\u00e9couvrez le profil des 16 s\u00e9lections participantes.&hellip;\n","protected":false},"author":2,"featured_media":185136,"comment_status":"","ping_status":"","sticky":false,"template":"","format":"standard","meta":{"footnotes":""},"categories":[1587],"tags":[11,672,1804,1805,1803,1777,674,1801,12,1802],"class_list":{"0":"post-185135","1":"post","2":"type-post","3":"status-publish","4":"format-standard","5":"has-post-thumbnail","7":"category-allemagne","8":"tag-actualites","9":"tag-allemagne","10":"tag-bundesrepublik-deutschland","11":"tag-de","12":"tag-deutschland","13":"tag-eu","14":"tag-europe","15":"tag-germany","16":"tag-news","17":"tag-republique-federale-dallemagne"},"share_on_mastodon":{"url":"https:\/\/pubeurope.com\/@fr\/114702821790956455","error":""},"_links":{"self":[{"href":"https:\/\/www.europesays.com\/fr\/wp-json\/wp\/v2\/posts\/185135","targetHints":{"allow":["GET"]}}],"collection":[{"href":"https:\/\/www.europesays.com\/fr\/wp-json\/wp\/v2\/posts"}],"about":[{"href":"https:\/\/www.europesays.com\/fr\/wp-json\/wp\/v2\/types\/post"}],"author":[{"embeddable":true,"href":"https:\/\/www.europesays.com\/fr\/wp-json\/wp\/v2\/users\/2"}],"replies":[{"embeddable":true,"href":"https:\/\/www.europesays.com\/fr\/wp-json\/wp\/v2\/comments?post=185135"}],"version-history":[{"count":0,"href":"https:\/\/www.europesays.com\/fr\/wp-json\/wp\/v2\/posts\/185135\/revisions"}],"wp:featuredmedia":[{"embeddable":true,"href":"https:\/\/www.europesays.com\/fr\/wp-json\/wp\/v2\/media\/185136"}],"wp:attachment":[{"href":"https:\/\/www.europesays.com\/fr\/wp-json\/wp\/v2\/media?parent=185135"}],"wp:term":[{"taxonomy":"category","embeddable":true,"href":"https:\/\/www.europesays.com\/fr\/wp-json\/wp\/v2\/categories?post=185135"},{"taxonomy":"post_tag","embeddable":true,"href":"https:\/\/www.europesays.com\/fr\/wp-json\/wp\/v2\/tags?post=185135"}],"curies":[{"name":"wp","href":"https:\/\/api.w.org\/{rel}","templated":true}]}}