{"id":185148,"date":"2025-06-18T06:01:11","date_gmt":"2025-06-18T06:01:11","guid":{"rendered":"https:\/\/www.europesays.com\/fr\/185148\/"},"modified":"2025-06-18T06:01:11","modified_gmt":"2025-06-18T06:01:11","slug":"montceau-les-mines-montceau-news","status":"publish","type":"post","link":"https:\/\/www.europesays.com\/fr\/185148\/","title":{"rendered":"Montceau les Mines \u00ab Montceau News"},"content":{"rendered":"<p><strong>Vous avez ador\u00e9 cette semaine de festivit\u00e9s avec le Beach Rugby !<\/strong><\/p>\n<p><strong>L\u2019ASPM, le club de volley affili\u00e9 \u00e0 la f\u00e9d\u00e9ration fran\u00e7aise de volley-ball de Montceau les Mines, vous propose de prolonger ce plaisir par un tournoi de volley toute la journ\u00e9e sur le sable du stade Jean Bouveri.<\/strong><\/p>\n<p>\u00a0<\/p>\n<p>Ce dimanche 22 juin, venez participer au plus grand tournoi de beach de la r\u00e9gion en partenariat avec la mairie de Montceau les mines, la ligue de volley-ball Bourgogne Franche Comt\u00e9 et le comit\u00e9 d\u00e9partemental de Sa\u00f4ne et Loire.<\/p>\n<p>\u00a0<\/p>\n<p>Tous niveaux accept\u00e9s, possibilit\u00e9 de compl\u00e9ter les \u00e9quipes sur place.<\/p>\n<p>\u00a0<\/p>\n<p>Deux formules:<\/p>\n<p>\u2192 4\u00d74 mixte loisir (1 fille minimum)<\/p>\n<p>\u2192 3\u00d73 Open comp\u00e9tition<\/p>\n<p>\u00a0<\/p>\n<p>Ce n\u2019est pas moins de 10 terrains de beach-volley qui vous accueillerons ce dimanche. Le temps s\u2019annonce radieux et ensoleill\u00e9.<\/p>\n<p>\u00a0<\/p>\n<p>De nombreux lots pour les finalistes.<\/p>\n<p>Rendez vous ce dimanche pour de bons moments de convivialit\u00e9\u00a0\u00a0<\/p>\n<p>\u00a0<\/p>\n<p>Restauration et buvette<\/p>\n<p>Inscription sur place \u00e0 partir de 9h d\u00e9but du tournoi 10h<\/p>\n<p>Public autoris\u00e9, entr\u00e9e gratuite, entr\u00e9e stade J Bouveri boulevard du Plessis proche du parking piscine. Nous vous conseillons de vous garer sur le parking de la piscine<\/p>\n<p>\u00a0<\/p>\n<p>\u00a0<\/p>\n<p>\u00a0<\/p>\n<p><img fetchpriority=\"high\" decoding=\"async\" class=\"aligncenter size-full wp-image-838364\" src=\"https:\/\/www.europesays.com\/fr\/wp-content\/uploads\/2025\/06\/volley-1706252.gif\" alt=\"\" width=\"700\" height=\"1007\"\/><\/p>\n<p>\u00a0<\/p>\n<p>\u00a0<\/p>\n<p><img loading=\"lazy\" decoding=\"async\" class=\"aligncenter size-full wp-image-838363\" src=\"https:\/\/www.europesays.com\/fr\/wp-content\/uploads\/2025\/06\/volley-170625.gif\" alt=\"\" width=\"700\" height=\"851\"\/><\/p>\n<p>\u00a0<\/p>\n","protected":false},"excerpt":{"rendered":"Vous avez ador\u00e9 cette semaine de festivit\u00e9s avec le Beach Rugby ! L\u2019ASPM, le club de volley affili\u00e9&hellip;\n","protected":false},"author":2,"featured_media":185149,"comment_status":"","ping_status":"","sticky":false,"template":"","format":"standard","meta":{"footnotes":""},"categories":[1417],"tags":[1011,27,60,1470,1469],"class_list":{"0":"post-185148","1":"post","2":"type-post","3":"status-publish","4":"format-standard","5":"has-post-thumbnail","7":"category-volley","8":"tag-fr","9":"tag-france","10":"tag-sports","11":"tag-volley","12":"tag-volleyball"},"share_on_mastodon":{"url":"https:\/\/pubeurope.com\/@fr\/114702849597570727","error":""},"_links":{"self":[{"href":"https:\/\/www.europesays.com\/fr\/wp-json\/wp\/v2\/posts\/185148","targetHints":{"allow":["GET"]}}],"collection":[{"href":"https:\/\/www.europesays.com\/fr\/wp-json\/wp\/v2\/posts"}],"about":[{"href":"https:\/\/www.europesays.com\/fr\/wp-json\/wp\/v2\/types\/post"}],"author":[{"embeddable":true,"href":"https:\/\/www.europesays.com\/fr\/wp-json\/wp\/v2\/users\/2"}],"replies":[{"embeddable":true,"href":"https:\/\/www.europesays.com\/fr\/wp-json\/wp\/v2\/comments?post=185148"}],"version-history":[{"count":0,"href":"https:\/\/www.europesays.com\/fr\/wp-json\/wp\/v2\/posts\/185148\/revisions"}],"wp:featuredmedia":[{"embeddable":true,"href":"https:\/\/www.europesays.com\/fr\/wp-json\/wp\/v2\/media\/185149"}],"wp:attachment":[{"href":"https:\/\/www.europesays.com\/fr\/wp-json\/wp\/v2\/media?parent=185148"}],"wp:term":[{"taxonomy":"category","embeddable":true,"href":"https:\/\/www.europesays.com\/fr\/wp-json\/wp\/v2\/categories?post=185148"},{"taxonomy":"post_tag","embeddable":true,"href":"https:\/\/www.europesays.com\/fr\/wp-json\/wp\/v2\/tags?post=185148"}],"curies":[{"name":"wp","href":"https:\/\/api.w.org\/{rel}","templated":true}]}}