{"id":185162,"date":"2025-06-18T06:09:12","date_gmt":"2025-06-18T06:09:12","guid":{"rendered":"https:\/\/www.europesays.com\/fr\/185162\/"},"modified":"2025-06-18T06:09:12","modified_gmt":"2025-06-18T06:09:12","slug":"mercedes-mone-officialise-sa-nouvelle-relation","status":"publish","type":"post","link":"https:\/\/www.europesays.com\/fr\/185162\/","title":{"rendered":"Mercedes Mon\u00e9 officialise sa nouvelle relation"},"content":{"rendered":"<p>\u00a0<\/p>\n<p>Mercedes Mon\u00e9 a un nouvel homme dans sa vie.<\/p>\n<p style=\"text-align: justify;\">En 2024, la star de la All Elite Wrestling a officiellement<a href=\"https:\/\/catch-newz.com\/culture\/gossip\/42074-mercedes-mone-demande-le-divorce\" target=\"_blank\" rel=\"noopener\"> divorc\u00e9 de son ancien petit ami<\/a> apr\u00e8s leur s\u00e9paration en d\u00e9cembre 2020. R\u00e9cemment, Mercedes Mon\u00e9 et The Beast Mortos se sont affich\u00e9s ensemble sur les r\u00e9seaux sociaux.<\/p>\n<p style=\"text-align: justify;\">Contact\u00e9e par TMZ, Mercedes Mon\u00e9 a confirm\u00e9 sa relation avec le catcheur de l&rsquo;AEW et estime que c&rsquo;est la \u00ab\u00a0vraie version de la Belle et la B\u00eate\u00a0\u00bb.<\/p>\n<p>\u00a0<\/p>\n<blockquote class=\"twitter-tweet\">\n<p lang=\"en\" dir=\"ltr\">THE BEAST MORTOS &amp; MERCEDES???????????<\/p>\n<p>the caption means \u201cin your arms I find peace\u201d for non spanish speakers <a href=\"https:\/\/t.co\/oNzpGY0IPN\">pic.twitter.com\/oNzpGY0IPN<\/a><\/p>\n<p>\u2014 JAI (@rollininmone) <a href=\"https:\/\/twitter.com\/rollininmone\/status\/1934851733282279856?ref_src=twsrc%5Etfw\" target=\"_blank\" rel=\"noopener\">June 17, 2025<\/a><\/p><\/blockquote>\n<p>\u00a0<\/p>\n<p style=\"text-align: justify;\">The Beast Mortos n&rsquo;est pas seulement catcheur : <a href=\"https:\/\/catch-newz.com\/aew\/newz\/48480-beast-mortos-devient-avocat\" target=\"_blank\" rel=\"noopener\">il deviendra officiellement avocat dans quelques mois<\/a>.<\/p>\n<p style=\"text-align: justify;\">\u00a0<\/p>\n<p style=\"text-align: right;\">Cr\u00e9dit photo : Instagram &#8211;\u00a0the_beast_mortos<\/p>\n<p>                    <script async src=\"https:\/\/platform.twitter.com\/widgets.js\" charset=\"utf-8\"><\/script><\/p>\n","protected":false},"excerpt":{"rendered":"\u00a0 Mercedes Mon\u00e9 a un nouvel homme dans sa vie. En 2024, la star de la All Elite&hellip;\n","protected":false},"author":2,"featured_media":185163,"comment_status":"","ping_status":"","sticky":false,"template":"","format":"standard","meta":{"footnotes":""},"categories":[1359],"tags":[47,11524,10343,58,29133,1773,59,1011,27,12,2043,973,2055,29132],"class_list":{"0":"post-185162","1":"post","2":"type-post","3":"status-publish","4":"format-standard","5":"has-post-thumbnail","7":"category-people","8":"tag-actualite","9":"tag-aew","10":"tag-all","11":"tag-divertissement","12":"tag-dynamite","13":"tag-elite","14":"tag-entertainment","15":"tag-fr","16":"tag-france","17":"tag-news","18":"tag-nouvelle","19":"tag-people","20":"tag-ppv","21":"tag-wrestling"},"share_on_mastodon":{"url":"https:\/\/pubeurope.com\/@fr\/114702880846084076","error":""},"_links":{"self":[{"href":"https:\/\/www.europesays.com\/fr\/wp-json\/wp\/v2\/posts\/185162","targetHints":{"allow":["GET"]}}],"collection":[{"href":"https:\/\/www.europesays.com\/fr\/wp-json\/wp\/v2\/posts"}],"about":[{"href":"https:\/\/www.europesays.com\/fr\/wp-json\/wp\/v2\/types\/post"}],"author":[{"embeddable":true,"href":"https:\/\/www.europesays.com\/fr\/wp-json\/wp\/v2\/users\/2"}],"replies":[{"embeddable":true,"href":"https:\/\/www.europesays.com\/fr\/wp-json\/wp\/v2\/comments?post=185162"}],"version-history":[{"count":0,"href":"https:\/\/www.europesays.com\/fr\/wp-json\/wp\/v2\/posts\/185162\/revisions"}],"wp:featuredmedia":[{"embeddable":true,"href":"https:\/\/www.europesays.com\/fr\/wp-json\/wp\/v2\/media\/185163"}],"wp:attachment":[{"href":"https:\/\/www.europesays.com\/fr\/wp-json\/wp\/v2\/media?parent=185162"}],"wp:term":[{"taxonomy":"category","embeddable":true,"href":"https:\/\/www.europesays.com\/fr\/wp-json\/wp\/v2\/categories?post=185162"},{"taxonomy":"post_tag","embeddable":true,"href":"https:\/\/www.europesays.com\/fr\/wp-json\/wp\/v2\/tags?post=185162"}],"curies":[{"name":"wp","href":"https:\/\/api.w.org\/{rel}","templated":true}]}}