{"id":185164,"date":"2025-06-18T06:10:09","date_gmt":"2025-06-18T06:10:09","guid":{"rendered":"https:\/\/www.europesays.com\/fr\/185164\/"},"modified":"2025-06-18T06:10:09","modified_gmt":"2025-06-18T06:10:09","slug":"pour-lexpo-cezanne-le-musee-granet-daix-se-transforme-en-immense-coffre-fort","status":"publish","type":"post","link":"https:\/\/www.europesays.com\/fr\/185164\/","title":{"rendered":"pour l&rsquo;expo Cezanne, le mus\u00e9e Granet d&rsquo;Aix se transforme en immense coffre-fort"},"content":{"rendered":"<p>En \u00e9t\u00e9\u00a01961, pour une grande exposition Cezanne au<a href=\"https:\/\/www.laprovence.com\/article\/culture-loisirs\/1572123929971715\/nuit-des-musees-a-aix-un-florilege-de-mappings-et-projections-monumentales-au-pavillon-de-vendome\" target=\"_blank\" rel=\"noopener\"> Pavillon Vend\u00f4me<\/a>, les tableaux du peintre avaient \u00e9t\u00e9 d\u00e9ball\u00e9s en plein mois de juin dans le jardin, sous le tilleul. Impensable aujourd&rsquo;hui, tant les mesures de pr\u00e9caution et de protection des \u0153uvres sont \u00e0 mille lieues de ces pratiques d&rsquo;un temps pourtant pas si lointain. Pour le transport des toiles par exemple, \u00ab\u00a0les pr\u00eateurs sont de plus en plus exigeants, aujourd&rsquo;hui vous avez pratiquement trois caisses pour le transport, vous avez la caisse dans la caisse, dans la caisse, il faut que ce soit isotherme&#8230; \u00c9videmment, on devient plus professionnel\u00a0\u00bb, pose Bruno Ely, directeur du mus\u00e9e Granet.<\/p>\n<p>il faut dire que le prix des \u0153uvres est parfois faramineux. La cote de <a href=\"https:\/\/www.laprovence.com\/article\/culture-loisirs\/6735165673603314\/a-aix-une-seule-sainte-victoire-sera-proposee-au-public-pour-la-grande-exposition-cezanne-au-jas-de-bouffan\" target=\"_blank\" rel=\"noopener\">Cezanne <\/a>est au plus haut, en t\u00e9moigne en novembre\u00a02022 la vente d&rsquo;une Sainte-Victoire, issue de la collection du cofondateur d\u00e9funt de Microsoft Paul Allen, partie aux ench\u00e8res pour <a href=\"https:\/\/www.laprovence.com\/actu\/en-direct\/6962496\/etats-unis-la-montagne-sainte-victoire-de-cezanne-vendue-pour-13779-millions-de-dollars-dans-une-vente-au\" target=\"_blank\" rel=\"noopener\">137,9\u00a0millions de dollars<\/a>.<\/p>\n<p>\u00ab\u00a0Reculer la menace\u00a0\u00bb<\/p>\n<p>Accueillir de tels tr\u00e9sors impose donc des normes draconiennes au mus\u00e9e Granet, qui organise sa grande exposition <a href=\"https:\/\/www.laprovence.com\/article\/culture-loisirs\/20161412529351\/les-premieres-oeuvres-de-la-grande-exposition-cezanne-a-aix-ont-ete-accrochees-au-musee-granet\" target=\"_blank\" rel=\"noopener\">\u00ab\u00a0Cezanne au Jas de Bouffan\u00a0\u00bb<\/a> du 28\u00a0juin au 12\u00a0octobre. Au-del\u00e0 des conditions de conservation des tableaux, la question de la s\u00e9curit\u00e9 en g\u00e9n\u00e9ral et de la protection des \u0153uvres en particulier a \u00e9t\u00e9 prise \u00e0 bras-le-corps par l&rsquo;institution aixoise. Laquelle ne partait pas de z\u00e9ro, loin de l\u00e0, apr\u00e8s l&rsquo;organisation d&rsquo;expositions phares en\u00a02006, pour le centenaire de la mort de Cezanne, ou en\u00a02013, dans le cadre de Marseille-Provence capitale europ\u00e9enne de la culture.<\/p>\n<p>N\u00e9anmoins, il a fallu rehausser les standards au niveau des plus grands \u00e9tablissements culturels, et montrer patte blanche pour satisfaire les pr\u00eateurs, dont la plupart font partie des mus\u00e9es les plus c\u00e9l\u00e8bres au monde. \u00ab\u00a0Dans un premier temps, on a fait un plan de traitement, pour regarder ce qui \u00e9tait d\u00e9j\u00e0 en place, par rapport \u00e0 toute notre s\u00e9curit\u00e9. On a fait une \u00e9tude de vuln\u00e9rabilit\u00e9. Par rapport \u00e0 \u00e7a, on a vu ce qu&rsquo;il fallait mettre en place pour recevoir toutes les \u0153uvres et tout le public\u00a0\u00bb, explique le chef du service s\u00fbret\u00e9 au mus\u00e9e Granet.<\/p>\n","protected":false},"excerpt":{"rendered":"En \u00e9t\u00e9\u00a01961, pour une grande exposition Cezanne au Pavillon Vend\u00f4me, les tableaux du peintre avaient \u00e9t\u00e9 d\u00e9ball\u00e9s en&hellip;\n","protected":false},"author":2,"featured_media":185165,"comment_status":"","ping_status":"","sticky":false,"template":"","format":"standard","meta":{"footnotes":""},"categories":[1358],"tags":[17,32325,1348,1384,1385,251,1386,58,59,1011,27,32326,378,471,29533,3840],"class_list":{"0":"post-185164","1":"post","2":"type-post","3":"status-publish","4":"format-standard","5":"has-post-thumbnail","7":"category-arts-et-design","8":"tag-17","9":"tag-alerter","10":"tag-arts","11":"tag-arts-and-design","12":"tag-arts-et-design","13":"tag-culture","14":"tag-design","15":"tag-divertissement","16":"tag-entertainment","17":"tag-fr","18":"tag-france","19":"tag-lexpo","20":"tag-plus","21":"tag-pour","22":"tag-vite","23":"tag-voir"},"share_on_mastodon":{"url":"https:\/\/pubeurope.com\/@fr\/114702884773336808","error":""},"_links":{"self":[{"href":"https:\/\/www.europesays.com\/fr\/wp-json\/wp\/v2\/posts\/185164","targetHints":{"allow":["GET"]}}],"collection":[{"href":"https:\/\/www.europesays.com\/fr\/wp-json\/wp\/v2\/posts"}],"about":[{"href":"https:\/\/www.europesays.com\/fr\/wp-json\/wp\/v2\/types\/post"}],"author":[{"embeddable":true,"href":"https:\/\/www.europesays.com\/fr\/wp-json\/wp\/v2\/users\/2"}],"replies":[{"embeddable":true,"href":"https:\/\/www.europesays.com\/fr\/wp-json\/wp\/v2\/comments?post=185164"}],"version-history":[{"count":0,"href":"https:\/\/www.europesays.com\/fr\/wp-json\/wp\/v2\/posts\/185164\/revisions"}],"wp:featuredmedia":[{"embeddable":true,"href":"https:\/\/www.europesays.com\/fr\/wp-json\/wp\/v2\/media\/185165"}],"wp:attachment":[{"href":"https:\/\/www.europesays.com\/fr\/wp-json\/wp\/v2\/media?parent=185164"}],"wp:term":[{"taxonomy":"category","embeddable":true,"href":"https:\/\/www.europesays.com\/fr\/wp-json\/wp\/v2\/categories?post=185164"},{"taxonomy":"post_tag","embeddable":true,"href":"https:\/\/www.europesays.com\/fr\/wp-json\/wp\/v2\/tags?post=185164"}],"curies":[{"name":"wp","href":"https:\/\/api.w.org\/{rel}","templated":true}]}}