{"id":185168,"date":"2025-06-18T06:12:13","date_gmt":"2025-06-18T06:12:13","guid":{"rendered":"https:\/\/www.europesays.com\/fr\/185168\/"},"modified":"2025-06-18T06:12:13","modified_gmt":"2025-06-18T06:12:13","slug":"dans-koh-lanta-sur-tf1-la-course-dorientation-a-rendu-fou-jerome-des-landes","status":"publish","type":"post","link":"https:\/\/www.europesays.com\/fr\/185168\/","title":{"rendered":"Dans \u00ab\u00a0Koh-Lanta\u00a0\u00bb sur TF1, la course d\u2019orientation a rendu \u00ab\u00a0fou\u00a0\u00bb J\u00e9r\u00f4me des Landes"},"content":{"rendered":"<p>        <img decoding=\"async\" loading=\"lazy\" src=\"https:\/\/www.europesays.com\/fr\/wp-content\/uploads\/2025\/06\/c14b2f5_upload-1-azjw7ipfolkt-gtrdsqoaqaemdna.jfif.jpeg\"  width=\"728\" height=\"410\" alt=\"Dans \u00ab\u00a0Koh-Lanta\u00a0\u00bb sur TF1, la course d\u2019orientation a rendu \u00ab\u00a0fou\u00a0\u00bb J\u00e9r\u00f4me des Landes.\"\/>  <\/p>\n<p>capture d\u2019\u00e9cran X<\/p>\n<p>Dans \u00ab\u00a0Koh-Lanta\u00a0\u00bb sur TF1, la course d\u2019orientation a rendu \u00ab\u00a0fou\u00a0\u00bb J\u00e9r\u00f4me des Landes.<\/p>\n<p class=\"asset asset-text\">DIVERTISSEMENT &#8211; Compl\u00e8tement d\u00e9boussol\u00e9. La p\u00e9nulti\u00e8me \u00e9preuve de <a href=\"https:\/\/www.huffingtonpost.fr\/divertissement\/article\/koh-lanta-la-revanche-des-4-terres-christian-elimine-a-tout-change-dans-sa-vie-a-son-retour-en-france_247380.html\" target=\"_blank\" rel=\"noopener\">Koh-Lanta\u00a0: La Revanche des 4\u00a0terres<\/a>, l\u2019incontournable course d\u2019orientation, a mis \u00e0 rude \u00e9preuve certains aventuriers de l\u2019\u00e9mission de TF1, ce mardi 17\u00a0juin. Et J\u00e9r\u00f4me des Landes en particulier.<\/p>\n<p class=\"asset asset-text\">Claire, Ga\u00eblle, J\u00e9r\u00f4me des Landes, J\u00e9r\u00f4me le Catalan et Ma\u00ebl n\u2019avaient qu\u2019un seul et m\u00eame objectif\u00a0dans cet \u00e9pisode\u00a0: gagner, afin de remporter leur ticket pour <a href=\"https:\/\/www.huffingtonpost.fr\/divertissement\/article\/en-finale-de-koh-lanta-l-epreuve-des-poteaux-ne-ressemblait-pas-a-ca-il-y-a-22-ans_219173.html\" target=\"_blank\" rel=\"noopener\">les \u00ab\u00a0poteaux\u00a0\u00bb <\/a>la semaine prochaine.<\/p>\n<p class=\"asset asset-text\">Les cinq candidats devaient d\u2019abord trouver un rep\u00e8re naturel (la roche noire, la racine tortueuse ou la souche foudroy\u00e9e), leur permettant ensuite de d\u00e9couvrir une balise. Cette derni\u00e8re contenait une direction et un nombre de pas guidant vers un poignard. Une derni\u00e8re \u00e9tape qui permettait de d\u00e9crocher la victoire sur l\u2019\u00e9preuve.<\/p>\n<p class=\"asset asset-text\">Si J\u00e9r\u00f4me le Catalan a trouv\u00e9 le pr\u00e9cieux objet en seulement 50\u00a0minutes, son adversaire J\u00e9r\u00f4me des Landes a eu, lui, beaucoup moins de chance.<\/p>\n<p>                     \u00ab\u00a0J\u2019\u00e9tais en mode bagarre. Cette \u00e9preuve rend fou\u00a0!\u00a0\u00bb    <\/p>\n<p class=\"asset asset-text\">J\u00e9r\u00f4me des Landes, ancien militaire dans les Forces sp\u00e9ciales, \u00e9tait pourtant le favori de l\u2019\u00e9preuve. Il a d\u2019ailleurs rapidement d\u00e9couvert la balise. Mais alors qu\u2019il \u00e9tait tout proche de d\u00e9nicher le poignard, le candidat de 52\u00a0ans a offert une sc\u00e8ne insolite. Voyant que Ga\u00eblle cherchait dans le m\u00eame p\u00e9rim\u00e8tre que lui, l\u2019aventurier, boudeur, s\u2019est assis sur un rocher. \u00ab\u00a0Je ne bougerais pas tant que tu n\u2019as pas trouv\u00e9\u00a0\u00bb, a-t-il lanc\u00e9 \u00e0 sa concurrente.<\/p>\n<p class=\"asset asset-text\">\u00ab\u00a0Le fait que Ga\u00eblle soit dans la m\u00eame zone que moi, \u00e7a m\u2019a \u00e9galement d\u00e9stabilis\u00e9\u00a0\u00bb, a expliqu\u00e9 apr\u00e8s coup l\u2019ex-militaire, dans une interview au magazine <a href=\"https:\/\/www.programme-television.org\/news\/tv\/tele-realite\/koh-lanta-jerome-des-landes-la-course-d-orientation-rend-fou-4742266\" target=\"_blank\" rel=\"noopener\" title=\"Nouvelle fen\u00eatre\">T\u00e9l\u00e9 7 jours<\/a>. Et d\u2019ajouter\u00a0: \u00ab\u00a0avec la pression de la comp\u00e9tition, on veut juste gagner. J\u2019\u00e9tais en mode bagarre. Cette \u00e9preuve rend fou\u00a0!\u00a0\u00bb<\/p>\n<p class=\"asset asset-text\">Puis, J\u00e9r\u00f4me des Landes a tent\u00e9 un \u00e9norme coup de bluff, en faisant croire \u00e0 Ga\u00eblle qu\u2019il avait trouv\u00e9 le poignard. Il crie victoire, l\u2019aventuri\u00e8re prise au pi\u00e8ge s\u2019\u00e9croule par terre pensant avoir perdu.<\/p>\n<p class=\"asset asset-text\">Rus\u00e9e, elle finit par comprendre le subterfuge et r\u00e9ussit \u00e0 trouver le fameux poignard \u00e0 son tour. Une victoire qui signe l\u2019\u00e9limination de J\u00e9r\u00f4me des Landes et celle de Claire. Les candidats sur les poteaux, lors du prochain \u00e9pisode le 24\u00a0juin, seront donc\u00a0: Ga\u00eblle, J\u00e9r\u00f4me le Catalan\u00a0et\u00a0Ma\u00ebl.<\/p>\n","protected":false},"excerpt":{"rendered":"capture d\u2019\u00e9cran X Dans \u00ab\u00a0Koh-Lanta\u00a0\u00bb sur TF1, la course d\u2019orientation a rendu \u00ab\u00a0fou\u00a0\u00bb J\u00e9r\u00f4me des Landes. DIVERTISSEMENT &#8211;&hellip;\n","protected":false},"author":2,"featured_media":185169,"comment_status":"","ping_status":"","sticky":false,"template":"","format":"standard","meta":{"footnotes":""},"categories":[1356],"tags":[58,59,1011,27,680,252,199,1364],"class_list":{"0":"post-185168","1":"post","2":"type-post","3":"status-publish","4":"format-standard","5":"has-post-thumbnail","7":"category-television","8":"tag-divertissement","9":"tag-entertainment","10":"tag-fr","11":"tag-france","12":"tag-koh-lanta","13":"tag-television","14":"tag-tf1","15":"tag-tv"},"share_on_mastodon":{"url":"https:\/\/pubeurope.com\/@fr\/114702892649637467","error":""},"_links":{"self":[{"href":"https:\/\/www.europesays.com\/fr\/wp-json\/wp\/v2\/posts\/185168","targetHints":{"allow":["GET"]}}],"collection":[{"href":"https:\/\/www.europesays.com\/fr\/wp-json\/wp\/v2\/posts"}],"about":[{"href":"https:\/\/www.europesays.com\/fr\/wp-json\/wp\/v2\/types\/post"}],"author":[{"embeddable":true,"href":"https:\/\/www.europesays.com\/fr\/wp-json\/wp\/v2\/users\/2"}],"replies":[{"embeddable":true,"href":"https:\/\/www.europesays.com\/fr\/wp-json\/wp\/v2\/comments?post=185168"}],"version-history":[{"count":0,"href":"https:\/\/www.europesays.com\/fr\/wp-json\/wp\/v2\/posts\/185168\/revisions"}],"wp:featuredmedia":[{"embeddable":true,"href":"https:\/\/www.europesays.com\/fr\/wp-json\/wp\/v2\/media\/185169"}],"wp:attachment":[{"href":"https:\/\/www.europesays.com\/fr\/wp-json\/wp\/v2\/media?parent=185168"}],"wp:term":[{"taxonomy":"category","embeddable":true,"href":"https:\/\/www.europesays.com\/fr\/wp-json\/wp\/v2\/categories?post=185168"},{"taxonomy":"post_tag","embeddable":true,"href":"https:\/\/www.europesays.com\/fr\/wp-json\/wp\/v2\/tags?post=185168"}],"curies":[{"name":"wp","href":"https:\/\/api.w.org\/{rel}","templated":true}]}}