{"id":185188,"date":"2025-06-18T06:22:12","date_gmt":"2025-06-18T06:22:12","guid":{"rendered":"https:\/\/www.europesays.com\/fr\/185188\/"},"modified":"2025-06-18T06:22:12","modified_gmt":"2025-06-18T06:22:12","slug":"ca-ne-memeut-pas-macron-repond-aux-critiques-de-trump-a-son-encontre","status":"publish","type":"post","link":"https:\/\/www.europesays.com\/fr\/185188\/","title":{"rendered":"\u00ab\u00a0\u00c7a ne m\u2019\u00e9meut pas\u00a0\u00bb\u2026 Macron r\u00e9pond aux critiques de Trump \u00e0 son encontre"},"content":{"rendered":"<p> \u00ab\u00c7a ne m\u2019\u00e9meut pas.\u00a0\u00bb <a href=\"https:\/\/www.20minutes.fr\/politique\/emmanuel-macron\/\" target=\"_blank\" class=\"color-ultramarine c-link\" rel=\"noopener\">Emmanuel Macron<\/a> a calmement balay\u00e9 les violentes critiques de <a href=\"https:\/\/www.20minutes.fr\/dossier\/donald_trump\" class=\"color-ultramarine c-link\" target=\"_blank\" rel=\"noopener\">Donald Trump<\/a>, survenues apr\u00e8s une d\u00e9claration du pr\u00e9sident fran\u00e7ais au sommet du <a href=\"https:\/\/www.20minutes.fr\/economie\/g7\/\" target=\"_blank\" class=\"color-ultramarine c-link\" rel=\"noopener\">G7<\/a> au Canada sur une possible m\u00e9diation am\u00e9ricaine entre Isra\u00ebl et l\u2019Iran. Qualifiant l\u2019incident de simple \u00ab\u00a0p\u00e9rip\u00e9tie\u00a0\u00bb, Emmanuel Macron a affirm\u00e9 mardi qu\u2019il en verrait \u00ab\u00a0d\u2019autres\u00a0\u00bb et qu\u2019il ne s\u2019en \u00e9mouvait pas \u00ab\u00a0parce qu\u2019[il] conna\u00eet\u00a0\u00bb son interlocuteur.<\/p>\n<p>Quelques heures plus t\u00f4t, <a href=\"https:\/\/www.20minutes.fr\/monde\/israel\/4158874-20250617-israel-iran-emmanuel-comprend-jamais-rien-trump-accuse-macron-vouloir-faire-publicite\" target=\"_blank\" class=\"color-ultramarine c-link\" rel=\"noopener\">Donald Trump avait r\u00e9agi avec fureur aux propos d\u2019Emmanuel Macron<\/a>, qui avait \u00e9voqu\u00e9 \u00ab\u00a0une offre de rencontre et d\u2019\u00e9changes\u00a0\u00bb, ainsi que \u00ab\u00a0l\u2019enclenchement de discussions plus larges\u00a0\u00bb autour d\u2019un cessez-le-feu entre <a href=\"https:\/\/www.20minutes.fr\/monde\/israel\/\" target=\"_blank\" class=\"color-ultramarine c-link\" rel=\"noopener\">Isra\u00ebl<\/a> et l\u2019<a href=\"https:\/\/www.20minutes.fr\/monde\/iran\/\" target=\"_blank\" class=\"color-ultramarine c-link\" rel=\"noopener\">Iran<\/a>. Depuis Truth Social, le pr\u00e9sident am\u00e9ricain a d\u00e9nonc\u00e9 une prise de parole intempestive\u00a0: \u00ab\u00a0Volontairement ou pas, Emmanuel ne comprend jamais rien\u00a0\u00bb, a-t-il fustig\u00e9, l\u2019accusant d\u2019avoir voulu \u00ab\u00a0se faire de la publicit\u00e9\u00a0\u00bb.<\/p>\n<\/p>\n<p>Des rapports conflictuels depuis\u00a02017<\/p>\n<p>Donald Trump a insist\u00e9\u00a0: \u00ab\u00a0Cela n\u2019a certainement rien \u00e0 voir avec un cessez-le-feu. C\u2019est beaucoup plus gros que \u00e7a\u00a0\u00bb, laissant entendre que les efforts <a href=\"https:\/\/www.20minutes.fr\/dossier\/diplomatie\" target=\"_blank\" class=\"color-ultramarine c-link\" rel=\"noopener\">diplomatiques<\/a> en cours \u00e9taient d\u2019une ampleur bien sup\u00e9rieure \u00e0 ce que laissait entendre Paris. Visiblement exasp\u00e9r\u00e9, il a m\u00eame quitt\u00e9 le sommet de Kananaskis un jour plus t\u00f4t que pr\u00e9vu.<\/p>\n<p><a href=\"https:\/\/www.20minutes.fr\/economie\/g7\/\" target=\"_blank\" class=\"c-link c-btn c-btn--primary\" rel=\"noopener\">Notre dossier sur le G7<\/a><\/p>\n<p>Cette nouvelle controverse s\u2019inscrit dans un passif d\u00e9j\u00e0 charg\u00e9 entre les deux dirigeants. En\u00a02017, leurs d\u00e9buts conjoints sur la sc\u00e8ne internationale avaient \u00e9t\u00e9 marqu\u00e9s par une entente atypique, entre rapports de force et gestes diplomatiques ostentatoires. Pourtant, les tensions n\u2019ont jamais \u00e9t\u00e9 bien loin. En\u00a02019, Donald Trump avait d\u00e9j\u00e0 violemment critiqu\u00e9 Macron, l\u2019accusant de \u00ab\u00a0stupidit\u00e9\u00a0\u00bb apr\u00e8s une prise de position fran\u00e7aise sur la taxation des g\u00e9ants du num\u00e9rique et, d\u00e9j\u00e0, sur la question iranienne.<\/p>\n","protected":false},"excerpt":{"rendered":"\u00ab\u00c7a ne m\u2019\u00e9meut pas.\u00a0\u00bb Emmanuel Macron a calmement balay\u00e9 les violentes critiques de Donald Trump, survenues apr\u00e8s une&hellip;\n","protected":false},"author":2,"featured_media":185189,"comment_status":"","ping_status":"","sticky":false,"template":"","format":"standard","meta":{"footnotes":""},"categories":[2],"tags":[47,11,75,1073,73,1011,27,23564,3019,664,74,12,4919],"class_list":{"0":"post-185188","1":"post","2":"type-post","3":"status-publish","4":"format-standard","5":"has-post-thumbnail","7":"category-actualites","8":"tag-actualite","9":"tag-actualites","10":"tag-donald-trump","11":"tag-emmanuel-macron","12":"tag-etats-unis","13":"tag-fr","14":"tag-france","15":"tag-g7","16":"tag-iran","17":"tag-israel","18":"tag-monde","19":"tag-news","20":"tag-president"},"share_on_mastodon":{"url":"https:\/\/pubeurope.com\/@fr\/114702932020543688","error":""},"_links":{"self":[{"href":"https:\/\/www.europesays.com\/fr\/wp-json\/wp\/v2\/posts\/185188","targetHints":{"allow":["GET"]}}],"collection":[{"href":"https:\/\/www.europesays.com\/fr\/wp-json\/wp\/v2\/posts"}],"about":[{"href":"https:\/\/www.europesays.com\/fr\/wp-json\/wp\/v2\/types\/post"}],"author":[{"embeddable":true,"href":"https:\/\/www.europesays.com\/fr\/wp-json\/wp\/v2\/users\/2"}],"replies":[{"embeddable":true,"href":"https:\/\/www.europesays.com\/fr\/wp-json\/wp\/v2\/comments?post=185188"}],"version-history":[{"count":0,"href":"https:\/\/www.europesays.com\/fr\/wp-json\/wp\/v2\/posts\/185188\/revisions"}],"wp:featuredmedia":[{"embeddable":true,"href":"https:\/\/www.europesays.com\/fr\/wp-json\/wp\/v2\/media\/185189"}],"wp:attachment":[{"href":"https:\/\/www.europesays.com\/fr\/wp-json\/wp\/v2\/media?parent=185188"}],"wp:term":[{"taxonomy":"category","embeddable":true,"href":"https:\/\/www.europesays.com\/fr\/wp-json\/wp\/v2\/categories?post=185188"},{"taxonomy":"post_tag","embeddable":true,"href":"https:\/\/www.europesays.com\/fr\/wp-json\/wp\/v2\/tags?post=185188"}],"curies":[{"name":"wp","href":"https:\/\/api.w.org\/{rel}","templated":true}]}}