{"id":185190,"date":"2025-06-18T06:23:12","date_gmt":"2025-06-18T06:23:12","guid":{"rendered":"https:\/\/www.europesays.com\/fr\/185190\/"},"modified":"2025-06-18T06:23:12","modified_gmt":"2025-06-18T06:23:12","slug":"t2s-leader-francais-des-vetements-de-securite-investit-11-millions-deuros-pour-sagrandir","status":"publish","type":"post","link":"https:\/\/www.europesays.com\/fr\/185190\/","title":{"rendered":"T2S, leader fran\u00e7ais des v\u00eatements de s\u00e9curit\u00e9, investit 11 millions d&rsquo;euros pour s&rsquo;agrandir"},"content":{"rendered":"<p>\u00ab\u00a0On est encore pour l\u2019instant une PME, mais qui est en train de muer progressivement vers une ETI (1). Il y a deux ans, on \u00e9tait 150 salari\u00e9s. Aujourd\u2019hui, on est 162. Et l\u2019ambition est d\u2019\u00eatre 190 \u00e0 l\u2019horizon 2030\u00a0\u00bb, confie Jean-Fran\u00e7ois Lyonnet, directeur g\u00e9n\u00e9ral de T2S.<\/p>\n<p>12\u00a0000 v\u00eatements vendus chaque jour<\/p>\n<p>T2S, c\u2019est une entreprise qui f\u00eate ses 50 ans cette ann\u00e9e et qui est install\u00e9e dans la zone industrielle de la Vaure, \u00e0 Sorbiers, depuis 1990. En un demi-si\u00e8cle, ce qui n\u2019\u00e9tait au d\u00e9part qu\u2019un d\u00e9partement de la rubanerie Thiollier est devenu <a href=\"https:\/\/www.leprogres.fr\/economie\/2024\/03\/04\/comment-t2s-est-devenu-le-leader-francais-des-vetements-de-securite\" target=\"_blank\" rel=\"nofollow noopener\">le leader fran\u00e7ais sur le march\u00e9 des EPI<\/a> (\u00e9quipements de protection individuelle) haute visibilit\u00e9.<\/p>\n<p>Les EPI, ce sont les fameux gilets jaunes, mais aussi des v\u00eatements de travail de tous types (parkas, blousons, polos, pantalons, softshell\u2026), pour&#8230;<\/p>\n","protected":false},"excerpt":{"rendered":"\u00ab\u00a0On est encore pour l\u2019instant une PME, mais qui est en train de muer progressivement vers une ETI&hellip;\n","protected":false},"author":2,"featured_media":185191,"comment_status":"","ping_status":"","sticky":false,"template":"","format":"standard","meta":{"footnotes":""},"categories":[9653],"tags":[1111,11,2430,4406,33,7539,1777,674,1011,27,3367,12,25,4001,9664,17204,216],"class_list":{"0":"post-185190","1":"post","2":"type-post","3":"status-publish","4":"format-standard","5":"has-post-thumbnail","7":"category-saint-etienne","8":"tag-actu","9":"tag-actualites","10":"tag-auvergne-rhone-alpes","11":"tag-commerce-et-services","12":"tag-economie","13":"tag-edition-loire-sud","14":"tag-eu","15":"tag-europe","16":"tag-fr","17":"tag-france","18":"tag-loire","19":"tag-news","20":"tag-republique-francaise","21":"tag-saint-etienne","22":"tag-saint-etienne-bassin","23":"tag-sorbiers","24":"tag-vie-des-entreprises"},"share_on_mastodon":{"url":"https:\/\/pubeurope.com\/@fr\/114702935889120588","error":""},"_links":{"self":[{"href":"https:\/\/www.europesays.com\/fr\/wp-json\/wp\/v2\/posts\/185190","targetHints":{"allow":["GET"]}}],"collection":[{"href":"https:\/\/www.europesays.com\/fr\/wp-json\/wp\/v2\/posts"}],"about":[{"href":"https:\/\/www.europesays.com\/fr\/wp-json\/wp\/v2\/types\/post"}],"author":[{"embeddable":true,"href":"https:\/\/www.europesays.com\/fr\/wp-json\/wp\/v2\/users\/2"}],"replies":[{"embeddable":true,"href":"https:\/\/www.europesays.com\/fr\/wp-json\/wp\/v2\/comments?post=185190"}],"version-history":[{"count":0,"href":"https:\/\/www.europesays.com\/fr\/wp-json\/wp\/v2\/posts\/185190\/revisions"}],"wp:featuredmedia":[{"embeddable":true,"href":"https:\/\/www.europesays.com\/fr\/wp-json\/wp\/v2\/media\/185191"}],"wp:attachment":[{"href":"https:\/\/www.europesays.com\/fr\/wp-json\/wp\/v2\/media?parent=185190"}],"wp:term":[{"taxonomy":"category","embeddable":true,"href":"https:\/\/www.europesays.com\/fr\/wp-json\/wp\/v2\/categories?post=185190"},{"taxonomy":"post_tag","embeddable":true,"href":"https:\/\/www.europesays.com\/fr\/wp-json\/wp\/v2\/tags?post=185190"}],"curies":[{"name":"wp","href":"https:\/\/api.w.org\/{rel}","templated":true}]}}