{"id":185194,"date":"2025-06-18T06:25:20","date_gmt":"2025-06-18T06:25:20","guid":{"rendered":"https:\/\/www.europesays.com\/fr\/185194\/"},"modified":"2025-06-18T06:25:20","modified_gmt":"2025-06-18T06:25:20","slug":"une-piece-sur-les-addictions-numeriques-a-la-mjc-lillebonne-2","status":"publish","type":"post","link":"https:\/\/www.europesays.com\/fr\/185194\/","title":{"rendered":"Une pi\u00e8ce sur les addictions num\u00e9riques \u00e0 la MJC Lillebonne"},"content":{"rendered":"<p>Au centre du r\u00e9seau,  com\u00e9die absurde\u00a0? Huit personnages bloqu\u00e9s par l\u2019attente. Dans le vide qui s\u2019installe, on joue des r\u00f4les, on se cherche, on d\u00e9veloppe des obsessions, on s\u2019agace. Qu\u2019attendent-ils\u00a0? Du r\u00e9seau\u00a0? La tension monte. Le labyrinthe peut conduire au centre de soi-m\u00eame. Il s\u2019agit de la derni\u00e8re cr\u00e9ation de Jacques Rimbert, elle fait \u00e9cho, en les poussant \u00e0 l\u2019absurde, \u00e0 nos addictions num\u00e9riques.<\/p>\n<p class=\"note\">Repr\u00e9sentations\u00a0: jeudi 19\u00a0juin, vendredi 20\u00a0juin \u00e0 20\u00a0h\u00a030. Samedi 21\u00a0juin et dimanche 22\u00a0juin \u00e0 18\u00a0h. Th\u00e9\u00e2tre d\u2019essai \u00e0 la MJC Lillebonne. Entr\u00e9e au chapeau. R\u00e9servations\u00a0: t\u00e9l.\u00a003\u00a083\u00a036\u00a082\u00a082.<\/p>\n","protected":false},"excerpt":{"rendered":"Au centre du r\u00e9seau, com\u00e9die absurde\u00a0? Huit personnages bloqu\u00e9s par l\u2019attente. Dans le vide qui s\u2019installe, on joue&hellip;\n","protected":false},"author":2,"featured_media":184509,"comment_status":"","ping_status":"","sticky":false,"template":"","format":"standard","meta":{"footnotes":""},"categories":[9635],"tags":[1111,11,1687,1704,1777,674,1011,27,775,1702,1703,12,25,3140],"class_list":{"0":"post-185194","1":"post","2":"type-post","3":"status-publish","4":"format-standard","5":"has-post-thumbnail","7":"category-nancy","8":"tag-actu","9":"tag-actualites","10":"tag-culture-loisirs","11":"tag-edition-nancy-et-agglomeration","12":"tag-eu","13":"tag-europe","14":"tag-fr","15":"tag-france","16":"tag-grand-est","17":"tag-nancy","18":"tag-nancy-ville-54b","19":"tag-news","20":"tag-republique-francaise","21":"tag-spectacle"},"share_on_mastodon":{"url":"https:\/\/pubeurope.com\/@fr\/114702943754213553","error":""},"_links":{"self":[{"href":"https:\/\/www.europesays.com\/fr\/wp-json\/wp\/v2\/posts\/185194","targetHints":{"allow":["GET"]}}],"collection":[{"href":"https:\/\/www.europesays.com\/fr\/wp-json\/wp\/v2\/posts"}],"about":[{"href":"https:\/\/www.europesays.com\/fr\/wp-json\/wp\/v2\/types\/post"}],"author":[{"embeddable":true,"href":"https:\/\/www.europesays.com\/fr\/wp-json\/wp\/v2\/users\/2"}],"replies":[{"embeddable":true,"href":"https:\/\/www.europesays.com\/fr\/wp-json\/wp\/v2\/comments?post=185194"}],"version-history":[{"count":0,"href":"https:\/\/www.europesays.com\/fr\/wp-json\/wp\/v2\/posts\/185194\/revisions"}],"wp:featuredmedia":[{"embeddable":true,"href":"https:\/\/www.europesays.com\/fr\/wp-json\/wp\/v2\/media\/184509"}],"wp:attachment":[{"href":"https:\/\/www.europesays.com\/fr\/wp-json\/wp\/v2\/media?parent=185194"}],"wp:term":[{"taxonomy":"category","embeddable":true,"href":"https:\/\/www.europesays.com\/fr\/wp-json\/wp\/v2\/categories?post=185194"},{"taxonomy":"post_tag","embeddable":true,"href":"https:\/\/www.europesays.com\/fr\/wp-json\/wp\/v2\/tags?post=185194"}],"curies":[{"name":"wp","href":"https:\/\/api.w.org\/{rel}","templated":true}]}}