{"id":185195,"date":"2025-06-18T06:26:12","date_gmt":"2025-06-18T06:26:12","guid":{"rendered":"https:\/\/www.europesays.com\/fr\/185195\/"},"modified":"2025-06-18T06:26:12","modified_gmt":"2025-06-18T06:26:12","slug":"las-nancy-lorraine-reagit-apres-les-sanctions","status":"publish","type":"post","link":"https:\/\/www.europesays.com\/fr\/185195\/","title":{"rendered":"L&rsquo;AS Nancy Lorraine r\u00e9agit apr\u00e8s les sanctions"},"content":{"rendered":"<p><img loading=\"lazy\" decoding=\"async\" width=\"696\" height=\"464\" class=\"lazyload entry-thumb\" src=\"https:\/\/www.europesays.com\/fr\/wp-content\/uploads\/2025\/04\/AS-Nancy-Lorraine-696x464.jpg\" alt=\"AS-Nancy-Lorraine\" title=\"AS-Nancy-Lorraine\"\/><\/p>\n<p style=\"font-size:20px\"><strong>Apr\u00e8s avoir \u00e9t\u00e9 sanctionn\u00e9e de plusieurs matchs \u00e0 huis-clos, l\u2019AS Nancy Lorraine a annonc\u00e9, dans un communiqu\u00e9, faire appel de la d\u00e9cision de la commission de discipline.<\/strong><\/p>\n<p>Condamn\u00e9, pour le moment, \u00e0 quatre matchs \u00e0 huis-clos, le promu en Ligue 2 a r\u00e9agi. \u00ab\u00a0\u00ab\u00a0Le club a \u00e9videmment d\u00e9cid\u00e9 de faire appel de ces d\u00e9cisions lourdes et p\u00e9nalisantes, qui touchent l\u2019ensemble de ses composantes\u00a0: joueurs, staff, partenaires et supporters\u00a0\u00bb\u00a0indique la direction dans le communiqu\u00e9 publi\u00e9 ce mardi 17 juin sur son site internet.<\/p>\n<p>\u00ab\u00a0Ces incidents p\u00e9nalisent lourdement le club, ses joueurs, ainsi que l\u2019ensemble du public fid\u00e8le qui nous accompagne. Plus que jamais, nous avons besoin du soutien de chacun, dans un cadre respectueux des r\u00e8gles en vigueur.\u00a0\u00bb<\/p>\n<p>Nancy risque deux matchs suppl\u00e9mentaires\u00a0\u00e0 cause des incidents qui ont \u00e9maill\u00e9 la venue de Sochaux.<\/p>\n<p><a href=\"https:\/\/footamateur.ouest-france.fr\/author\/fred\/\" class=\"url\" title=\"Fr\u00e9d\u00e9ric Sougey\" target=\"_blank\" rel=\"noopener\"> <img decoding=\"async\" src=\"https:\/\/www.europesays.com\/fr\/wp-content\/uploads\/2025\/04\/gnlpcfya_400x400.jpg\" class=\"lazyload photo\" width=\"250\" alt=\"Fr\u00e9d\u00e9ric Sougey\"\/><\/a><\/p>\n<p>Journaliste chez Sports M\u00e9dia<\/p>\n<p>Elev\u00e9 au c\u0153ur des Alpes, Fred quitte (temporairement) son Grenoble ador\u00e9 pour pr\u00eater sa plume et son regard au monde amateur et plus particuli\u00e8rement au Championnat National dont il est un assidu observateur. Fan de tartiflette, de Karim Mokeddem et de Mulholland Drive. Les bonnes choses de la vie, en somme.<\/p>\n<p><a href=\"https:\/\/footamateur.ouest-france.fr\/author\/fred\/\" class=\"url\" title=\"Fr\u00e9d\u00e9ric Sougey\" target=\"_blank\" rel=\"noopener\"><img decoding=\"async\" src=\"https:\/\/www.europesays.com\/fr\/wp-content\/uploads\/2025\/04\/gnlpcfya_400x400.jpg\" class=\"lazyload photo\" width=\"250\" alt=\"Fr\u00e9d\u00e9ric Sougey\"\/><\/a>Les derniers articles par Fr\u00e9d\u00e9ric Sougey (<a href=\"https:\/\/footamateur.ouest-france.fr\/author\/fred\/\" target=\"_blank\" rel=\"noopener\">tout voir<\/a>)<\/p>\n","protected":false},"excerpt":{"rendered":"Apr\u00e8s avoir \u00e9t\u00e9 sanctionn\u00e9e de plusieurs matchs \u00e0 huis-clos, l\u2019AS Nancy Lorraine a annonc\u00e9, dans un communiqu\u00e9, faire&hellip;\n","protected":false},"author":2,"featured_media":64744,"comment_status":"","ping_status":"","sticky":false,"template":"","format":"standard","meta":{"footnotes":""},"categories":[9635],"tags":[1111,11,11348,1777,674,1011,27,775,1702,12,25],"class_list":{"0":"post-185195","1":"post","2":"type-post","3":"status-publish","4":"format-standard","5":"has-post-thumbnail","7":"category-nancy","8":"tag-actu","9":"tag-actualites","10":"tag-as-nancy-lorraine","11":"tag-eu","12":"tag-europe","13":"tag-fr","14":"tag-france","15":"tag-grand-est","16":"tag-nancy","17":"tag-news","18":"tag-republique-francaise"},"share_on_mastodon":{"url":"https:\/\/pubeurope.com\/@fr\/114702947996177977","error":""},"_links":{"self":[{"href":"https:\/\/www.europesays.com\/fr\/wp-json\/wp\/v2\/posts\/185195","targetHints":{"allow":["GET"]}}],"collection":[{"href":"https:\/\/www.europesays.com\/fr\/wp-json\/wp\/v2\/posts"}],"about":[{"href":"https:\/\/www.europesays.com\/fr\/wp-json\/wp\/v2\/types\/post"}],"author":[{"embeddable":true,"href":"https:\/\/www.europesays.com\/fr\/wp-json\/wp\/v2\/users\/2"}],"replies":[{"embeddable":true,"href":"https:\/\/www.europesays.com\/fr\/wp-json\/wp\/v2\/comments?post=185195"}],"version-history":[{"count":0,"href":"https:\/\/www.europesays.com\/fr\/wp-json\/wp\/v2\/posts\/185195\/revisions"}],"wp:featuredmedia":[{"embeddable":true,"href":"https:\/\/www.europesays.com\/fr\/wp-json\/wp\/v2\/media\/64744"}],"wp:attachment":[{"href":"https:\/\/www.europesays.com\/fr\/wp-json\/wp\/v2\/media?parent=185195"}],"wp:term":[{"taxonomy":"category","embeddable":true,"href":"https:\/\/www.europesays.com\/fr\/wp-json\/wp\/v2\/categories?post=185195"},{"taxonomy":"post_tag","embeddable":true,"href":"https:\/\/www.europesays.com\/fr\/wp-json\/wp\/v2\/tags?post=185195"}],"curies":[{"name":"wp","href":"https:\/\/api.w.org\/{rel}","templated":true}]}}